{"id":99553,"date":"2023-07-26T09:18:15","date_gmt":"2023-07-26T12:18:15","guid":{"rendered":"https:\/\/www.cordobatimes.com\/showup\/?p=99553"},"modified":"2023-07-26T09:18:15","modified_gmt":"2023-07-26T12:18:15","slug":"angel-de-brito-incorporo-una-nueva-regla-en-lam","status":"publish","type":"post","link":"https:\/\/www.cordobatimes.com\/showup\/tv\/2023\/07\/26\/angel-de-brito-incorporo-una-nueva-regla-en-lam\/","title":{"rendered":"\u00c1ngel de Brito incorpor\u00f3 una nueva regla en LAM"},"content":{"rendered":"<h3><strong>El conductor cont\u00f3 que pronto se vendr\u00e1n nuevas reglas para mantener el orden en el programa.<\/strong><\/h3>\n<p>LAM\u00a0 lleva casi diez a\u00f1os al aire, pero en muy pocas veces cambi\u00f3 su metodolog\u00eda. Por esta raz\u00f3n, \u00c1ngel de Brito\u00a0anunci\u00f3 que se avecinan nuevas reglas para el programa. La decisi\u00f3n dej\u00f3 at\u00f3nitas, y un poco asustadas, a las angelitas.<\/p>\n<p>El ciclo sufri\u00f3 varias alteraciones a lo largo de su historia, lo primero que hay que recordar es que se mudaron de canal. Luego de estar en El Trece ocupando la franja de la ma\u00f1ana, tuvieron que irse a Am\u00e9rica por diferencias creativas con los altos mandos de su ex canal.<\/p>\n<p>Adem\u00e1s de eso, tambi\u00e9n hay que tener en cuenta las\u00a0miles de angelitas que pasaron\u00a0por los estudios de ambos canales. La \u00fanica que est\u00e1 presente de la primera edici\u00f3n es\u00a0<strong>Yanina Latorre<\/strong>. Las dem\u00e1s fueron rotando y al d\u00eda de hoy, es incierto el futuro de dos de las seis sillas del panel.<\/p>\n<p>Sin embargo, el conductor habl\u00f3 con la producci\u00f3n e implementar\u00e1n un nuevo m\u00e9todo, el cual\u00a0no significar\u00e1 un gran cambio, pero si mantendr\u00e1 la frescura que caracteriza al ciclo. Dicha variaci\u00f3n no tiene fecha, pero se cree que se usar\u00e1 pronto.<\/p>\n<h3 class=\"wp-block-heading\"><strong>QU\u00c9 CAMBIAR\u00c1 EN LAM<\/strong><\/h3>\n<p><em>\u00abMarixa (Balli) est\u00e1 fascinada con este aparatito que tengo ac\u00e1. Este aparatito, no lo voy a revolear, pero es para callarlas. Cada vez que las quiera callar y est\u00e9n gritando, va a sonar un timbre y se van a callar\u00bb<\/em>, comenz\u00f3 su explicaci\u00f3n\u00a0<strong>\u00c1ngel de Brito<\/strong>.<\/p>\n<p>Para despejar las dudas,\u00a0<strong>Marcela Feudale<\/strong>\u00a0pregunt\u00f3:\u00a0<em>\u00ab\u00bfY si la participante sigue hablando?\u00bb<\/em>. A lo que el presentador respondi\u00f3:\u00a0<em>\u00abNo empieces a buscar quilombo. Te ten\u00e9s que callar porque te corto el micr\u00f3fono. Yo apreto ac\u00e1 y se te corta el micr\u00f3fono. Ah\u00ed qued\u00e1s muda y no pod\u00e9s hablar m\u00e1s\u00bb<\/em>.<\/p>\n<div style=\"width: 480px;\" class=\"wp-video\"><video class=\"wp-video-shortcode\" id=\"video-99553-1\" width=\"480\" height=\"270\" preload=\"metadata\" controls=\"controls\"><source type=\"video\/mp4\" src=\"https:\/\/www.cordobatimes.com\/showup\/wp-content\/uploads\/2023\/07\/wK5JhtgI-33433958.mp4?_=1\" \/><a href=\"https:\/\/www.cordobatimes.com\/showup\/wp-content\/uploads\/2023\/07\/wK5JhtgI-33433958.mp4\">https:\/\/www.cordobatimes.com\/showup\/wp-content\/uploads\/2023\/07\/wK5JhtgI-33433958.mp4<\/a><\/video><\/div>\n","protected":false},"excerpt":{"rendered":"<p>El conductor cont\u00f3 que pronto se vendr\u00e1n nuevas reglas para mantener el orden en el programa. LAM\u00a0 lleva casi diez a\u00f1os al aire, pero en muy pocas veces cambi\u00f3 su metodolog\u00eda. Por esta raz\u00f3n, \u00c1ngel de Brito\u00a0anunci\u00f3 que se avecinan nuevas reglas para el programa. La decisi\u00f3n dej\u00f3 at\u00f3nitas, y un poco asustadas, a las [&hellip;]<\/p>\n","protected":false},"author":1,"featured_media":99554,"comment_status":"closed","ping_status":"closed","sticky":false,"template":"","format":"standard","meta":{"_seopress_robots_primary_cat":"","_seopress_titles_title":"","_seopress_titles_desc":"","_seopress_robots_index":"","footnotes":""},"categories":[2],"tags":[37818,37820,37819],"class_list":{"0":"post-99553","1":"post","2":"type-post","3":"status-publish","4":"format-standard","5":"has-post-thumbnail","7":"category-tv","8":"tag-angel-de-brito-lam","9":"tag-cambios-en-lam","10":"tag-reglas-de-lam"},"_links":{"self":[{"href":"https:\/\/www.cordobatimes.com\/showup\/wp-json\/wp\/v2\/posts\/99553","targetHints":{"allow":["GET"]}}],"collection":[{"href":"https:\/\/www.cordobatimes.com\/showup\/wp-json\/wp\/v2\/posts"}],"about":[{"href":"https:\/\/www.cordobatimes.com\/showup\/wp-json\/wp\/v2\/types\/post"}],"author":[{"embeddable":true,"href":"https:\/\/www.cordobatimes.com\/showup\/wp-json\/wp\/v2\/users\/1"}],"replies":[{"embeddable":true,"href":"https:\/\/www.cordobatimes.com\/showup\/wp-json\/wp\/v2\/comments?post=99553"}],"version-history":[{"count":0,"href":"https:\/\/www.cordobatimes.com\/showup\/wp-json\/wp\/v2\/posts\/99553\/revisions"}],"wp:featuredmedia":[{"embeddable":true,"href":"https:\/\/www.cordobatimes.com\/showup\/wp-json\/wp\/v2\/media\/99554"}],"wp:attachment":[{"href":"https:\/\/www.cordobatimes.com\/showup\/wp-json\/wp\/v2\/media?parent=99553"}],"wp:term":[{"taxonomy":"category","embeddable":true,"href":"https:\/\/www.cordobatimes.com\/showup\/wp-json\/wp\/v2\/categories?post=99553"},{"taxonomy":"post_tag","embeddable":true,"href":"https:\/\/www.cordobatimes.com\/showup\/wp-json\/wp\/v2\/tags?post=99553"}],"curies":[{"name":"wp","href":"https:\/\/api.w.org\/{rel}","templated":true}]}}