{"id":99539,"date":"2023-07-25T21:08:41","date_gmt":"2023-07-26T00:08:41","guid":{"rendered":"https:\/\/www.cordobatimes.com\/showup\/?p=99539"},"modified":"2023-07-25T21:08:41","modified_gmt":"2023-07-26T00:08:41","slug":"videos-que-flor-moyano-presento-en-su-denuncia-de-abuso-contra-juan-martino","status":"publish","type":"post","link":"https:\/\/www.cordobatimes.com\/showup\/famosos\/2023\/07\/25\/videos-que-flor-moyano-presento-en-su-denuncia-de-abuso-contra-juan-martino\/","title":{"rendered":"Videos que Flor Moyano present\u00f3 en su denuncia de abuso contra Juan Martino"},"content":{"rendered":"<h3><strong>La modelo e influencer acus\u00f3 al actor por hechos sucedidos durante la grabaci\u00f3n del El Hotel de los Famosos\u00a0 del que ambos formaron parte a fines de 2022.<\/strong><\/h3>\n<p>En el mes de febrero de este a\u00f1o y despu\u00e9s de haber terminado su participaci\u00f3n en\u00a0El Hotel de los Famosos 2,\u00a0Flor Moyano\u00a0denunci\u00f3 en la Justicia\u00a0a\u00a0Juan Martino\u00a0por abuso sexual con acceso carnal dentro del ciclo de\u00a0ElTrece. Y, en compa\u00f1\u00eda de su abogado, el doctor\u00a0Roberto Castillo, ratific\u00f3 su pedido en la\u00a0UFI N\u00ba2 de Ca\u00f1uelas donde se dio comienzo a la investigaci\u00f3n. Lo cierto es que este martes, en\u00a0DDM, se mostraron los videos del reality que la modelo e influencer present\u00f3 como prueba en su acusaci\u00f3n contra el actor.<\/p>\n<p>En el primero, que tiene lugar en el vestidor y se vio al aire en el programa, se escucha el siguiente di\u00e1logo:<\/p>\n<p>J.M: \u00bfQu\u00e9 hiciste vos desde que llegamos ac\u00e1? Me mir\u00e1s fijo, me das un beso, ven\u00eds me hac\u00e9s (gesto de abrazo). \u00bfQu\u00e9 hiciste?<\/p>\n<p>Acto seguido, se la ve a la modelo e influencer en una reposera frente a la pileta, cuando \u00e9l se acerca y se recuesta sobre ella que le dice \u201cno\u201d mientras le sonr\u00ede.<\/p>\n<p>F.M: Eso es maldad&#8230;<\/p>\n<p>J.M: Pero lo necesitabas. \u00bfDecime si no est\u00e1s mejor? Decime la verdad&#8230;<\/p>\n<p>Luego contin\u00faa la escena del vestidor:<\/p>\n<p>F.M: Si cada vez que entr\u00e1s al ba\u00f1o me quer\u00e9s incitar a&#8230;\u00bfc\u00f3mo quer\u00e9s que conf\u00ede?<\/p>\n<p>J.M: Ah bueno, que yo te quiera incitar a&#8230;Eso no quiere decir que yo te haya dado a vos mi palabra de que no lo iba a hacer.<\/p>\n<p>Despu\u00e9s se muestra otra imagen, esta vez en la cocina, donde la modelo e influencer se encuentra de espaldas mientras se maquilla y el actor la sorprende por atr\u00e1s toc\u00e1ndole las nalgas, por lo que ella lo rechaza y \u00e9l se va.<\/p>\n<p>J.M: \u00bfPor qu\u00e9 me maltrat\u00e1s as\u00ed, decime? \u00bfPor qu\u00e9 me maltrat\u00e1s de esa manera?<\/p>\n<p>La escena sigue en un dormitorio, con los dos sentados al borde de una cama y despu\u00e9s con un audio en off desde la puerta del ba\u00f1o.<\/p>\n<p>J.M: \u00bfPor qu\u00e9 ten\u00e9s esa cara larga? \u00bfEh?<\/p>\n<p>F.M: Porque no me gusta que sobrepases los l\u00edmites. No me gusta que cuando te digo que no, transformes todo para que sea como vos quer\u00e9s.<\/p>\n<p>J.M: \u00bfAh s\u00ed?<\/p>\n<p>F.M: Y lo que siempre termina pasando y siempre termino sintiendo, es que lo que digo no te importa. Y lo que te digo para m\u00ed es importante. Me expusiste a una situaci\u00f3n que no quiero&#8230;<\/p>\n<p>J.M: \u00bfAhora la culpa es m\u00eda? Est\u00e1 bien. Banc\u00e1tela, portate como una mujer no como una nena&#8230;Si lo hiciste, hacete cargo. \u00bfO alguien te oblig\u00f3? Si hiciste algo, banc\u00e1tela hermana&#8230;Tampoco es tan grave, no mataste a nadie. Lo hiciste, te gust\u00f3. \u00bfQuer\u00edas o te obligu\u00e9? \u00bfQuer\u00edas o te obligu\u00e9? No, no, no: no me hagas una escena ac\u00e1. Ten\u00e9s que banc\u00e1rtela. Est\u00e1 bien, \u00bfte obligu\u00e9 entonces?. Te ten\u00e9s que hacer cargo de las cosas porque ya sos grande. Pas\u00f3, no importa si yo te&#8230;vos me dijiste que s\u00ed o que no. Despu\u00e9s charlamos y pas\u00f3, no hay nada, no me parece tan grave.<\/p>\n<p>F.M: A m\u00ed, s\u00ed.<\/p>\n<p>J.M: \u00bfQu\u00e9 pasa? \u00bfTe da verg\u00fcenza lo que te diga tu pap\u00e1? \u00bfQu\u00e9 te pens\u00e1s, que un seguidor te va a dejar de seguir ahora porque&#8230;?<\/p>\n<p>F.M: No, no entend\u00e9s&#8230;<\/p>\n<p>J.M: \u00a1No s\u00e9 entonces qu\u00e9 quer\u00e9s!<\/p>\n<p>F.M: No entend\u00e9s&#8230;<\/p>\n<p>J.M: S\u00ed que entiendo, entiendo que no te la est\u00e1s bancando. \u00bfQu\u00e9 te pens\u00e1s? \u00bfQue soy una computadora?<\/p>\n<p>F.M: Pens\u00e1s que con esto&#8230; quiero hacer todo lo que vos quer\u00e9s.<\/p>\n<p>J.M: Est\u00e1 bien, pero qu\u00e9 te pens\u00e1s. \u00bfQu\u00e9 soy una computadora yo? No s\u00e9 para qu\u00e9 hac\u00e9s tanta alharaca&#8230;Me parece demasiado.<\/p>\n<p>F.M: \u00bfTe parece demasiado? Ok.<\/p>\n<p>J.M: Obvio.<\/p>\n<p>F.M: Para m\u00ed, no.<\/p>\n<p>J.M: Ya est\u00e1. Para m\u00ed es mucho lo que est\u00e1s haciendo. Y quedate tranquila, que seguro no sale nada.<\/p>\n<p>F.M: \u00bfPor qu\u00e9 no te call\u00e1s la boca y te dej\u00e1s de joder?<\/p>\n<p>J.M: \u00bfEh? \u00bfQu\u00e9 dec\u00eds?<\/p>\n<div style=\"width: 640px;\" class=\"wp-video\"><video class=\"wp-video-shortcode\" id=\"video-99539-1\" width=\"640\" height=\"360\" preload=\"metadata\" controls=\"controls\"><source type=\"video\/mp4\" src=\"https:\/\/www.cordobatimes.com\/showup\/wp-content\/uploads\/2023\/07\/3oLTnKa1-34105381.mp4?_=1\" \/><a href=\"https:\/\/www.cordobatimes.com\/showup\/wp-content\/uploads\/2023\/07\/3oLTnKa1-34105381.mp4\">https:\/\/www.cordobatimes.com\/showup\/wp-content\/uploads\/2023\/07\/3oLTnKa1-34105381.mp4<\/a><\/video><\/div>\n<p>En el video siguiente, lo dos est\u00e1n sentados en la galer\u00eda que daba al parque de la casa y hablan hasta que en un momento la modelo e influencer comienza a llorar desconsoladamente.<\/p>\n<p>J.M: \u00bfTe pod\u00e9s sacar los anteojos? \u00bfTe subestimo? \u00bfC\u00f3mo es que dijiste hoy ac\u00e1? \u00bfMe acusaste de qu\u00e9?<\/p>\n<p>F.M: Sos muy duro.<\/p>\n<p>J.M: \u00bfQue soy muy duro? \u00bfY qu\u00e9 m\u00e1s? \u00bfEn qu\u00e9 momento, en cu\u00e1l de todos los momentos yo te llevo a lugares que vos no quer\u00e9s? \u00bfCu\u00e1l es el acting que no comprendo? \u00bfVos viste lo que me dijiste? \u00bfVos viste lo que hiciste? Haci\u00e9ndome quedar a m\u00ed en un lugar de mierda&#8230;<\/p>\n<p>F.M: Es que sos muy hiriente.<\/p>\n<p>J.M: \u00bfQu\u00e9 dije? Te pens\u00e1s que a m\u00ed no me hiere, que yo me levanto a la ma\u00f1ana buena onda y vos me clav\u00e1s una mirada de odio cuando estaba todo bien. Y yo digo: \u201c\u00bfQu\u00e9 pasa? \u00bfQu\u00e9 hice ahora?\u201d.<\/p>\n<p>F.M: Vos sab\u00edas por qu\u00e9 estaba as\u00ed&#8230;<\/p>\n<p>J.M: \u00bfYo sab\u00eda? Vos lo primero que me dec\u00eds fue: \u201cTe dije, no s\u00e9 qu\u00e9, nos vieron y ni mi habl\u00e9s\u201d.<\/p>\n<p>F.M: Porque me cans\u00e9 de decirte que no quer\u00eda&#8230;<\/p>\n<p>J.M: \u00bfEn qu\u00e9 momento te cansaste de decirme que no quer\u00edas? \u00a1Dejate de hinchar los huevos!<\/p>\n<p>F.M: Te lo dije.<\/p>\n<p>J.M: Yo te vengo diciendo lo mismo, igual. Por eso cuando me ofrecieron&#8230;no tengo ganas.<\/p>\n<p>F.M: Pero vos tambi\u00e9n provoc\u00e1s esa situaci\u00f3n&#8230;<\/p>\n<p>J.M: Obvio que provoco esa situaci\u00f3n, porque soy una persona. \u00bfQu\u00e9 quer\u00e9s, que te mienta? O sea, estoy ah\u00ed y me tiento. \u00a1Qu\u00e9 quer\u00e9s que te diga! Soy una persona. \u00bfQu\u00e9 hago? \u00bfSoy un robot? \u00bfMe quedo as\u00ed al lado tuyo, te doy un beso y no me tiene que pasar nada? Quedate tranquila, porque tampoco es algo que tuviste&#8230;o sea. Yo entiendo la verg\u00fcenza, entiendo que te vean te puede llegar a molestar. Pero&#8230;<\/p>\n<p>En ese momento, ella rompe en llanto.<\/p>\n<p>J.M: \u00bfPor qu\u00e9 est\u00e1s tan mal? A ver, escuchame. \u00bfPor qu\u00e9 est\u00e1s tan mal? Me parece que est\u00e1s, de repente, exagerando esta cuesti\u00f3n que no es tan grave.<\/p>\n<p>F.M: Para vos, pero para m\u00ed s\u00ed.<\/p>\n<p>J.M: Entiendo que para vos s\u00ed. Pero a ver, Flor. A m\u00ed tampoco me gustar\u00eda que mis hermanas est\u00e9n mirando o mis viejos, pero no es&#8230;no hice un show.<\/p>\n<div style=\"width: 640px;\" class=\"wp-video\"><video class=\"wp-video-shortcode\" id=\"video-99539-2\" width=\"640\" height=\"360\" preload=\"metadata\" controls=\"controls\"><source type=\"video\/mp4\" src=\"https:\/\/www.cordobatimes.com\/showup\/wp-content\/uploads\/2023\/07\/qWwYEXMH-34105381.mp4?_=2\" \/><a href=\"https:\/\/www.cordobatimes.com\/showup\/wp-content\/uploads\/2023\/07\/qWwYEXMH-34105381.mp4\">https:\/\/www.cordobatimes.com\/showup\/wp-content\/uploads\/2023\/07\/qWwYEXMH-34105381.mp4<\/a><\/video><\/div>\n","protected":false},"excerpt":{"rendered":"<p>La modelo e influencer acus\u00f3 al actor por hechos sucedidos durante la grabaci\u00f3n del El Hotel de los Famosos\u00a0 del que ambos formaron parte a fines de 2022. En el mes de febrero de este a\u00f1o y despu\u00e9s de haber terminado su participaci\u00f3n en\u00a0El Hotel de los Famosos 2,\u00a0Flor Moyano\u00a0denunci\u00f3 en la Justicia\u00a0a\u00a0Juan Martino\u00a0por abuso [&hellip;]<\/p>\n","protected":false},"author":1,"featured_media":99540,"comment_status":"closed","ping_status":"closed","sticky":false,"template":"","format":"standard","meta":{"_seopress_robots_primary_cat":"","_seopress_titles_title":"","_seopress_titles_desc":"","_seopress_robots_index":"","footnotes":""},"categories":[4],"tags":[37811,37812,37810],"class_list":{"0":"post-99539","1":"post","2":"type-post","3":"status-publish","4":"format-standard","5":"has-post-thumbnail","7":"category-famosos","8":"tag-flor-moyano-juan-martino","9":"tag-flor-moyano-juan-martino-el-hotel-de-los-famosos","10":"tag-videos-que-flor-moyano-presento-en-su-denuncia"},"_links":{"self":[{"href":"https:\/\/www.cordobatimes.com\/showup\/wp-json\/wp\/v2\/posts\/99539","targetHints":{"allow":["GET"]}}],"collection":[{"href":"https:\/\/www.cordobatimes.com\/showup\/wp-json\/wp\/v2\/posts"}],"about":[{"href":"https:\/\/www.cordobatimes.com\/showup\/wp-json\/wp\/v2\/types\/post"}],"author":[{"embeddable":true,"href":"https:\/\/www.cordobatimes.com\/showup\/wp-json\/wp\/v2\/users\/1"}],"replies":[{"embeddable":true,"href":"https:\/\/www.cordobatimes.com\/showup\/wp-json\/wp\/v2\/comments?post=99539"}],"version-history":[{"count":0,"href":"https:\/\/www.cordobatimes.com\/showup\/wp-json\/wp\/v2\/posts\/99539\/revisions"}],"wp:featuredmedia":[{"embeddable":true,"href":"https:\/\/www.cordobatimes.com\/showup\/wp-json\/wp\/v2\/media\/99540"}],"wp:attachment":[{"href":"https:\/\/www.cordobatimes.com\/showup\/wp-json\/wp\/v2\/media?parent=99539"}],"wp:term":[{"taxonomy":"category","embeddable":true,"href":"https:\/\/www.cordobatimes.com\/showup\/wp-json\/wp\/v2\/categories?post=99539"},{"taxonomy":"post_tag","embeddable":true,"href":"https:\/\/www.cordobatimes.com\/showup\/wp-json\/wp\/v2\/tags?post=99539"}],"curies":[{"name":"wp","href":"https:\/\/api.w.org\/{rel}","templated":true}]}}