{"id":99530,"date":"2023-07-25T12:25:44","date_gmt":"2023-07-25T15:25:44","guid":{"rendered":"https:\/\/www.cordobatimes.com\/showup\/?p=99530"},"modified":"2023-07-25T12:25:44","modified_gmt":"2023-07-25T15:25:44","slug":"maju-lozano-renuncio-a-todas-las-tardes-su-programa-en-el-nueve","status":"publish","type":"post","link":"https:\/\/www.cordobatimes.com\/showup\/tv\/2023\/07\/25\/maju-lozano-renuncio-a-todas-las-tardes-su-programa-en-el-nueve\/","title":{"rendered":"Maju Lozano renunci\u00f3 a Todas las Tardes, su programa en El Nueve"},"content":{"rendered":"<h3><strong>\u00c1ngel de Brito cont\u00f3 que la conductora recientemente \u00abse descompuso al aire\u00a0<\/strong><\/h3>\n<p>\u00c1ngel de Brito\u00a0sorprendi\u00f3 en LAM (Am\u00e9rica) al anunciar que\u00a0Maju Lozano\u00a0renunci\u00f3 a\u00a0Todas las Tardes, su programa en el El Nueve, tras siete a\u00f1os al aire.<\/p>\n<h3><strong>Por qu\u00e9 renunci\u00f3 Maju Lozano a Todas las Tardes<\/strong><\/h3>\n<p>Seg\u00fan cont\u00f3 el conductor de LAM (Am\u00e9rica),\u00a0no fue un tema econ\u00f3mico sino una incomodidad con los temas que estaban tratando en el programa en este \u00faltimo tiempo, desde que decidieron cambiar el estilo.<\/p>\n<p>\u00abRenunci\u00f3 hoy lunes, pero termina a fin de mes, no termina abruptamente. Maju Lozano renunci\u00f3 a su programa de Canal 9. No renuncia por una situaci\u00f3n econ\u00f3mica, sino porque\u00a0est\u00e1 un poco inc\u00f3moda con el cambio de\u00a0estilo del programa\u00bb, inform\u00f3.<\/p>\n<p>\u00abEn la b\u00fasqueda del rating, empezaron a subir la apuesta: policiales muy fuertes, casos muy tremendos de tiroteo, abusos, lo que se imaginen.\u00a0Me dec\u00edan del canal que eran muy al estilo Cr\u00f3nica, crudos y fuertes\u00bb, detall\u00f3 \u00c1ngel.<\/p>\n<p>Y cont\u00f3 sobre\u00a0Maju Lozano: \u00abEl mi\u00e9rcoles pasado se descompuso al aire, no pudo terminar\u00a0de leer un PNT, porque se conmocion\u00f3 por el tema que estaban tratando. Esto es una l\u00ednea que le marcaron del canal y de la productora independiente que hace el programa,\u00a0siente que no es para ella, entonces da un paso al costado. No es lo que quiere hacer\u00bb. Hasta el momento, la conductora de El Nueve no habl\u00f3 al respecto.<\/p>\n<blockquote class=\"twitter-tweet\">\n<p lang=\"es\" dir=\"ltr\">\ud83d\udca5 Maju Lozano renuncia a la conducci\u00f3n de su programa<\/p>\n<p>Cc <a href=\"https:\/\/twitter.com\/hashtag\/LAM?src=hash&amp;ref_src=twsrc%5Etfw\">#LAM<\/a> en Am\u00e9rica TV \ud83d\udcfa <a href=\"https:\/\/twitter.com\/elejercitodelam?ref_src=twsrc%5Etfw\">@elejercitodelam<\/a> <a href=\"https:\/\/twitter.com\/AngeldebritoOk?ref_src=twsrc%5Etfw\">@AngeldebritoOk<\/a> <a href=\"https:\/\/t.co\/JUUqEtb6sZ\">pic.twitter.com\/JUUqEtb6sZ<\/a><\/p>\n<p>&mdash; Am\u00e9rica TV (@AmericaTV) <a href=\"https:\/\/twitter.com\/AmericaTV\/status\/1683635171529043973?ref_src=twsrc%5Etfw\">July 25, 2023<\/a><\/p><\/blockquote>\n<p> <script async src=\"https:\/\/platform.twitter.com\/widgets.js\" charset=\"utf-8\"><\/script><\/p>\n","protected":false},"excerpt":{"rendered":"<p>\u00c1ngel de Brito cont\u00f3 que la conductora recientemente \u00abse descompuso al aire\u00a0 \u00c1ngel de Brito\u00a0sorprendi\u00f3 en LAM (Am\u00e9rica) al anunciar que\u00a0Maju Lozano\u00a0renunci\u00f3 a\u00a0Todas las Tardes, su programa en el El Nueve, tras siete a\u00f1os al aire. Por qu\u00e9 renunci\u00f3 Maju Lozano a Todas las Tardes Seg\u00fan cont\u00f3 el conductor de LAM (Am\u00e9rica),\u00a0no fue un tema [&hellip;]<\/p>\n","protected":false},"author":1,"featured_media":99531,"comment_status":"closed","ping_status":"closed","sticky":false,"template":"","format":"standard","meta":{"_seopress_robots_primary_cat":"","_seopress_titles_title":"","_seopress_titles_desc":"","_seopress_robots_index":"","footnotes":""},"categories":[2],"tags":[37809,37808],"class_list":{"0":"post-99530","1":"post","2":"type-post","3":"status-publish","4":"format-standard","5":"has-post-thumbnail","7":"category-tv","8":"tag-maju-lozano-el-nueve","9":"tag-maju-lozano-renuncio-a-todas-las-tardes"},"_links":{"self":[{"href":"https:\/\/www.cordobatimes.com\/showup\/wp-json\/wp\/v2\/posts\/99530","targetHints":{"allow":["GET"]}}],"collection":[{"href":"https:\/\/www.cordobatimes.com\/showup\/wp-json\/wp\/v2\/posts"}],"about":[{"href":"https:\/\/www.cordobatimes.com\/showup\/wp-json\/wp\/v2\/types\/post"}],"author":[{"embeddable":true,"href":"https:\/\/www.cordobatimes.com\/showup\/wp-json\/wp\/v2\/users\/1"}],"replies":[{"embeddable":true,"href":"https:\/\/www.cordobatimes.com\/showup\/wp-json\/wp\/v2\/comments?post=99530"}],"version-history":[{"count":0,"href":"https:\/\/www.cordobatimes.com\/showup\/wp-json\/wp\/v2\/posts\/99530\/revisions"}],"wp:featuredmedia":[{"embeddable":true,"href":"https:\/\/www.cordobatimes.com\/showup\/wp-json\/wp\/v2\/media\/99531"}],"wp:attachment":[{"href":"https:\/\/www.cordobatimes.com\/showup\/wp-json\/wp\/v2\/media?parent=99530"}],"wp:term":[{"taxonomy":"category","embeddable":true,"href":"https:\/\/www.cordobatimes.com\/showup\/wp-json\/wp\/v2\/categories?post=99530"},{"taxonomy":"post_tag","embeddable":true,"href":"https:\/\/www.cordobatimes.com\/showup\/wp-json\/wp\/v2\/tags?post=99530"}],"curies":[{"name":"wp","href":"https:\/\/api.w.org\/{rel}","templated":true}]}}