{"id":99522,"date":"2023-07-24T21:38:29","date_gmt":"2023-07-25T00:38:29","guid":{"rendered":"https:\/\/www.cordobatimes.com\/showup\/?p=99522"},"modified":"2023-07-24T21:38:29","modified_gmt":"2023-07-25T00:38:29","slug":"romina-uhrig-sobre-lam-le-pongo-toda-la-onda-pero-despues-me-hacen-cosas-por-atras","status":"publish","type":"post","link":"https:\/\/www.cordobatimes.com\/showup\/tv\/2023\/07\/24\/romina-uhrig-sobre-lam-le-pongo-toda-la-onda-pero-despues-me-hacen-cosas-por-atras\/","title":{"rendered":"Romina Uhrig sobre LAM: \u201cLe pongo toda la onda pero despu\u00e9s me hacen cosas por atr\u00e1s\u201d"},"content":{"rendered":"<h3><strong>Romina Uhrig iba a ser angelita pero se enoj\u00f3 con \u00c1ngel de Brito<\/strong><\/h3>\n<p><strong>Romina Uhrig\u00a0iba a ser angelita en<em>\u00a0LAM<\/em><\/strong>\u00a0(Am\u00e9rica) el 24 de julio.\u00a0Sin embargo,\u00a0<strong>a \u00faltimo momento\u00a0\u00c1ngel de Brito\u00a0anunci\u00f3 que la ex\u00a0<em>Gran Hermano 2022<\/em>\u00a0no iba a estar presente porque se baj\u00f3 del programa<\/strong>. Tras el anuncio, mantuvieron un corto pero filoso cruce.<\/p>\n<p>El 22 de julio, \u00c1ngel comunic\u00f3 en LAM, con la Marcha Peronista de fondo, que Romina ser\u00eda su angelita. Luego, en su cuenta de Instagram agreg\u00f3: \u00ab<strong>Este lunes Romina Uhrig debuta como angelita<\/strong>\u00ab. Pero poco dur\u00f3 la noticia ya que un\u00a0d\u00eda despu\u00e9s se retract\u00f3: \u00ab<strong>Semana complicada para\u00a0<em>LAM<\/em><\/strong>\u00ab.<\/p>\n<div>\n<figure class=\"image\"><img decoding=\"async\" src=\"https:\/\/fotos.perfil.com\/\/2023\/07\/24\/900\/0\/angel-de-brito-anuncio-a-romina-uhrig-como-panelista-1616653.jpg\" alt=\"\u00c1ngel de Brito anunci\u00f3 a Romina Uhrig como panelista\" \/><figcaption>\u00c1NGEL DE BRITO ANUNCI\u00d3 A ROMINA UHRIG COMO PANELISTA<\/figcaption><\/figure>\n<\/div>\n<div id=\"sas_intextContainer_8642502\"><\/div>\n<p>En la historia hab\u00eda mostrado una captura de pantalla con la expareja de\u00a0Walter Festa\u00a0donde le informaba: \u00ab<strong>No voy a poder ir ma\u00f1ana<\/strong>&#8230; te pido disculpas pero estoy con unos inconvenientes\u00bb. De todas maneras se desconoce el motivo en profundidad por el que se va a ausentar ya que le consultaron \u00ab<strong>\u00bfte pas\u00f3 algo?<\/strong>\u00bb pero no mostraron cu\u00e1l fue su respuesta o si la hubo.<\/p>\n<div>\n<figure class=\"image\"><img decoding=\"async\" src=\"https:\/\/fotos.perfil.com\/\/2023\/07\/24\/900\/0\/angel-de-brito-anuncio-la-baja-de-romina-uhrig-1616654.jpg\" alt=\"\u00c1ngel de Brito anunci\u00f3 la baja de Romina Uhrig\" \/><figcaption><\/figcaption><\/figure>\n<\/div>\n<h3><strong>\u00bfPor qu\u00e9 se enoj\u00f3 Romina Uhrig con \u00c1ngel de Brito?<\/strong><\/h3>\n<p><strong>El mayor conflicto entre ellos radic\u00f3 en que cuando \u00c1ngel de Brito anunci\u00f3 en sus redes que Romina Uhrig iba a ser angelita le coloc\u00f3 la Marcha Peronista de fondo<\/strong>, sabiendo que coincide con su ideolog\u00eda pol\u00edtica.<\/p>\n<p>Por esta raz\u00f3n, la exdiputada le habl\u00f3 al privado y lanz\u00f3: \u00ab<strong>Sos tremendo<\/strong>\u00ab. Pero, adem\u00e1s, le solicit\u00f3: \u00ab<strong>Dej\u00e1 de pelearme<\/strong>\u00ab. Sin embargo, el conductor se hizo el desentendido y le pregunt\u00f3: \u00ab<strong>\u00bfY cu\u00e1l es la pelea?<\/strong>\u00ab.<\/p>\n<div>\n<figure class=\"image\"><img decoding=\"async\" src=\"https:\/\/fotos.perfil.com\/\/2023\/07\/24\/900\/0\/romina-uhrig-se-enojo-con-angel-de-brito-1616655.jpg\" alt=\"Romina Uhrig se enoj\u00f3 con \u00c1ngel de Brito\" \/><figcaption><\/figcaption><\/figure>\n<\/div>\n<p>\u00ab<strong>\u00bfHace falta la Marcha Peronista?<\/strong>\u00ab, le consult\u00f3 molesta la exhermanita. De esta manera, \u00c1ngel de Brito le respondi\u00f3 ir\u00f3nicamente: \u00ab<strong>\u00bfNo sos peronista?<\/strong>\u00bb y la volvi\u00f3 a colocar de fondo.<\/p>\n<div style=\"width: 480px;\" class=\"wp-video\"><video class=\"wp-video-shortcode\" id=\"video-99522-1\" width=\"480\" height=\"270\" preload=\"metadata\" controls=\"controls\"><source type=\"video\/mp4\" src=\"https:\/\/www.cordobatimes.com\/showup\/wp-content\/uploads\/2023\/07\/ssstwitter.com_1690245367204.mp4?_=1\" \/><a href=\"https:\/\/www.cordobatimes.com\/showup\/wp-content\/uploads\/2023\/07\/ssstwitter.com_1690245367204.mp4\">https:\/\/www.cordobatimes.com\/showup\/wp-content\/uploads\/2023\/07\/ssstwitter.com_1690245367204.mp4<\/a><\/video><\/div>\n","protected":false},"excerpt":{"rendered":"<p>Romina Uhrig iba a ser angelita pero se enoj\u00f3 con \u00c1ngel de Brito Romina Uhrig\u00a0iba a ser angelita en\u00a0LAM\u00a0(Am\u00e9rica) el 24 de julio.\u00a0Sin embargo,\u00a0a \u00faltimo momento\u00a0\u00c1ngel de Brito\u00a0anunci\u00f3 que la ex\u00a0Gran Hermano 2022\u00a0no iba a estar presente porque se baj\u00f3 del programa. Tras el anuncio, mantuvieron un corto pero filoso cruce. El 22 de julio, [&hellip;]<\/p>\n","protected":false},"author":1,"featured_media":99523,"comment_status":"closed","ping_status":"closed","sticky":false,"template":"","format":"standard","meta":{"_seopress_robots_primary_cat":"","_seopress_titles_title":"","_seopress_titles_desc":"","_seopress_robots_index":"","footnotes":""},"categories":[2],"tags":[37592,37526],"class_list":{"0":"post-99522","1":"post","2":"type-post","3":"status-publish","4":"format-standard","5":"has-post-thumbnail","7":"category-tv","8":"tag-romina-uhrig-lam","9":"tag-romina-uhrig-y-angel-de-brito"},"_links":{"self":[{"href":"https:\/\/www.cordobatimes.com\/showup\/wp-json\/wp\/v2\/posts\/99522","targetHints":{"allow":["GET"]}}],"collection":[{"href":"https:\/\/www.cordobatimes.com\/showup\/wp-json\/wp\/v2\/posts"}],"about":[{"href":"https:\/\/www.cordobatimes.com\/showup\/wp-json\/wp\/v2\/types\/post"}],"author":[{"embeddable":true,"href":"https:\/\/www.cordobatimes.com\/showup\/wp-json\/wp\/v2\/users\/1"}],"replies":[{"embeddable":true,"href":"https:\/\/www.cordobatimes.com\/showup\/wp-json\/wp\/v2\/comments?post=99522"}],"version-history":[{"count":0,"href":"https:\/\/www.cordobatimes.com\/showup\/wp-json\/wp\/v2\/posts\/99522\/revisions"}],"wp:featuredmedia":[{"embeddable":true,"href":"https:\/\/www.cordobatimes.com\/showup\/wp-json\/wp\/v2\/media\/99523"}],"wp:attachment":[{"href":"https:\/\/www.cordobatimes.com\/showup\/wp-json\/wp\/v2\/media?parent=99522"}],"wp:term":[{"taxonomy":"category","embeddable":true,"href":"https:\/\/www.cordobatimes.com\/showup\/wp-json\/wp\/v2\/categories?post=99522"},{"taxonomy":"post_tag","embeddable":true,"href":"https:\/\/www.cordobatimes.com\/showup\/wp-json\/wp\/v2\/tags?post=99522"}],"curies":[{"name":"wp","href":"https:\/\/api.w.org\/{rel}","templated":true}]}}