{"id":99518,"date":"2023-07-24T21:10:20","date_gmt":"2023-07-25T00:10:20","guid":{"rendered":"https:\/\/www.cordobatimes.com\/showup\/?p=99518"},"modified":"2023-07-24T21:10:20","modified_gmt":"2023-07-25T00:10:20","slug":"juana-repetto-una-generadora-de-polemicas-en-las-redes-sociales","status":"publish","type":"post","link":"https:\/\/www.cordobatimes.com\/showup\/tv\/2023\/07\/24\/juana-repetto-una-generadora-de-polemicas-en-las-redes-sociales\/","title":{"rendered":"Juana Repetto una generadora de Pol\u00e9micas en las redes sociales"},"content":{"rendered":"<h3><strong>La hija de Nico Repetto le declar\u00f3 la guerra a las calesitas.<\/strong><\/h3>\n<p>Pidi\u00f3 prohibirlas luego un accidente que sufri\u00f3 uno de sus hijos y gener\u00f3 pol\u00e9mica en las redes.<\/p>\n<div style=\"width: 640px;\" class=\"wp-video\"><video class=\"wp-video-shortcode\" id=\"video-99518-1\" width=\"640\" height=\"360\" preload=\"metadata\" controls=\"controls\"><source type=\"video\/mp4\" src=\"https:\/\/www.cordobatimes.com\/showup\/wp-content\/uploads\/2023\/07\/ssstwitter.com_1690243685788.mp4?_=1\" \/><a href=\"https:\/\/www.cordobatimes.com\/showup\/wp-content\/uploads\/2023\/07\/ssstwitter.com_1690243685788.mp4\">https:\/\/www.cordobatimes.com\/showup\/wp-content\/uploads\/2023\/07\/ssstwitter.com_1690243685788.mp4<\/a><\/video><\/div>\n","protected":false},"excerpt":{"rendered":"<p>La hija de Nico Repetto le declar\u00f3 la guerra a las calesitas. Pidi\u00f3 prohibirlas luego un accidente que sufri\u00f3 uno de sus hijos y gener\u00f3 pol\u00e9mica en las redes.<\/p>\n","protected":false},"author":1,"featured_media":99519,"comment_status":"closed","ping_status":"closed","sticky":false,"template":"","format":"standard","meta":{"_seopress_robots_primary_cat":"","_seopress_titles_title":"","_seopress_titles_desc":"","_seopress_robots_index":"","footnotes":""},"categories":[2],"tags":[37805,37806,37807],"class_list":{"0":"post-99518","1":"post","2":"type-post","3":"status-publish","4":"format-standard","5":"has-post-thumbnail","7":"category-tv","8":"tag-juana-repetto-calesitas","9":"tag-juana-repetto-en-redes-sociales","10":"tag-juana-repetto-polemicas"},"_links":{"self":[{"href":"https:\/\/www.cordobatimes.com\/showup\/wp-json\/wp\/v2\/posts\/99518","targetHints":{"allow":["GET"]}}],"collection":[{"href":"https:\/\/www.cordobatimes.com\/showup\/wp-json\/wp\/v2\/posts"}],"about":[{"href":"https:\/\/www.cordobatimes.com\/showup\/wp-json\/wp\/v2\/types\/post"}],"author":[{"embeddable":true,"href":"https:\/\/www.cordobatimes.com\/showup\/wp-json\/wp\/v2\/users\/1"}],"replies":[{"embeddable":true,"href":"https:\/\/www.cordobatimes.com\/showup\/wp-json\/wp\/v2\/comments?post=99518"}],"version-history":[{"count":0,"href":"https:\/\/www.cordobatimes.com\/showup\/wp-json\/wp\/v2\/posts\/99518\/revisions"}],"wp:featuredmedia":[{"embeddable":true,"href":"https:\/\/www.cordobatimes.com\/showup\/wp-json\/wp\/v2\/media\/99519"}],"wp:attachment":[{"href":"https:\/\/www.cordobatimes.com\/showup\/wp-json\/wp\/v2\/media?parent=99518"}],"wp:term":[{"taxonomy":"category","embeddable":true,"href":"https:\/\/www.cordobatimes.com\/showup\/wp-json\/wp\/v2\/categories?post=99518"},{"taxonomy":"post_tag","embeddable":true,"href":"https:\/\/www.cordobatimes.com\/showup\/wp-json\/wp\/v2\/tags?post=99518"}],"curies":[{"name":"wp","href":"https:\/\/api.w.org\/{rel}","templated":true}]}}