{"id":99456,"date":"2023-07-22T10:22:25","date_gmt":"2023-07-22T13:22:25","guid":{"rendered":"https:\/\/www.cordobatimes.com\/showup\/?p=99456"},"modified":"2023-07-22T10:22:25","modified_gmt":"2023-07-22T13:22:25","slug":"marina-calabro-conto-que-paso-con-jorge-lanata-fuera-del-aire-despues-de-enfrentarlo-por-hablar-de-la-salud-de-wanda-nara","status":"publish","type":"post","link":"https:\/\/www.cordobatimes.com\/showup\/tv\/2023\/07\/22\/marina-calabro-conto-que-paso-con-jorge-lanata-fuera-del-aire-despues-de-enfrentarlo-por-hablar-de-la-salud-de-wanda-nara\/","title":{"rendered":"Marina Calabr\u00f3 cont\u00f3 qu\u00e9 pas\u00f3 con Jorge Lanata fuera del aire despu\u00e9s de enfrentarlo por hablar de la salud de Wanda Nara"},"content":{"rendered":"<h3>\u00ab<strong>Me sali\u00f3 del alma\u00bb<\/strong><\/h3>\n<p>Marina Calabr\u00f3\u00a0revel\u00f3 qu\u00e9 es lo que pas\u00f3 con\u00a0Jorge Lanata\u00a0luego de enfrentarlo por la salud de\u00a0Wanda Nara, cuando expres\u00f3 que no coincid\u00eda con sus declaraciones al dar por confirmado que supuestamente tendr\u00eda leucemia.<\/p>\n<p>El conductor de\u00a0Lanata sin Filtro (Radio Mitre)\u00a0qued\u00f3 en el ojo de la tormenta hace unos d\u00edas por decir que la medi\u00e1tica ten\u00eda una enfermedad sin basarse en un parte m\u00e9dico oficial, y la periodista fue quien lo cruz\u00f3 en vivo.<\/p>\n<p>En di\u00e1logo con\u00a0LAM (Am\u00e9rica TV), la panelista fue invitada al programa de\u00a0\u00c1ngel de Brito, expres\u00f3 que habl\u00f3 con\u00a0Daniel Hadad, y el periodista le dio como consejo que hablen sobre el tema para evitar cualquier tipo de confusi\u00f3n.<\/p>\n<p>Adem\u00e1s, aclar\u00f3 que no lo dijo con mala intenci\u00f3n:\u00a0\u00abSobre todo, quer\u00eda que \u00e9l supiera que no era una posici\u00f3n tribunera, que no lo dije para que me aplaudan. Me sali\u00f3 del alma, del coraz\u00f3n\u00bb.<\/p>\n<p>Sin embargo, la periodista tambi\u00e9n cont\u00f3 lo que el conductor le respondi\u00f3:\u00a0\u00abNunca ten\u00e9s que justificar una idea ni una posici\u00f3n, lo planteaste con respeto. Est\u00e1 todo bien, no hace falta ni que me lo digas\u00bb.<\/p>\n<p>Por otro lado, halag\u00f3 la comodidad que tiene de trabajar con su colega, y aclar\u00f3:\u00a0\u00abLo genial de laburar con Lanata es esto, que yo tengo la libertad de plantearle con respeto todo, sin miedo. Yo valoro trabajar con alguien as\u00ed o para alguien as\u00ed\u00bb.<\/p>\n<p>\u00abEs de lo humano, uno puede razonar y decir &#8216;tiene derecho a pensar distinto&#8217;, pero despu\u00e9s te pasa la facturita&#8230; y Lanata no, es incapaz de eso\u00bb, sentenci\u00f3.<\/p>\n<blockquote class=\"twitter-tweet\">\n<p lang=\"es\" dir=\"ltr\">\ud83d\udca5 Marina Calabr\u00f3 habl\u00f3 despu\u00e9s de no avalar los dichos de Jorge Lanata sobre la salud de Wanda Nara<\/p>\n<p>\ud83d\udcac \u201cCon Lanata tengo libertad para trabajar&quot;.<\/p>\n<p>Cc <a href=\"https:\/\/twitter.com\/hashtag\/LAM?src=hash&amp;ref_src=twsrc%5Etfw\">#LAM<\/a> en Am\u00e9rica TV \ud83d\udcfa <a href=\"https:\/\/twitter.com\/elejercitodelam?ref_src=twsrc%5Etfw\">@elejercitodelam<\/a> <a href=\"https:\/\/twitter.com\/AngeldebritoOk?ref_src=twsrc%5Etfw\">@AngeldebritoOk<\/a> <a href=\"https:\/\/t.co\/fg5VrCDlTE\">pic.twitter.com\/fg5VrCDlTE<\/a><\/p>\n<p>&mdash; Am\u00e9rica TV (@AmericaTV) <a href=\"https:\/\/twitter.com\/AmericaTV\/status\/1682547456721014787?ref_src=twsrc%5Etfw\">July 22, 2023<\/a><\/p><\/blockquote>\n<p> <script async src=\"https:\/\/platform.twitter.com\/widgets.js\" charset=\"utf-8\"><\/script><\/p>\n","protected":false},"excerpt":{"rendered":"<p>\u00abMe sali\u00f3 del alma\u00bb Marina Calabr\u00f3\u00a0revel\u00f3 qu\u00e9 es lo que pas\u00f3 con\u00a0Jorge Lanata\u00a0luego de enfrentarlo por la salud de\u00a0Wanda Nara, cuando expres\u00f3 que no coincid\u00eda con sus declaraciones al dar por confirmado que supuestamente tendr\u00eda leucemia. El conductor de\u00a0Lanata sin Filtro (Radio Mitre)\u00a0qued\u00f3 en el ojo de la tormenta hace unos d\u00edas por decir que [&hellip;]<\/p>\n","protected":false},"author":1,"featured_media":99457,"comment_status":"closed","ping_status":"closed","sticky":false,"template":"","format":"standard","meta":{"_seopress_robots_primary_cat":"","_seopress_titles_title":"","_seopress_titles_desc":"","_seopress_robots_index":"","footnotes":""},"categories":[2],"tags":[37781,37727],"class_list":{"0":"post-99456","1":"post","2":"type-post","3":"status-publish","4":"format-standard","5":"has-post-thumbnail","7":"category-tv","8":"tag-marina-calabro-jorge-lanata","9":"tag-salud-de-wanda-nara"},"_links":{"self":[{"href":"https:\/\/www.cordobatimes.com\/showup\/wp-json\/wp\/v2\/posts\/99456","targetHints":{"allow":["GET"]}}],"collection":[{"href":"https:\/\/www.cordobatimes.com\/showup\/wp-json\/wp\/v2\/posts"}],"about":[{"href":"https:\/\/www.cordobatimes.com\/showup\/wp-json\/wp\/v2\/types\/post"}],"author":[{"embeddable":true,"href":"https:\/\/www.cordobatimes.com\/showup\/wp-json\/wp\/v2\/users\/1"}],"replies":[{"embeddable":true,"href":"https:\/\/www.cordobatimes.com\/showup\/wp-json\/wp\/v2\/comments?post=99456"}],"version-history":[{"count":0,"href":"https:\/\/www.cordobatimes.com\/showup\/wp-json\/wp\/v2\/posts\/99456\/revisions"}],"wp:featuredmedia":[{"embeddable":true,"href":"https:\/\/www.cordobatimes.com\/showup\/wp-json\/wp\/v2\/media\/99457"}],"wp:attachment":[{"href":"https:\/\/www.cordobatimes.com\/showup\/wp-json\/wp\/v2\/media?parent=99456"}],"wp:term":[{"taxonomy":"category","embeddable":true,"href":"https:\/\/www.cordobatimes.com\/showup\/wp-json\/wp\/v2\/categories?post=99456"},{"taxonomy":"post_tag","embeddable":true,"href":"https:\/\/www.cordobatimes.com\/showup\/wp-json\/wp\/v2\/tags?post=99456"}],"curies":[{"name":"wp","href":"https:\/\/api.w.org\/{rel}","templated":true}]}}