{"id":99434,"date":"2023-07-21T10:23:40","date_gmt":"2023-07-21T13:23:40","guid":{"rendered":"https:\/\/www.cordobatimes.com\/showup\/?p=99434"},"modified":"2023-07-21T10:23:40","modified_gmt":"2023-07-21T13:23:40","slug":"la-joaqui-estreno-un-tema-con-mau-y-ricky","status":"publish","type":"post","link":"https:\/\/www.cordobatimes.com\/showup\/musica\/2023\/07\/21\/la-joaqui-estreno-un-tema-con-mau-y-ricky\/","title":{"rendered":"La Joaqui estren\u00f3 un tema con Mau y Ricky"},"content":{"rendered":"<h3><strong>Acaba de lanzar \u201cEX\u201d, una colaboraci\u00f3n con los hijos de Ricardo Montaner<\/strong><\/h3>\n<p>Ahora regres\u00f3 a la m\u00fasica: realiz\u00f3 una colaboraci\u00f3n con\u00a0Mau y Ricky, con quienes lanz\u00f3\u00a0\u201cEX\u201d, tema del \u00e1lbum\u00a0Desgenerados Mixtape, que los hijos de Ricardo Montaner tambi\u00e9n estrenaron en las \u00faltimas horas.<\/p>\n<p>\u201cEstamos locos porque lo vean\u201d, hab\u00eda anunciado el d\u00fao pop sobre el tema que lanzaron el jueves por la noche y cuyo videoclip filmaron en Buenos Aires a principios de junio, fecha en la que La Joaqui hab\u00eda anunciado su retiro de los escenarios.<\/p>\n<p>\u201cDame un beso pa\u2019 olvidarme de mi ex, que esto es nuevo, pero es mucho m\u00e1s que sex. Porque algo tiene tu boquita, que su recuerdo me lo quita\u201d, se escucha en el estribillo de la canci\u00f3n en la que tambi\u00e9n dice: \u201cLo que no vio mi ex, s\u00e9 que t\u00fa lo ves\u201d; y \u201cNo cre\u00eda en el amor, pero ahora creo otra vez\u201d.<\/p>\n<p><iframe loading=\"lazy\" width=\"560\" height=\"315\" src=\"https:\/\/www.youtube.com\/embed\/thP_itkRI60\" title=\"YouTube video player\" frameborder=\"0\" allow=\"accelerometer; autoplay; clipboard-write; encrypted-media; gyroscope; picture-in-picture; web-share\" allowfullscreen><\/iframe><\/p>\n","protected":false},"excerpt":{"rendered":"<p>Acaba de lanzar \u201cEX\u201d, una colaboraci\u00f3n con los hijos de Ricardo Montaner Ahora regres\u00f3 a la m\u00fasica: realiz\u00f3 una colaboraci\u00f3n con\u00a0Mau y Ricky, con quienes lanz\u00f3\u00a0\u201cEX\u201d, tema del \u00e1lbum\u00a0Desgenerados Mixtape, que los hijos de Ricardo Montaner tambi\u00e9n estrenaron en las \u00faltimas horas. \u201cEstamos locos porque lo vean\u201d, hab\u00eda anunciado el d\u00fao pop sobre el tema [&hellip;]<\/p>\n","protected":false},"author":1,"featured_media":99435,"comment_status":"closed","ping_status":"closed","sticky":false,"template":"","format":"standard","meta":{"_seopress_robots_primary_cat":"","_seopress_titles_title":"","_seopress_titles_desc":"","_seopress_robots_index":"","footnotes":""},"categories":[5],"tags":[37771,37772],"class_list":{"0":"post-99434","1":"post","2":"type-post","3":"status-publish","4":"format-standard","5":"has-post-thumbnail","7":"category-musica","8":"tag-la-joaqui-mau-y-ricky","9":"tag-la-joaqui-mau-y-ricky-ex"},"_links":{"self":[{"href":"https:\/\/www.cordobatimes.com\/showup\/wp-json\/wp\/v2\/posts\/99434","targetHints":{"allow":["GET"]}}],"collection":[{"href":"https:\/\/www.cordobatimes.com\/showup\/wp-json\/wp\/v2\/posts"}],"about":[{"href":"https:\/\/www.cordobatimes.com\/showup\/wp-json\/wp\/v2\/types\/post"}],"author":[{"embeddable":true,"href":"https:\/\/www.cordobatimes.com\/showup\/wp-json\/wp\/v2\/users\/1"}],"replies":[{"embeddable":true,"href":"https:\/\/www.cordobatimes.com\/showup\/wp-json\/wp\/v2\/comments?post=99434"}],"version-history":[{"count":0,"href":"https:\/\/www.cordobatimes.com\/showup\/wp-json\/wp\/v2\/posts\/99434\/revisions"}],"wp:featuredmedia":[{"embeddable":true,"href":"https:\/\/www.cordobatimes.com\/showup\/wp-json\/wp\/v2\/media\/99435"}],"wp:attachment":[{"href":"https:\/\/www.cordobatimes.com\/showup\/wp-json\/wp\/v2\/media?parent=99434"}],"wp:term":[{"taxonomy":"category","embeddable":true,"href":"https:\/\/www.cordobatimes.com\/showup\/wp-json\/wp\/v2\/categories?post=99434"},{"taxonomy":"post_tag","embeddable":true,"href":"https:\/\/www.cordobatimes.com\/showup\/wp-json\/wp\/v2\/tags?post=99434"}],"curies":[{"name":"wp","href":"https:\/\/api.w.org\/{rel}","templated":true}]}}