{"id":99431,"date":"2023-07-21T09:53:17","date_gmt":"2023-07-21T12:53:17","guid":{"rendered":"https:\/\/www.cordobatimes.com\/showup\/?p=99431"},"modified":"2023-07-21T09:53:17","modified_gmt":"2023-07-21T12:53:17","slug":"peter-lanzani-protagonizara-y-dirigira-una-pelicula-sobre-una-leyenda-del-rock-argentino","status":"publish","type":"post","link":"https:\/\/www.cordobatimes.com\/showup\/cine-y-series\/2023\/07\/21\/peter-lanzani-protagonizara-y-dirigira-una-pelicula-sobre-una-leyenda-del-rock-argentino\/","title":{"rendered":"Peter Lanzani  protagonizar\u00e1 y dirigir\u00e1 una pel\u00edcula sobre una leyenda del rock argentino"},"content":{"rendered":"<h3><strong>Lo inform\u00f3 el prestigioso sitio Variety y compartir\u00e1 el rol con Mart\u00edn Fisner, de El marginal.<\/strong><\/h3>\n<p>Peter Lanzani,\u00a0el protagonista de pel\u00edculas como\u00a0El \u00c1ngel y Argentina,1985, se asoma a uno de los desaf\u00edos m\u00e1s importantes de su carrera art\u00edstica: dirigir\u00e1 y protagonizar\u00e1 la vida del cantante\u00a0Luca Prodan, el l\u00edder del grupo Sumo. El portal\u00a0Variety\u00a0anunci\u00f3 la noticia de este nuevo filme que contar\u00e1 con\u00a0Armando Bo y Luis Ortega\u00a0como productores ejecutivos.<\/p>\n<p>La biopic\u00a0mostrar\u00e1 la historia de Prodan, el artista que naci\u00f3 en Roma en 1953 y a los nueve a\u00f1os lo mandaron al prestigioso colegio escoc\u00e9s\u00a0Gordonstoun, al que tambi\u00e9n asisti\u00f3 el actual rey Carlos III de Inglaterra. En su adolescencia, odiaba el colegio y se fug\u00f3 a los diecisiete. All\u00ed conoci\u00f3 a su amigo de toda la vida, el argentino de ascendencia escocesa\u00a0Timmy McKern.<\/p>\n<p>Asentado en Londres, Luca trabaj\u00f3 en la cadena de disquer\u00edas Virgin y conoci\u00f3 a las principales bandas del rock \u201cnew wave\u201d ingl\u00e9s de finales de los setenta. Form\u00f3 su primera banda de rock: The new clear heads. En Londres, conoci\u00f3 la hero\u00edna y se hizo adicto. Pero en 1979 toc\u00f3 fondo cuando su hermana Claudia se suicid\u00f3 inhalando mon\u00f3xido de carbono, en un auto junto a su novio. Luca la hab\u00eda iniciado en el consumo se sinti\u00f3 culpable y tuvo una sobredosis. Qued\u00f3 en coma por varios d\u00edas y cuando se recuper\u00f3, busc\u00f3 una salida: se mud\u00f3 a la Argentina, conmovido por unas fotos que le hab\u00eda enviado su amigo Timmy.<\/p>\n<div class=\"visual__image\"><img loading=\"lazy\" decoding=\"async\" class=\" lazyload\" src=\"https:\/\/www.infobae.com\/new-resizer\/_TQ8lngDYPacqquow33c41CQaNE=\/arc-anglerfish-arc2-prod-infobae\/public\/J5IOMHDUV5GQ3CF4MHY7SF5DSU.jpg\" sizes=\"auto, (min-width: 800px) 50vw, 90vw\" srcset=\"https:\/\/www.infobae.com\/new-resizer\/nwugQsJxrarzce0mpAqBqu6G7gM=\/420x236\/filters:format(webp):quality(85)\/cloudfront-us-east-1.images.arcpublishing.com\/infobae\/J5IOMHDUV5GQ3CF4MHY7SF5DSU.jpg 420w,https:\/\/www.infobae.com\/new-resizer\/l3XOqcy6hEkvz3IOGA_sfhxYyGM=\/768x432\/filters:format(webp):quality(85)\/cloudfront-us-east-1.images.arcpublishing.com\/infobae\/J5IOMHDUV5GQ3CF4MHY7SF5DSU.jpg 768w,https:\/\/www.infobae.com\/new-resizer\/ZRhD4Jr7QGIOyA6e_NjDouoskUQ=\/992x558\/filters:format(webp):quality(85)\/cloudfront-us-east-1.images.arcpublishing.com\/infobae\/J5IOMHDUV5GQ3CF4MHY7SF5DSU.jpg 992w,https:\/\/www.infobae.com\/new-resizer\/k0uqYGP1_haj1fk6h0a5mjbSmnU=\/1200x675\/filters:format(webp):quality(85)\/cloudfront-us-east-1.images.arcpublishing.com\/infobae\/J5IOMHDUV5GQ3CF4MHY7SF5DSU.jpg 1200w,https:\/\/www.infobae.com\/new-resizer\/SkUDRUgqDNmq6beAo3GBZqpq6G4=\/1440x810\/filters:format(webp):quality(85)\/cloudfront-us-east-1.images.arcpublishing.com\/infobae\/J5IOMHDUV5GQ3CF4MHY7SF5DSU.jpg 1440w\" alt=\"Luca Prodan\" width=\"1920\" height=\"1080\" data-src=\"https:\/\/www.infobae.com\/new-resizer\/_TQ8lngDYPacqquow33c41CQaNE=\/arc-anglerfish-arc2-prod-infobae\/public\/J5IOMHDUV5GQ3CF4MHY7SF5DSU.jpg\" \/><\/div>\n<p class=\"paragraph\" data-mrf-recirculation=\"Links inline\">Lleg\u00f3 a C\u00f3rdoba en 1980 y form\u00f3 la banda de rock\u00a0<b>Sumo,<\/b>\u00a0integrada por\u00a0<b>Ricardo Mollo<\/b>\u00a0en guitarra,\u00a0<b>Diego Arnedo<\/b>\u00a0en bajo,\u00a0<b>Alberto Troglio<\/b>\u00a0en bater\u00eda y\u00a0<b>Roberto Pettinato<\/b>\u00a0en saxof\u00f3n. Grabaron en total cuatro discos:\u00a0<i><b>Corpi\u00f1os en la madrugada<\/b><\/i>\u00a0(1983),\u00a0<i><b>Divididos por la felicidad<\/b><\/i>\u00a0(1985),\u00a0<i><b>Llegando los monos<\/b><\/i>\u00a0(1986) y\u00a0<i><b>After Chab\u00f3n<\/b><\/i>\u00a0(1987). En menos de seis a\u00f1os el grupo revolucion\u00f3 el rock argentino con estilos nuevos para la escena del under porte\u00f1o como el ska, y el reggae y letras en ingl\u00e9s, cuando todo era en castellano. En 1987, Luca falleci\u00f3 a los 34 a\u00f1os como consecuencia de una sobredosis de alcohol y drogas.<\/p>\n<p class=\"paragraph\" data-mrf-recirculation=\"Links inline\">De esta manera, Lanzani se pondr\u00e1 al hombre este filme ya que interpretar\u00e1 al cantante y tambi\u00e9n se encargar\u00e1 de la direcci\u00f3n del filme con el cineasta\u00a0<b>Mart\u00edn Fisner<\/b>\u00a0(<i>El Marginal<\/i>). Ambos se encargar\u00e1n de escribir los guiones junto a los escritores\u00a0<b>Rodolfo Palacios y Sergio Olgu\u00edn<\/b>\u00a0<i>(El \u00c1ngel).<\/i><\/p>\n<p class=\"paragraph\" data-mrf-recirculation=\"Links inline\">De esta manera,\u00a0<b>Juan Pedro Lanzani<\/b>\u00a0-tal es su nombre completo- considerado a sus 32 a\u00f1os como uno de los actores m\u00e1s destacados de su generaci\u00f3n,\u00a0prepara un gran salto para su carrera. All\u00e1 lejos en el tiempo quedaron sus primeros pasos en campa\u00f1as publicitarias para locales de indumentaria infantil y el desembarco en la televisi\u00f3n de la mano de\u00a0<b>Cris Morena<\/b>, considerada como su mentora<\/p>\n<p class=\"paragraph\" data-mrf-recirculation=\"Links inline\">La experiencia y el crecimiento, tanto en televisi\u00f3n como en teatro de texto, hizo que derribara los prejuicios de gal\u00e1n, un estereotipo que \u00e9l nunca busc\u00f3. Por caso, no acept\u00f3 m\u00e1s propuestas que lo ubicaran en ese rol y se anim\u00f3 a jugar con distintos tipos de apariencias, una caracter\u00edstica f\u00edsica que \u00e9l mismo suele aplicar para cada uno de los personajes que interpreta.<\/p>\n<div class=\"visual__image\"><img loading=\"lazy\" decoding=\"async\" class=\" lazyload\" src=\"https:\/\/www.infobae.com\/new-resizer\/URe3IUEe08TKgzft_jM786PEOvI=\/arc-anglerfish-arc2-prod-infobae\/public\/5MDYK4HWWJHBBC6W6P5DD7W7IM.jpg\" sizes=\"auto, (min-width: 800px) 50vw, 90vw\" srcset=\"https:\/\/www.infobae.com\/new-resizer\/3Y_xm_PllGinqrEQobsRIiEhYtw=\/420x236\/filters:format(webp):quality(85)\/cloudfront-us-east-1.images.arcpublishing.com\/infobae\/5MDYK4HWWJHBBC6W6P5DD7W7IM.jpg 420w,https:\/\/www.infobae.com\/new-resizer\/rLAiIczyhMTS4YIx94E92pPCU68=\/768x432\/filters:format(webp):quality(85)\/cloudfront-us-east-1.images.arcpublishing.com\/infobae\/5MDYK4HWWJHBBC6W6P5DD7W7IM.jpg 768w,https:\/\/www.infobae.com\/new-resizer\/P7J_kPooMh7IW3ru3SWi7lxIT6E=\/992x558\/filters:format(webp):quality(85)\/cloudfront-us-east-1.images.arcpublishing.com\/infobae\/5MDYK4HWWJHBBC6W6P5DD7W7IM.jpg 992w,https:\/\/www.infobae.com\/new-resizer\/dnKNBcT7pafCoDsCwcxfd5M8qhk=\/1200x675\/filters:format(webp):quality(85)\/cloudfront-us-east-1.images.arcpublishing.com\/infobae\/5MDYK4HWWJHBBC6W6P5DD7W7IM.jpg 1200w,https:\/\/www.infobae.com\/new-resizer\/4x6WhxZcoyOgZfy9TgBxDjDJ32I=\/1440x810\/filters:format(webp):quality(85)\/cloudfront-us-east-1.images.arcpublishing.com\/infobae\/5MDYK4HWWJHBBC6W6P5DD7W7IM.jpg 1440w\" alt=\"Peter Lanzani junto a Ricardo Dar\u00edn en Argentina, 1985\" width=\"1917\" height=\"1078\" data-src=\"https:\/\/www.infobae.com\/new-resizer\/URe3IUEe08TKgzft_jM786PEOvI=\/arc-anglerfish-arc2-prod-infobae\/public\/5MDYK4HWWJHBBC6W6P5DD7W7IM.jpg\" \/><\/div>\n<p class=\"paragraph\" data-mrf-recirculation=\"Links inline\">As\u00ed fueron llegando m\u00e1s premios y reconocimientos. Gracias a su impecable actuaci\u00f3n en\u00a0<i><b>El Clan<\/b><\/i>\u00a0(2015), de Pablo Trapero, recibi\u00f3 un\u00a0<b>C\u00f3ndor de Plata<\/b>\u00a0y el<b>\u00a0Premio Sur<\/b>\u00a0como actor revelaci\u00f3n. Lo mismo sucedi\u00f3 con\u00a0<i><b>Un Gallo para Esculapio<\/b><\/i>\u00a0(2017 y 2018), de Bruno Stagnaro: obtuvo un Premio Tato como mejor actor protag\u00f3nico en unitario. En 2018 tambi\u00e9n integr\u00f3 el elenco de\u00a0<i><b>El \u00c1ngel<\/b><\/i>, de Luis Ortega, pel\u00edcula que cuenta la vida de Robledo Puch y con la que el actor recorri\u00f3 festivales de todo el mundo.<\/p>\n<p class=\"paragraph\" data-mrf-recirculation=\"Links inline\">En 2021, Peter -que tambi\u00e9n recibi\u00f3 un\u00a0<b>Premio Konex<\/b>\u00a0como mejor actor de televisi\u00f3n por sus trabajos en el per\u00edodo 2010\/2020- se llev\u00f3 todos los aplausos con su interpretaci\u00f3n de un joven evangelista en la mencionada serie\u00a0<i><b>El Reino<\/b><\/i>. Tambi\u00e9n sorprendi\u00f3 con la encarnaci\u00f3n de\u00a0<b>Jorge Cyterszpiler\u00a0<\/b>en\u00a0<i>Sue\u00f1o Bendito<\/i>, ficci\u00f3n en la que interpret\u00f3 al primer representante de Diego Maradona. Se termin\u00f3 de consagrar como el fiscal\u00a0<b>Luis Moreno Ocampo<\/b>\u00a0en\u00a0<i>Argentina, 1985<\/i>, que lo dej\u00f3 a las puertas del Oscar. Y ahora, se prepara para el estreno a ambos lados de la luz, la c\u00e1mara y la acci\u00f3n.<\/p>\n","protected":false},"excerpt":{"rendered":"<p>Lo inform\u00f3 el prestigioso sitio Variety y compartir\u00e1 el rol con Mart\u00edn Fisner, de El marginal. Peter Lanzani,\u00a0el protagonista de pel\u00edculas como\u00a0El \u00c1ngel y Argentina,1985, se asoma a uno de los desaf\u00edos m\u00e1s importantes de su carrera art\u00edstica: dirigir\u00e1 y protagonizar\u00e1 la vida del cantante\u00a0Luca Prodan, el l\u00edder del grupo Sumo. El portal\u00a0Variety\u00a0anunci\u00f3 la noticia [&hellip;]<\/p>\n","protected":false},"author":1,"featured_media":99432,"comment_status":"closed","ping_status":"closed","sticky":false,"template":"","format":"standard","meta":{"_seopress_robots_primary_cat":"","_seopress_titles_title":"","_seopress_titles_desc":"","_seopress_robots_index":"","footnotes":""},"categories":[3],"tags":[37770,37769,37768],"class_list":{"0":"post-99431","1":"post","2":"type-post","3":"status-publish","4":"format-standard","5":"has-post-thumbnail","7":"category-cine-y-series","8":"tag-luca-prodan-peter-lanzani","9":"tag-luca-prodan-sumo","10":"tag-vida-del-cantante-luca-prodan"},"_links":{"self":[{"href":"https:\/\/www.cordobatimes.com\/showup\/wp-json\/wp\/v2\/posts\/99431","targetHints":{"allow":["GET"]}}],"collection":[{"href":"https:\/\/www.cordobatimes.com\/showup\/wp-json\/wp\/v2\/posts"}],"about":[{"href":"https:\/\/www.cordobatimes.com\/showup\/wp-json\/wp\/v2\/types\/post"}],"author":[{"embeddable":true,"href":"https:\/\/www.cordobatimes.com\/showup\/wp-json\/wp\/v2\/users\/1"}],"replies":[{"embeddable":true,"href":"https:\/\/www.cordobatimes.com\/showup\/wp-json\/wp\/v2\/comments?post=99431"}],"version-history":[{"count":0,"href":"https:\/\/www.cordobatimes.com\/showup\/wp-json\/wp\/v2\/posts\/99431\/revisions"}],"wp:featuredmedia":[{"embeddable":true,"href":"https:\/\/www.cordobatimes.com\/showup\/wp-json\/wp\/v2\/media\/99432"}],"wp:attachment":[{"href":"https:\/\/www.cordobatimes.com\/showup\/wp-json\/wp\/v2\/media?parent=99431"}],"wp:term":[{"taxonomy":"category","embeddable":true,"href":"https:\/\/www.cordobatimes.com\/showup\/wp-json\/wp\/v2\/categories?post=99431"},{"taxonomy":"post_tag","embeddable":true,"href":"https:\/\/www.cordobatimes.com\/showup\/wp-json\/wp\/v2\/tags?post=99431"}],"curies":[{"name":"wp","href":"https:\/\/api.w.org\/{rel}","templated":true}]}}