{"id":99413,"date":"2023-07-19T18:09:37","date_gmt":"2023-07-19T21:09:37","guid":{"rendered":"https:\/\/www.cordobatimes.com\/showup\/?p=99413"},"modified":"2023-07-19T18:09:37","modified_gmt":"2023-07-19T21:09:37","slug":"jorge-lanata-contra-angel-de-brito-despues-de-las-criticas-por-la-salud-de-wanda-nara-es-demasiado-que-me-llames-inmundo","status":"publish","type":"post","link":"https:\/\/www.cordobatimes.com\/showup\/tv\/2023\/07\/19\/jorge-lanata-contra-angel-de-brito-despues-de-las-criticas-por-la-salud-de-wanda-nara-es-demasiado-que-me-llames-inmundo\/","title":{"rendered":"Jorge Lanata contra \u00c1ngel de Brito despu\u00e9s de las cr\u00edticas por la salud de Wanda Nara: \u00abEs demasiado que me llames inmundo\u00bb"},"content":{"rendered":"<h3><strong>El conductor se refiri\u00f3 a los dichos de Angel\u00a0 frente a la divulgaci\u00f3n de la situaci\u00f3n de Wanda Nara.<\/strong><\/h3>\n<p>Jorge Lanata\u00a0fue enf\u00e1tico al responderle a\u00a0\u00c1ngel de Brito\u00a0en el\u00a0mano a mano que tuvo\u00a0con\u00a0Mariana Fabbiani\u00a0en\u00a0DDM\u00a0(Am\u00e9rica TV), en relaci\u00f3n a la forma en la que\u00a0se mostr\u00f3 en desacuerdo con que contara detalles de la salud de\u00a0Wanda Nara\u00a0sin que ella lo autorizara.<\/p>\n<p>El periodista cuestion\u00f3 la forma en la que su colega lo critic\u00f3 por revelar el supuesto diagn\u00f3stico de la conductora y le record\u00f3 lo que hizo al llevar a\u00a0Morena Rial\u00a0a\u00a0LAM\u00a0(Am\u00e9rica TV) por sus conflictos con\u00a0Jorge Rial: \u00abCuando la pelea es con argumentos, todo bien. Mira, para dar un ejemplo: \u00c1ngel es un tipo que yo quiero, iba a decir quer\u00eda, pero bueno, quiero. \u00c1ngel llev\u00f3 a una chica que est\u00e1 un poco desequilibrada a denunciar al padre, estoy hablando de la Rial\u00bb.<\/p>\n<p>\u00abA m\u00ed no me pareci\u00f3 bien, me pareci\u00f3 un exceso. \u00bfQu\u00e9 hice frente a eso? Lo invit\u00e9 a la radio y estuvo una hora conmigo discutiendo si eso era o no un l\u00edmite\u00a0que hab\u00eda que pasar&#8230;\u00a0Cuando yo hago una d\u00e9cima parte de eso, para m\u00ed, que fue ponerle un nombre a lo que todos hablaban. Lo hice porque soy periodista\u00bb, dispar\u00f3\u00a0Lanata\u00a0contra\u00a0\u00c1ngel.<\/p>\n<p>Adem\u00e1s,\u00a0Lanata\u00a0explic\u00f3 por qu\u00e9 decidi\u00f3 contar lo que le estar\u00eda sucediendo a\u00a0Wanda: \u00abFue enojarme con lo pol\u00edticamente correcto. \u00bfPor qu\u00e9 no lo dicen? D\u00edganlo y chau. Aparte, no es que no lo dec\u00edan, todo el mundo lo ten\u00eda en la punta de la lengua. Hablaban de gl\u00f3bulos blancos, hablaban de Fundaleu, de problema en el bazo. Bueno, chicos&#8230;\u00bb.<\/p>\n<p>Finalmente,\u00a0Jorge\u00a0reiter\u00f3 en relaci\u00f3n a\u00a0\u00c1ngel: \u00abYo llevo a \u00c1ngel una hora a la radio, \u00e9l frente a lo que dije me puso inmundo. \u00c1ngel, no jodas, es demasiado que me llames inmundo, me parece injusto. No fue lo que yo hice con vos\u00bb.<\/p>\n<h3><strong>\u00c1ngel de Brito le respondi\u00f3 a Jorge Lanata<\/strong><\/h3>\n<p>Mientras que\u00a0Jorge Lanata\u00a0estaba al aire en\u00a0DDM\u00a0(Am\u00e9rica TV),\u00a0\u00c1ngel de Brito\u00a0respondi\u00f3 a los dichos del periodistas en su contra: \u00abYo te sigo queriendo.\u00a0#DDM\u00a0\u00a1Es un debate! #Lanata\u00bb.<\/p>\n<p><img alt=\"\" loading=\"lazy\" decoding=\"async\" class=\"alignnone wp-image-99415 size-full\" src=\"https:\/\/www.cordobatimes.com\/showup\/wp-content\/uploads\/2023\/07\/Pantallazo-19-07-2023-17.58.48.jpg\" alt=\"\" width=\"908\" height=\"597\" srcset=\"https:\/\/www.cordobatimes.com\/showup\/wp-content\/uploads\/2023\/07\/Pantallazo-19-07-2023-17.58.48.jpg 908w, https:\/\/www.cordobatimes.com\/showup\/wp-content\/uploads\/2023\/07\/Pantallazo-19-07-2023-17.58.48-639x420.jpg 639w, https:\/\/www.cordobatimes.com\/showup\/wp-content\/uploads\/2023\/07\/Pantallazo-19-07-2023-17.58.48-768x505.jpg 768w, https:\/\/www.cordobatimes.com\/showup\/wp-content\/uploads\/2023\/07\/Pantallazo-19-07-2023-17.58.48-696x458.jpg 696w, https:\/\/www.cordobatimes.com\/showup\/wp-content\/uploads\/2023\/07\/Pantallazo-19-07-2023-17.58.48-741x486.jpg 741w\" sizes=\"auto, (max-width: 908px) 100vw, 908px\" \/><\/p>\n<p><img alt=\"\" loading=\"lazy\" decoding=\"async\" class=\"alignnone size-medium wp-image-99416\" src=\"https:\/\/www.cordobatimes.com\/showup\/wp-content\/uploads\/2023\/07\/Pantallazo-19-07-2023-17.59.58-750x250.jpg\" alt=\"\" width=\"750\" height=\"250\" srcset=\"https:\/\/www.cordobatimes.com\/showup\/wp-content\/uploads\/2023\/07\/Pantallazo-19-07-2023-17.59.58-750x250.jpg 750w, https:\/\/www.cordobatimes.com\/showup\/wp-content\/uploads\/2023\/07\/Pantallazo-19-07-2023-17.59.58-1024x342.jpg 1024w, https:\/\/www.cordobatimes.com\/showup\/wp-content\/uploads\/2023\/07\/Pantallazo-19-07-2023-17.59.58-760x254.jpg 760w, https:\/\/www.cordobatimes.com\/showup\/wp-content\/uploads\/2023\/07\/Pantallazo-19-07-2023-17.59.58-768x256.jpg 768w, https:\/\/www.cordobatimes.com\/showup\/wp-content\/uploads\/2023\/07\/Pantallazo-19-07-2023-17.59.58-696x232.jpg 696w, https:\/\/www.cordobatimes.com\/showup\/wp-content\/uploads\/2023\/07\/Pantallazo-19-07-2023-17.59.58.jpg 1052w\" sizes=\"auto, (max-width: 750px) 100vw, 750px\" \/><\/p>\n<p><iframe loading=\"lazy\" width=\"560\" height=\"315\" src=\"https:\/\/www.youtube.com\/embed\/Dg-1OgIYj88\" title=\"YouTube video player\" frameborder=\"0\" allow=\"accelerometer; autoplay; clipboard-write; encrypted-media; gyroscope; picture-in-picture; web-share\" allowfullscreen><\/iframe><\/p>\n","protected":false},"excerpt":{"rendered":"<p>El conductor se refiri\u00f3 a los dichos de Angel\u00a0 frente a la divulgaci\u00f3n de la situaci\u00f3n de Wanda Nara. Jorge Lanata\u00a0fue enf\u00e1tico al responderle a\u00a0\u00c1ngel de Brito\u00a0en el\u00a0mano a mano que tuvo\u00a0con\u00a0Mariana Fabbiani\u00a0en\u00a0DDM\u00a0(Am\u00e9rica TV), en relaci\u00f3n a la forma en la que\u00a0se mostr\u00f3 en desacuerdo con que contara detalles de la salud de\u00a0Wanda Nara\u00a0sin que [&hellip;]<\/p>\n","protected":false},"author":1,"featured_media":99414,"comment_status":"closed","ping_status":"closed","sticky":false,"template":"","format":"standard","meta":{"_seopress_robots_primary_cat":"","_seopress_titles_title":"","_seopress_titles_desc":"","_seopress_robots_index":"","footnotes":""},"categories":[2],"tags":[37762,37737,37727],"class_list":{"0":"post-99413","1":"post","2":"type-post","3":"status-publish","4":"format-standard","5":"has-post-thumbnail","7":"category-tv","8":"tag-angel-de-brito-jorge-lanata","9":"tag-jorge-lanata-wanda-nara","10":"tag-salud-de-wanda-nara"},"_links":{"self":[{"href":"https:\/\/www.cordobatimes.com\/showup\/wp-json\/wp\/v2\/posts\/99413","targetHints":{"allow":["GET"]}}],"collection":[{"href":"https:\/\/www.cordobatimes.com\/showup\/wp-json\/wp\/v2\/posts"}],"about":[{"href":"https:\/\/www.cordobatimes.com\/showup\/wp-json\/wp\/v2\/types\/post"}],"author":[{"embeddable":true,"href":"https:\/\/www.cordobatimes.com\/showup\/wp-json\/wp\/v2\/users\/1"}],"replies":[{"embeddable":true,"href":"https:\/\/www.cordobatimes.com\/showup\/wp-json\/wp\/v2\/comments?post=99413"}],"version-history":[{"count":0,"href":"https:\/\/www.cordobatimes.com\/showup\/wp-json\/wp\/v2\/posts\/99413\/revisions"}],"wp:featuredmedia":[{"embeddable":true,"href":"https:\/\/www.cordobatimes.com\/showup\/wp-json\/wp\/v2\/media\/99414"}],"wp:attachment":[{"href":"https:\/\/www.cordobatimes.com\/showup\/wp-json\/wp\/v2\/media?parent=99413"}],"wp:term":[{"taxonomy":"category","embeddable":true,"href":"https:\/\/www.cordobatimes.com\/showup\/wp-json\/wp\/v2\/categories?post=99413"},{"taxonomy":"post_tag","embeddable":true,"href":"https:\/\/www.cordobatimes.com\/showup\/wp-json\/wp\/v2\/tags?post=99413"}],"curies":[{"name":"wp","href":"https:\/\/api.w.org\/{rel}","templated":true}]}}