{"id":99401,"date":"2023-07-19T10:43:53","date_gmt":"2023-07-19T13:43:53","guid":{"rendered":"https:\/\/www.cordobatimes.com\/showup\/?p=99401"},"modified":"2023-07-19T10:43:53","modified_gmt":"2023-07-19T13:43:53","slug":"kennys-palacios-tomo-una-firme-decision-despues-de-el-delicado-cuadro-de-salud-de-wanda-nara","status":"publish","type":"post","link":"https:\/\/www.cordobatimes.com\/showup\/famosos\/2023\/07\/19\/kennys-palacios-tomo-una-firme-decision-despues-de-el-delicado-cuadro-de-salud-de-wanda-nara\/","title":{"rendered":"Kennys Palacios tom\u00f3 una firme decisi\u00f3n despu\u00e9s de el delicado cuadro de salud de Wanda Nara"},"content":{"rendered":"<h3>\u00a0<strong>\u00c1ngel de Brito anunci\u00f3 la\u00a0 determinaci\u00f3n\u00a0que tom\u00f3 Kennys Palacios, tras el preocupante cuadro de salud de Wanda Nara.<\/strong><\/h3>\n<p>Este martes,\u00a0\u00c1ngel de Brito\u00a0anunci\u00f3 en\u00a0LAM (Am\u00e9rica TV)\u00a0que\u00a0Kennys Palacios, el peluquero de\u00a0Wanda Nara, se baja del\u00a0Bailando 2023 de Marcelo Tinelli,\u00a0tras el preocupante cuadro de salud de la empresaria.<\/p>\n<p>\u00abCon respecto a lo que est\u00e1 pasando con Wanda, a partir de esto, Kennys Palacios se bajar\u00eda del Bailando\u00bb,\u00a0dijo el conductor.\u00a0\u00abMe lo imagin\u00e9, te lo juro\u00bb, acot\u00f3\u00a0Nazarena V\u00e9lez.\u00a0\u00abYo tambi\u00e9n\u00bb, respondi\u00f3 \u00c1ngel.<\/p>\n<p>\u00abKennys la est\u00e1 pasando mal, es muy amigo de Wanda y est\u00e1 casi afuera del Bailando y es un poco l\u00f3gico\u00bb,\u00a0afirm\u00f3 el presentador.\u00a0\u00abEs entendible\u00bb,\u00a0agreg\u00f3\u00a0Floppy Tesouro, quien estuvo invitada al programa de este martes.<\/p>\n<p>Hace unos d\u00edas, el peluquero de la conductora de MasterChef le hab\u00eda dedicado unas sentidas palabras a trav\u00e9s de sus redes sociales.\u00a0\u00abGracias por dejarme crecer d\u00eda a d\u00eda a tu lado\u00bb,\u00a0hab\u00eda escrito en una publicaci\u00f3n.<\/p>\n","protected":false},"excerpt":{"rendered":"<p>\u00a0\u00c1ngel de Brito anunci\u00f3 la\u00a0 determinaci\u00f3n\u00a0que tom\u00f3 Kennys Palacios, tras el preocupante cuadro de salud de Wanda Nara. Este martes,\u00a0\u00c1ngel de Brito\u00a0anunci\u00f3 en\u00a0LAM (Am\u00e9rica TV)\u00a0que\u00a0Kennys Palacios, el peluquero de\u00a0Wanda Nara, se baja del\u00a0Bailando 2023 de Marcelo Tinelli,\u00a0tras el preocupante cuadro de salud de la empresaria. \u00abCon respecto a lo que est\u00e1 pasando con Wanda, a [&hellip;]<\/p>\n","protected":false},"author":1,"featured_media":99402,"comment_status":"closed","ping_status":"closed","sticky":false,"template":"","format":"standard","meta":{"_seopress_robots_primary_cat":"","_seopress_titles_title":"","_seopress_titles_desc":"","_seopress_robots_index":"","footnotes":""},"categories":[4],"tags":[37723,37758],"class_list":{"0":"post-99401","1":"post","2":"type-post","3":"status-publish","4":"format-standard","5":"has-post-thumbnail","7":"category-famosos","8":"tag-estado-de-salud-de-wanda-nara","9":"tag-kennys-palacios-wanda-nara"},"_links":{"self":[{"href":"https:\/\/www.cordobatimes.com\/showup\/wp-json\/wp\/v2\/posts\/99401","targetHints":{"allow":["GET"]}}],"collection":[{"href":"https:\/\/www.cordobatimes.com\/showup\/wp-json\/wp\/v2\/posts"}],"about":[{"href":"https:\/\/www.cordobatimes.com\/showup\/wp-json\/wp\/v2\/types\/post"}],"author":[{"embeddable":true,"href":"https:\/\/www.cordobatimes.com\/showup\/wp-json\/wp\/v2\/users\/1"}],"replies":[{"embeddable":true,"href":"https:\/\/www.cordobatimes.com\/showup\/wp-json\/wp\/v2\/comments?post=99401"}],"version-history":[{"count":0,"href":"https:\/\/www.cordobatimes.com\/showup\/wp-json\/wp\/v2\/posts\/99401\/revisions"}],"wp:featuredmedia":[{"embeddable":true,"href":"https:\/\/www.cordobatimes.com\/showup\/wp-json\/wp\/v2\/media\/99402"}],"wp:attachment":[{"href":"https:\/\/www.cordobatimes.com\/showup\/wp-json\/wp\/v2\/media?parent=99401"}],"wp:term":[{"taxonomy":"category","embeddable":true,"href":"https:\/\/www.cordobatimes.com\/showup\/wp-json\/wp\/v2\/categories?post=99401"},{"taxonomy":"post_tag","embeddable":true,"href":"https:\/\/www.cordobatimes.com\/showup\/wp-json\/wp\/v2\/tags?post=99401"}],"curies":[{"name":"wp","href":"https:\/\/api.w.org\/{rel}","templated":true}]}}