{"id":99353,"date":"2023-07-17T21:48:13","date_gmt":"2023-07-18T00:48:13","guid":{"rendered":"https:\/\/www.cordobatimes.com\/showup\/?p=99353"},"modified":"2023-07-18T09:55:23","modified_gmt":"2023-07-18T12:55:23","slug":"jorge-rial-los-que-usaron-a-mi-hija-ahora-son-demandados-por-la-justicia-y-se-escapan","status":"publish","type":"post","link":"https:\/\/www.cordobatimes.com\/showup\/tv\/2023\/07\/17\/jorge-rial-los-que-usaron-a-mi-hija-ahora-son-demandados-por-la-justicia-y-se-escapan\/","title":{"rendered":"Jorge Rial:  \u201cLos que usaron a mi hija ahora son demandados por la justicia y se escapan\u201d."},"content":{"rendered":"<h3><strong>Rial apunt\u00f3 contra Luis Ventura y Karina Mazzocco y habl\u00f3 de Morena.<\/strong><\/h3>\n<p>\u201cEsas dos o tres personas que usaron a mi hija, ahora que son demandados por la justicia se escapan. Si ten\u00e9s huevos y la fortaleza para decir las cosas en pantalla, bancate despu\u00e9s la otra. Cuando fue lo de mi hija no dudaron en llevarla, explotarla y hacerme mierda\u00a0\u00bfM\u00e1s intimidad que eso? Pero nadie dijo \u2018nos estamos yendo a la mierda\u2019. Durante diez d\u00edas la explotaron para que hable de m\u00ed, y ahora cuando tiene un problema la matan. No les sirve m\u00e1s.\u00a0El viernes fui a una audiencia y me falta la mitad de la gente, Ventura y Mazzocco\u201d.<\/p>\n<p>Luego Rial continu\u00f3: \u201cA m\u00ed me duele ver a mi hija as\u00ed. Nunca voy a hablar mal de ella y la voy a amar siempre. Tambi\u00e9n amo a mi nieto y lo extra\u00f1o, no lo veo hace tres o cuatro meses.\u00a0Despu\u00e9s ver a mi hija con todos esos quilombos me da verg\u00fcenza, yo pido disculpas.\u00a0No le ense\u00f1\u00e9 a mi hija esto. Habl\u00e9 con todas las supuestas damnificadas y les ped\u00ed disculpas. Me da verg\u00fcenza \u00bfpero qu\u00e9 voy a hacer? \u00bfC\u00f3mo voy a salir a atacar a mi hija? Lleg\u00f3 a mi casa con amor y as\u00ed fue criada. Yo s\u00e9 lo que sufri\u00f3 pero me doli\u00f3 como la pincharon para exponerla.\u201d<\/p>\n<p>\u201cHoy me interesa ver a mi nieto que est\u00e1 en C\u00f3rdoba con el padre, lo extra\u00f1o a \u00e9l nada m\u00e1s, mi hija es grande y tom\u00f3 decisiones. No es la primera vez que pasa esto. Ella es injusta\u00a0-afirm\u00f3 Rial- Siempre tiene un lugar al lado de m\u00ed, va a ser dif\u00edcil porque dijo cosas duras.\u00a0Rochi est\u00e1 bien, dando ex\u00e1menes, somos muy compa\u00f1eros, el s\u00e1bado vino a comer. Ella tuvo que ponerle un bozal legal a Morena. Su hermana se sinti\u00f3 muy dolida y es una chica que no se mete con nadie\u201d.<\/p>\n<div style=\"width: 480px;\" class=\"wp-video\"><video class=\"wp-video-shortcode\" id=\"video-99353-1\" width=\"480\" height=\"270\" preload=\"metadata\" controls=\"controls\"><source type=\"video\/mp4\" src=\"https:\/\/www.cordobatimes.com\/showup\/wp-content\/uploads\/2023\/07\/ssstwitter.com_1689641169676.mp4?_=1\" \/><a href=\"https:\/\/www.cordobatimes.com\/showup\/wp-content\/uploads\/2023\/07\/ssstwitter.com_1689641169676.mp4\">https:\/\/www.cordobatimes.com\/showup\/wp-content\/uploads\/2023\/07\/ssstwitter.com_1689641169676.mp4<\/a><\/video><\/div>\n","protected":false},"excerpt":{"rendered":"<p>Rial apunt\u00f3 contra Luis Ventura y Karina Mazzocco y habl\u00f3 de Morena. \u201cEsas dos o tres personas que usaron a mi hija, ahora que son demandados por la justicia se escapan. Si ten\u00e9s huevos y la fortaleza para decir las cosas en pantalla, bancate despu\u00e9s la otra. Cuando fue lo de mi hija no dudaron [&hellip;]<\/p>\n","protected":false},"author":1,"featured_media":99354,"comment_status":"closed","ping_status":"closed","sticky":false,"template":"","format":"standard","meta":{"_seopress_robots_primary_cat":"","_seopress_titles_title":"","_seopress_titles_desc":"","_seopress_robots_index":"","footnotes":""},"categories":[2],"tags":[37739,26145],"class_list":{"0":"post-99353","1":"post","2":"type-post","3":"status-publish","4":"format-standard","5":"has-post-thumbnail","7":"category-tv","8":"tag-jorge-rial-juicio-ventura","9":"tag-jorge-rial-morena-rial"},"_links":{"self":[{"href":"https:\/\/www.cordobatimes.com\/showup\/wp-json\/wp\/v2\/posts\/99353","targetHints":{"allow":["GET"]}}],"collection":[{"href":"https:\/\/www.cordobatimes.com\/showup\/wp-json\/wp\/v2\/posts"}],"about":[{"href":"https:\/\/www.cordobatimes.com\/showup\/wp-json\/wp\/v2\/types\/post"}],"author":[{"embeddable":true,"href":"https:\/\/www.cordobatimes.com\/showup\/wp-json\/wp\/v2\/users\/1"}],"replies":[{"embeddable":true,"href":"https:\/\/www.cordobatimes.com\/showup\/wp-json\/wp\/v2\/comments?post=99353"}],"version-history":[{"count":0,"href":"https:\/\/www.cordobatimes.com\/showup\/wp-json\/wp\/v2\/posts\/99353\/revisions"}],"wp:featuredmedia":[{"embeddable":true,"href":"https:\/\/www.cordobatimes.com\/showup\/wp-json\/wp\/v2\/media\/99354"}],"wp:attachment":[{"href":"https:\/\/www.cordobatimes.com\/showup\/wp-json\/wp\/v2\/media?parent=99353"}],"wp:term":[{"taxonomy":"category","embeddable":true,"href":"https:\/\/www.cordobatimes.com\/showup\/wp-json\/wp\/v2\/categories?post=99353"},{"taxonomy":"post_tag","embeddable":true,"href":"https:\/\/www.cordobatimes.com\/showup\/wp-json\/wp\/v2\/tags?post=99353"}],"curies":[{"name":"wp","href":"https:\/\/api.w.org\/{rel}","templated":true}]}}