{"id":99345,"date":"2023-07-17T20:57:14","date_gmt":"2023-07-17T23:57:14","guid":{"rendered":"https:\/\/www.cordobatimes.com\/showup\/?p=99345"},"modified":"2023-07-18T10:00:54","modified_gmt":"2023-07-18T13:00:54","slug":"angel-de-brito-wanda-comunico-lo-que-pudo-y-como-pudo","status":"publish","type":"post","link":"https:\/\/www.cordobatimes.com\/showup\/tv\/2023\/07\/17\/angel-de-brito-wanda-comunico-lo-que-pudo-y-como-pudo\/","title":{"rendered":"\u00c1ngel de Brito: \u00abWanda comunico lo que pudo y como pudo\u00bb"},"content":{"rendered":"<h3><strong>\u00c1ngel de Brito habl\u00f3 con la conductora sobre su estado de salud.<\/strong><\/h3>\n<p>Este lunes a la noche en\u00a0<b>LAM<\/b>, \u00c1ngel de Brito sum\u00f3 detalles al panorama de lo que est\u00e1 pasando con Wanda. Como aclar\u00f3, lo hizo autorizado por ella.<\/p>\n<p>\u201cWanda se hizo estudios la semana pasada. Como lo dijo en sus redes hay valores que no dieron bien. Est\u00e1 atendida por un gran profesional, muy reconocido en lo que supuestamente tiene que tratar\u201d, comenz\u00f3 De Brito.<\/p>\n<p>\u201cHasta hoy a la ma\u00f1ana no ten\u00eda un diagn\u00f3stico\u201d, detall\u00f3 adem\u00e1s.<\/p>\n<p>Luego, relat\u00f3 c\u00f3mo fue la secuencia que llev\u00f3 a Wanda a descubrir que tiene un problema de salud: \u201cEn la fiesta despu\u00e9s de los Mart\u00edn Fierro, me cont\u00f3 que la semana pasada se iban de vacaciones con Mauro y los chicos. Que all\u00e1 se iba a encontrar con Zaira y todo. Lo que hizo antes de viajar fue ir a hacerse chequeos de rutina\u201d.<\/p>\n<p>\u201cLo hizo porque se siente contenida por los profesionales argentinos. Me dijo \u2018en Turqu\u00eda no entiendo nada\u2019. Es m\u00e1s fr\u00edo, no es tu pa\u00eds. As\u00ed que prefiere hac\u00e9rselos ac\u00e1. Cuando hacen los estudios encuentran valores que no daban bien. Los repitieron y dieron igual\u201d, sigui\u00f3 De Brito.<\/p>\n<p>Y precis\u00f3: \u201cEl \u00fanico s\u00edntoma que ten\u00eda antes de irse a hacer estos controles de rutina, era un dolor en el bazo. Que no sab\u00edan si era ginecol\u00f3gico y se confund\u00eda por la zona o si era realmente del bazo\u201d.<\/p>\n<p>\u201cPero no es que fue a hacerse estudios por eso, fue a hacerse los chequeos anuales como debemos hacernos todos\u201d, cerr\u00f3, haciendo hincapi\u00e9 en la importancia de los controles m\u00e9dicos peri\u00f3dicos.<\/p>\n<div style=\"width: 480px;\" class=\"wp-video\"><video class=\"wp-video-shortcode\" id=\"video-99345-1\" width=\"480\" height=\"270\" preload=\"metadata\" controls=\"controls\"><source type=\"video\/mp4\" src=\"https:\/\/www.cordobatimes.com\/showup\/wp-content\/uploads\/2023\/07\/ssstwitter.com_1689638155881.mp4?_=1\" \/><a href=\"https:\/\/www.cordobatimes.com\/showup\/wp-content\/uploads\/2023\/07\/ssstwitter.com_1689638155881.mp4\">https:\/\/www.cordobatimes.com\/showup\/wp-content\/uploads\/2023\/07\/ssstwitter.com_1689638155881.mp4<\/a><\/video><\/div>\n","protected":false},"excerpt":{"rendered":"<p>\u00c1ngel de Brito habl\u00f3 con la conductora sobre su estado de salud. Este lunes a la noche en\u00a0LAM, \u00c1ngel de Brito sum\u00f3 detalles al panorama de lo que est\u00e1 pasando con Wanda. Como aclar\u00f3, lo hizo autorizado por ella. \u201cWanda se hizo estudios la semana pasada. Como lo dijo en sus redes hay valores que [&hellip;]<\/p>\n","protected":false},"author":1,"featured_media":99346,"comment_status":"closed","ping_status":"closed","sticky":false,"template":"","format":"standard","meta":{"_seopress_robots_primary_cat":"","_seopress_titles_title":"","_seopress_titles_desc":"","_seopress_robots_index":"","footnotes":""},"categories":[2],"tags":[37723,37727,37735],"class_list":{"0":"post-99345","1":"post","2":"type-post","3":"status-publish","4":"format-standard","5":"has-post-thumbnail","7":"category-tv","8":"tag-estado-de-salud-de-wanda-nara","9":"tag-salud-de-wanda-nara","10":"tag-wanda-nara-angel-de-brito"},"_links":{"self":[{"href":"https:\/\/www.cordobatimes.com\/showup\/wp-json\/wp\/v2\/posts\/99345","targetHints":{"allow":["GET"]}}],"collection":[{"href":"https:\/\/www.cordobatimes.com\/showup\/wp-json\/wp\/v2\/posts"}],"about":[{"href":"https:\/\/www.cordobatimes.com\/showup\/wp-json\/wp\/v2\/types\/post"}],"author":[{"embeddable":true,"href":"https:\/\/www.cordobatimes.com\/showup\/wp-json\/wp\/v2\/users\/1"}],"replies":[{"embeddable":true,"href":"https:\/\/www.cordobatimes.com\/showup\/wp-json\/wp\/v2\/comments?post=99345"}],"version-history":[{"count":0,"href":"https:\/\/www.cordobatimes.com\/showup\/wp-json\/wp\/v2\/posts\/99345\/revisions"}],"wp:featuredmedia":[{"embeddable":true,"href":"https:\/\/www.cordobatimes.com\/showup\/wp-json\/wp\/v2\/media\/99346"}],"wp:attachment":[{"href":"https:\/\/www.cordobatimes.com\/showup\/wp-json\/wp\/v2\/media?parent=99345"}],"wp:term":[{"taxonomy":"category","embeddable":true,"href":"https:\/\/www.cordobatimes.com\/showup\/wp-json\/wp\/v2\/categories?post=99345"},{"taxonomy":"post_tag","embeddable":true,"href":"https:\/\/www.cordobatimes.com\/showup\/wp-json\/wp\/v2\/tags?post=99345"}],"curies":[{"name":"wp","href":"https:\/\/api.w.org\/{rel}","templated":true}]}}