{"id":99330,"date":"2023-07-17T16:00:39","date_gmt":"2023-07-17T19:00:39","guid":{"rendered":"https:\/\/www.cordobatimes.com\/showup\/?p=99330"},"modified":"2023-07-17T16:03:27","modified_gmt":"2023-07-17T19:03:27","slug":"wanda-nara-confirmo-un-tratamiento-y-que-sus-hijos-no-sabian","status":"publish","type":"post","link":"https:\/\/www.cordobatimes.com\/showup\/famosos\/2023\/07\/17\/wanda-nara-confirmo-un-tratamiento-y-que-sus-hijos-no-sabian\/","title":{"rendered":"Wanda Nara confirm\u00f3 un tratamiento y que sus hijos no sab\u00edan"},"content":{"rendered":"<h3><strong>Tambi\u00e9n dijo que no exist\u00eda un diagn\u00f3stico certero cuando un periodista lo cont\u00f3.<\/strong><\/h3>\n<p>Habl\u00f3 Wanda Nara en redes sociales: \u00abAlgunos valores dieron mal y tom\u00e9 la decisi\u00f3n de internarme\u00bb<\/p>\n<p><img alt=\"\" loading=\"lazy\" decoding=\"async\" class=\"alignnone wp-image-99331 size-full\" src=\"https:\/\/www.cordobatimes.com\/showup\/wp-content\/uploads\/2023\/07\/20230717_155729.jpg\" alt=\"\" width=\"1284\" height=\"2048\" srcset=\"https:\/\/www.cordobatimes.com\/showup\/wp-content\/uploads\/2023\/07\/20230717_155729.jpg 1284w, https:\/\/www.cordobatimes.com\/showup\/wp-content\/uploads\/2023\/07\/20230717_155729-263x420.jpg 263w, https:\/\/www.cordobatimes.com\/showup\/wp-content\/uploads\/2023\/07\/20230717_155729-642x1024.jpg 642w, https:\/\/www.cordobatimes.com\/showup\/wp-content\/uploads\/2023\/07\/20230717_155729-768x1225.jpg 768w, https:\/\/www.cordobatimes.com\/showup\/wp-content\/uploads\/2023\/07\/20230717_155729-963x1536.jpg 963w, https:\/\/www.cordobatimes.com\/showup\/wp-content\/uploads\/2023\/07\/20230717_155729-696x1110.jpg 696w, https:\/\/www.cordobatimes.com\/showup\/wp-content\/uploads\/2023\/07\/20230717_155729-1068x1703.jpg 1068w\" sizes=\"auto, (max-width: 1284px) 100vw, 1284px\" \/><\/p>\n","protected":false},"excerpt":{"rendered":"<p>Tambi\u00e9n dijo que no exist\u00eda un diagn\u00f3stico certero cuando un periodista lo cont\u00f3. Habl\u00f3 Wanda Nara en redes sociales: \u00abAlgunos valores dieron mal y tom\u00e9 la decisi\u00f3n de internarme\u00bb<\/p>\n","protected":false},"author":1,"featured_media":99324,"comment_status":"closed","ping_status":"closed","sticky":false,"template":"","format":"standard","meta":{"_seopress_robots_primary_cat":"","_seopress_titles_title":"","_seopress_titles_desc":"","_seopress_robots_index":"","footnotes":""},"categories":[4],"tags":[34805,37723,37727],"class_list":{"0":"post-99330","1":"post","2":"type-post","3":"status-publish","4":"format-standard","5":"has-post-thumbnail","7":"category-famosos","8":"tag-descargo-de-wanda-nara","9":"tag-estado-de-salud-de-wanda-nara","10":"tag-salud-de-wanda-nara"},"_links":{"self":[{"href":"https:\/\/www.cordobatimes.com\/showup\/wp-json\/wp\/v2\/posts\/99330","targetHints":{"allow":["GET"]}}],"collection":[{"href":"https:\/\/www.cordobatimes.com\/showup\/wp-json\/wp\/v2\/posts"}],"about":[{"href":"https:\/\/www.cordobatimes.com\/showup\/wp-json\/wp\/v2\/types\/post"}],"author":[{"embeddable":true,"href":"https:\/\/www.cordobatimes.com\/showup\/wp-json\/wp\/v2\/users\/1"}],"replies":[{"embeddable":true,"href":"https:\/\/www.cordobatimes.com\/showup\/wp-json\/wp\/v2\/comments?post=99330"}],"version-history":[{"count":0,"href":"https:\/\/www.cordobatimes.com\/showup\/wp-json\/wp\/v2\/posts\/99330\/revisions"}],"wp:featuredmedia":[{"embeddable":true,"href":"https:\/\/www.cordobatimes.com\/showup\/wp-json\/wp\/v2\/media\/99324"}],"wp:attachment":[{"href":"https:\/\/www.cordobatimes.com\/showup\/wp-json\/wp\/v2\/media?parent=99330"}],"wp:term":[{"taxonomy":"category","embeddable":true,"href":"https:\/\/www.cordobatimes.com\/showup\/wp-json\/wp\/v2\/categories?post=99330"},{"taxonomy":"post_tag","embeddable":true,"href":"https:\/\/www.cordobatimes.com\/showup\/wp-json\/wp\/v2\/tags?post=99330"}],"curies":[{"name":"wp","href":"https:\/\/api.w.org\/{rel}","templated":true}]}}