{"id":99326,"date":"2023-07-16T18:13:01","date_gmt":"2023-07-16T21:13:01","guid":{"rendered":"https:\/\/www.cordobatimes.com\/showup\/?p=99326"},"modified":"2023-07-16T18:13:01","modified_gmt":"2023-07-16T21:13:01","slug":"maxi-lopez-llego-a-la-argentina-tras-el-hermetismo-por-la-salud-de-wanda-nara","status":"publish","type":"post","link":"https:\/\/www.cordobatimes.com\/showup\/famosos\/2023\/07\/16\/maxi-lopez-llego-a-la-argentina-tras-el-hermetismo-por-la-salud-de-wanda-nara\/","title":{"rendered":"Maxi L\u00f3pez lleg\u00f3 a la Argentina tras el hermetismo por la salud de Wanda Nara"},"content":{"rendered":"<h3><strong>Este domingo por la ma\u00f1ana, el exfutbolista y padre de los tres hijos mayores de la conductora lleg\u00f3 al pa\u00eds.<\/strong><\/h3>\n<p>Este domingo por la ma\u00f1ana,\u00a0Maxi L\u00f3pez\u00a0lleg\u00f3 a la Argentina en medio de preocupaci\u00f3n generalizada por la salud de Wanda Nara. Si bien no hay una versi\u00f3n oficial por parte de la propia conductora y empresaria o de su entorno sobre un diagn\u00f3stico concreto, hasta ahora la \u00fanica persona cercana a la familia que habl\u00f3 fue su padre Andr\u00e9s, con quien ella mantiene una relaci\u00f3n distante.<\/p>\n<p>En declaraciones a la prensa, ni bien piso la Argentina, el exjugador habl\u00f3 con la prensa presente y se mostr\u00f3 su malestar con algunos periodistas que dieron a conocer una informaci\u00f3n a\u00fan no confirmada sobre el estado de salud de Wanda.\u00a0Consultado por c\u00f3mo se encuentran sus hijos ante esta situaci\u00f3n, se\u00f1al\u00f3 sin dar mayores detalles:\u00a0\u201cVoy a llegar ahora a casa para verlos a ellos\u201d.\u00a0Acto seguido, una cronista del\u00a0DDM\u00a0le pregunt\u00f3\u00a0sobre cu\u00e1nto estar\u00e1 en el pa\u00eds y asegur\u00f3:\u00a0\u201cMe voy a quedar lo que sea necesario\u201d.<\/p>\n<div style=\"width: 320px;\" class=\"wp-video\"><video class=\"wp-video-shortcode\" id=\"video-99326-1\" width=\"320\" height=\"180\" preload=\"metadata\" controls=\"controls\"><source type=\"video\/mp4\" src=\"https:\/\/www.cordobatimes.com\/showup\/wp-content\/uploads\/2023\/07\/ikmb8Lck-34105375.mp4?_=1\" \/><a href=\"https:\/\/www.cordobatimes.com\/showup\/wp-content\/uploads\/2023\/07\/ikmb8Lck-34105375.mp4\">https:\/\/www.cordobatimes.com\/showup\/wp-content\/uploads\/2023\/07\/ikmb8Lck-34105375.mp4<\/a><\/video><\/div>\n<p>En las \u00faltimas horas del viernes pasado, Andr\u00e9s Nara visit\u00f3 Pol\u00e9mica en el Bar donde volvi\u00f3 a manifestar su preocupaci\u00f3n por la salud de su hija y dio m\u00e1s precisiones de lo ocurrido durante su visita a Los Arcos, el hombre se\u00f1al\u00f3 que al llegar a la cl\u00ednica a su hija ya le hab\u00edan dado el alta y que no le hab\u00edan querido dar m\u00e1s precisiones sobre su cuadro. \u201cHoy me enter\u00e9 que estuvo en Fundaleu para seguir un tratamiento, o sea hay algo. En definitiva es una situaci\u00f3n muy h\u00edper delicada que si ella quiere tomar cartas en el asunto y lo quiere expresar ma\u00f1ana, pasado o nunca es su decisi\u00f3n\u201d, relat\u00f3.<\/p>\n","protected":false},"excerpt":{"rendered":"<p>Este domingo por la ma\u00f1ana, el exfutbolista y padre de los tres hijos mayores de la conductora lleg\u00f3 al pa\u00eds. Este domingo por la ma\u00f1ana,\u00a0Maxi L\u00f3pez\u00a0lleg\u00f3 a la Argentina en medio de preocupaci\u00f3n generalizada por la salud de Wanda Nara. Si bien no hay una versi\u00f3n oficial por parte de la propia conductora y empresaria [&hellip;]<\/p>\n","protected":false},"author":1,"featured_media":99327,"comment_status":"closed","ping_status":"closed","sticky":false,"template":"","format":"standard","meta":{"_seopress_robots_primary_cat":"","_seopress_titles_title":"","_seopress_titles_desc":"","_seopress_robots_index":"","footnotes":""},"categories":[4],"tags":[37723,37727,7569],"class_list":{"0":"post-99326","1":"post","2":"type-post","3":"status-publish","4":"format-standard","5":"has-post-thumbnail","7":"category-famosos","8":"tag-estado-de-salud-de-wanda-nara","9":"tag-salud-de-wanda-nara","10":"tag-wanda-nara-maxi-lopez"},"_links":{"self":[{"href":"https:\/\/www.cordobatimes.com\/showup\/wp-json\/wp\/v2\/posts\/99326","targetHints":{"allow":["GET"]}}],"collection":[{"href":"https:\/\/www.cordobatimes.com\/showup\/wp-json\/wp\/v2\/posts"}],"about":[{"href":"https:\/\/www.cordobatimes.com\/showup\/wp-json\/wp\/v2\/types\/post"}],"author":[{"embeddable":true,"href":"https:\/\/www.cordobatimes.com\/showup\/wp-json\/wp\/v2\/users\/1"}],"replies":[{"embeddable":true,"href":"https:\/\/www.cordobatimes.com\/showup\/wp-json\/wp\/v2\/comments?post=99326"}],"version-history":[{"count":0,"href":"https:\/\/www.cordobatimes.com\/showup\/wp-json\/wp\/v2\/posts\/99326\/revisions"}],"wp:featuredmedia":[{"embeddable":true,"href":"https:\/\/www.cordobatimes.com\/showup\/wp-json\/wp\/v2\/media\/99327"}],"wp:attachment":[{"href":"https:\/\/www.cordobatimes.com\/showup\/wp-json\/wp\/v2\/media?parent=99326"}],"wp:term":[{"taxonomy":"category","embeddable":true,"href":"https:\/\/www.cordobatimes.com\/showup\/wp-json\/wp\/v2\/categories?post=99326"},{"taxonomy":"post_tag","embeddable":true,"href":"https:\/\/www.cordobatimes.com\/showup\/wp-json\/wp\/v2\/tags?post=99326"}],"curies":[{"name":"wp","href":"https:\/\/api.w.org\/{rel}","templated":true}]}}