{"id":99323,"date":"2023-07-15T18:15:23","date_gmt":"2023-07-15T21:15:23","guid":{"rendered":"https:\/\/www.cordobatimes.com\/showup\/?p=99323"},"modified":"2023-07-15T18:15:23","modified_gmt":"2023-07-15T21:15:23","slug":"wanda-nara-fue-trasladada-a-fundaleu-y-evaluan-hacerle-un-tratamiento","status":"publish","type":"post","link":"https:\/\/www.cordobatimes.com\/showup\/famosos\/2023\/07\/15\/wanda-nara-fue-trasladada-a-fundaleu-y-evaluan-hacerle-un-tratamiento\/","title":{"rendered":"Wanda Nara: fue trasladada a Fundaleu y eval\u00faan hacerle un tratamiento"},"content":{"rendered":"<h3><strong>Guillermo Lobo cont\u00f3 que la esposa de Mauro Icardi est\u00e1 en el centro de salud especializado en hematolog\u00eda.<\/strong><\/h3>\n<p>Guillermo Lobo\u00a0revel\u00f3 en\u00a0Todo Noticias\u00a0que\u00a0Wanda Nara\u00a0fue trasladada a Fundaleu,\u00a0donde\u00a0le realizaron estudios\u00a0y eval\u00faan hacerle un tratamiento ambulatorio.<\/p>\n<p>As\u00ed se lo confirmaron los especialistas al periodista, quien dio a conocer la\u00a0decisi\u00f3n que tomaron los m\u00e9dicos de la esposa de Mauro Icardi\u00a0tras los resultados de los \u00faltimos estudios.<\/p>\n<p>\u201cIniciaron consultas en Fundaleu y eval\u00faan hacer un tratamiento ambulatorio\u00a0en un sanatorio de la Ciudad de Buenos Aires\u201d, detall\u00f3 al respecto.<\/p>\n","protected":false},"excerpt":{"rendered":"<p>Guillermo Lobo cont\u00f3 que la esposa de Mauro Icardi est\u00e1 en el centro de salud especializado en hematolog\u00eda. Guillermo Lobo\u00a0revel\u00f3 en\u00a0Todo Noticias\u00a0que\u00a0Wanda Nara\u00a0fue trasladada a Fundaleu,\u00a0donde\u00a0le realizaron estudios\u00a0y eval\u00faan hacerle un tratamiento ambulatorio. As\u00ed se lo confirmaron los especialistas al periodista, quien dio a conocer la\u00a0decisi\u00f3n que tomaron los m\u00e9dicos de la esposa de Mauro [&hellip;]<\/p>\n","protected":false},"author":1,"featured_media":99324,"comment_status":"closed","ping_status":"closed","sticky":false,"template":"","format":"standard","meta":{"_seopress_robots_primary_cat":"","_seopress_titles_title":"","_seopress_titles_desc":"","_seopress_robots_index":"","footnotes":""},"categories":[4],"tags":[37723,37727,37728,37722],"class_list":{"0":"post-99323","1":"post","2":"type-post","3":"status-publish","4":"format-standard","5":"has-post-thumbnail","7":"category-famosos","8":"tag-estado-de-salud-de-wanda-nara","9":"tag-salud-de-wanda-nara","10":"tag-wanda-nara-fundaleu","11":"tag-wanda-nara-leucemia"},"_links":{"self":[{"href":"https:\/\/www.cordobatimes.com\/showup\/wp-json\/wp\/v2\/posts\/99323","targetHints":{"allow":["GET"]}}],"collection":[{"href":"https:\/\/www.cordobatimes.com\/showup\/wp-json\/wp\/v2\/posts"}],"about":[{"href":"https:\/\/www.cordobatimes.com\/showup\/wp-json\/wp\/v2\/types\/post"}],"author":[{"embeddable":true,"href":"https:\/\/www.cordobatimes.com\/showup\/wp-json\/wp\/v2\/users\/1"}],"replies":[{"embeddable":true,"href":"https:\/\/www.cordobatimes.com\/showup\/wp-json\/wp\/v2\/comments?post=99323"}],"version-history":[{"count":0,"href":"https:\/\/www.cordobatimes.com\/showup\/wp-json\/wp\/v2\/posts\/99323\/revisions"}],"wp:featuredmedia":[{"embeddable":true,"href":"https:\/\/www.cordobatimes.com\/showup\/wp-json\/wp\/v2\/media\/99324"}],"wp:attachment":[{"href":"https:\/\/www.cordobatimes.com\/showup\/wp-json\/wp\/v2\/media?parent=99323"}],"wp:term":[{"taxonomy":"category","embeddable":true,"href":"https:\/\/www.cordobatimes.com\/showup\/wp-json\/wp\/v2\/categories?post=99323"},{"taxonomy":"post_tag","embeddable":true,"href":"https:\/\/www.cordobatimes.com\/showup\/wp-json\/wp\/v2\/tags?post=99323"}],"curies":[{"name":"wp","href":"https:\/\/api.w.org\/{rel}","templated":true}]}}