{"id":99307,"date":"2023-07-14T13:00:48","date_gmt":"2023-07-14T16:00:48","guid":{"rendered":"https:\/\/www.cordobatimes.com\/showup\/?p=99307"},"modified":"2023-07-14T13:00:48","modified_gmt":"2023-07-14T16:00:48","slug":"jorge-lanata-confirmo-al-aire-de-su-programa-que-wanda-nara-tiene-leucemia","status":"publish","type":"post","link":"https:\/\/www.cordobatimes.com\/showup\/famosos\/2023\/07\/14\/jorge-lanata-confirmo-al-aire-de-su-programa-que-wanda-nara-tiene-leucemia\/","title":{"rendered":"Jorge Lanata Confirm\u00f3 al aire de su programa que \u00abWanda Nara tiene Leucemia\u00bb"},"content":{"rendered":"<h3><strong>Mucha gente sabe lo que tiene y nadie lo est\u00e1 diciendo\u00bb<\/strong><\/h3>\n<p>Jorge Lanata\u00a0confirm\u00f3 en\u00a0Lanata Sin Filtro\u00a0(Radio Mitre) que\u00a0Wanda Nara\u00a0tiene leucemia\u00a0y apunt\u00f3 contra el periodismo de espect\u00e1culo por ocultar la situaci\u00f3n.<\/p>\n<p>El conductor expres\u00f3: \u00abMucha gente sabe lo que tiene y nadie lo est\u00e1 diciendo. Como yo trabajo de periodista desde hace un tiempo, les voy a contar lo que hice:\u00a0habl\u00e9 con tres fuentes distintas, dos de ellas cercanas a Wanda Nara, otra cercana al hospital.\u00a0Lo que nadie est\u00e1 diciendo y no entiendo por qu\u00e9 hay una cosa corporativa del periodismo del espect\u00e1culo de no decirlo, lo que nadie est\u00e1 diciendo es que Wanda Nara tiene leucemia\u00bb.<\/p>\n<p>Asimismo,\u00a0Lanata\u00a0agreg\u00f3: \u00abFue internada en el Sanatorio Los Arcos con dolores fuertes abdominales. Los an\u00e1lisis de sangre mostraron que ten\u00eda muy altos los gl\u00f3bulos blancos, bueno&#8230;\u00a0Esto indica una enfermedad hematol\u00f3gica. Tambi\u00e9n presentaba el bazo muy inflamado, le van a hacer una punci\u00f3n de m\u00e9dula para terminar de diagnosticar esto que ya es p\u00fablico, p\u00fablico pero secreto, es raro lo que pasa con esto\u00bb.<\/p>\n<p>El conductor revel\u00f3 que cercanos a Nara ya\u00a0se habr\u00edan comunicado con lugares especializados en esta enfermedad:\u00a0\u00abA la vez hubo contactos de allegados a Wanda con Fundaleu, es un centro especializado en el tratamiento de la leucemia. Eso es lo que est\u00e1 pasando con Wanda\u00bb.<\/p>\n<p>Por su parte,\u00a0Marina Calabr\u00f3\u00a0se mostr\u00f3 inc\u00f3moda con los dichos de\u00a0Lanata\u00a0y le comunic\u00f3 al aire que ella hubiese preferido esperar que se hiciera p\u00fablico un parte m\u00e9dico.<\/p>\n<div style=\"width: 476px;\" class=\"wp-video\"><video class=\"wp-video-shortcode\" id=\"video-99307-1\" width=\"476\" height=\"270\" preload=\"metadata\" controls=\"controls\"><source type=\"video\/mp4\" src=\"https:\/\/www.cordobatimes.com\/showup\/wp-content\/uploads\/2023\/07\/ssstwitter.com_1689349873669.mp4?_=1\" \/><a href=\"https:\/\/www.cordobatimes.com\/showup\/wp-content\/uploads\/2023\/07\/ssstwitter.com_1689349873669.mp4\">https:\/\/www.cordobatimes.com\/showup\/wp-content\/uploads\/2023\/07\/ssstwitter.com_1689349873669.mp4<\/a><\/video><\/div>\n","protected":false},"excerpt":{"rendered":"<p>Mucha gente sabe lo que tiene y nadie lo est\u00e1 diciendo\u00bb Jorge Lanata\u00a0confirm\u00f3 en\u00a0Lanata Sin Filtro\u00a0(Radio Mitre) que\u00a0Wanda Nara\u00a0tiene leucemia\u00a0y apunt\u00f3 contra el periodismo de espect\u00e1culo por ocultar la situaci\u00f3n. El conductor expres\u00f3: \u00abMucha gente sabe lo que tiene y nadie lo est\u00e1 diciendo. Como yo trabajo de periodista desde hace un tiempo, les voy [&hellip;]<\/p>\n","protected":false},"author":1,"featured_media":99308,"comment_status":"closed","ping_status":"closed","sticky":false,"template":"","format":"standard","meta":{"_seopress_robots_primary_cat":"","_seopress_titles_title":"","_seopress_titles_desc":"","_seopress_robots_index":"","footnotes":""},"categories":[4],"tags":[37723,37721,37722],"class_list":{"0":"post-99307","1":"post","2":"type-post","3":"status-publish","4":"format-standard","5":"has-post-thumbnail","7":"category-famosos","8":"tag-estado-de-salud-de-wanda-nara","9":"tag-wanda-nara-jorge-lanata","10":"tag-wanda-nara-leucemia"},"_links":{"self":[{"href":"https:\/\/www.cordobatimes.com\/showup\/wp-json\/wp\/v2\/posts\/99307","targetHints":{"allow":["GET"]}}],"collection":[{"href":"https:\/\/www.cordobatimes.com\/showup\/wp-json\/wp\/v2\/posts"}],"about":[{"href":"https:\/\/www.cordobatimes.com\/showup\/wp-json\/wp\/v2\/types\/post"}],"author":[{"embeddable":true,"href":"https:\/\/www.cordobatimes.com\/showup\/wp-json\/wp\/v2\/users\/1"}],"replies":[{"embeddable":true,"href":"https:\/\/www.cordobatimes.com\/showup\/wp-json\/wp\/v2\/comments?post=99307"}],"version-history":[{"count":0,"href":"https:\/\/www.cordobatimes.com\/showup\/wp-json\/wp\/v2\/posts\/99307\/revisions"}],"wp:featuredmedia":[{"embeddable":true,"href":"https:\/\/www.cordobatimes.com\/showup\/wp-json\/wp\/v2\/media\/99308"}],"wp:attachment":[{"href":"https:\/\/www.cordobatimes.com\/showup\/wp-json\/wp\/v2\/media?parent=99307"}],"wp:term":[{"taxonomy":"category","embeddable":true,"href":"https:\/\/www.cordobatimes.com\/showup\/wp-json\/wp\/v2\/categories?post=99307"},{"taxonomy":"post_tag","embeddable":true,"href":"https:\/\/www.cordobatimes.com\/showup\/wp-json\/wp\/v2\/tags?post=99307"}],"curies":[{"name":"wp","href":"https:\/\/api.w.org\/{rel}","templated":true}]}}