{"id":99289,"date":"2023-07-13T19:04:35","date_gmt":"2023-07-13T22:04:35","guid":{"rendered":"https:\/\/www.cordobatimes.com\/showup\/?p=99289"},"modified":"2023-07-13T19:04:35","modified_gmt":"2023-07-13T22:04:35","slug":"alejandro-sanz-le-dedico-unas-palabras-a-tini-stoessel-quien-se-emociono-hasta-las-lagrimas","status":"publish","type":"post","link":"https:\/\/www.cordobatimes.com\/showup\/famosos\/2023\/07\/13\/alejandro-sanz-le-dedico-unas-palabras-a-tini-stoessel-quien-se-emociono-hasta-las-lagrimas\/","title":{"rendered":"Alejandro Sanz le dedico unas palabras a Tini Stoessel quien se emocion\u00f3 hasta las l\u00e1grimas"},"content":{"rendered":"<h3><strong>La cantante se emocion\u00f3 en plano show , tras unas sentidas palabras del interprete de Corazon Partido.<\/strong><\/h3>\n<h3 class=\"font--primary\"><strong>La emotiva versi\u00f3n de Tini de un cl\u00e1sico de Alejandro Sanz<\/strong><\/h3>\n<p class=\"paragraph\">\u201cSe viene un momento esperado para m\u00ed. Espa\u00f1a es especial y si tengo que hablar de<b>\u00a0alguien que me ha inspirado\u201d<\/b>\u00a0describi\u00f3 la estrella antes de cantar \u201c<b>Un beso en Madrid\u201d,\u00a0<\/b>que grab\u00f3 junto a<b>\u00a0Alejandro Sanz.<\/b><\/p>\n<p class=\"paragraph\">Con la felicidad del p\u00fablico, Tini fue por m\u00e1s y junto con su guitarrista interpret\u00f3 \u201c<b>Coraz\u00f3n part\u00edo<\/b>\u201d. La respuesta del p\u00fablico fue incre\u00edble.<\/p>\n<div style=\"width: 640px;\" class=\"wp-video\"><video class=\"wp-video-shortcode\" id=\"video-99289-1\" width=\"640\" height=\"360\" preload=\"metadata\" controls=\"controls\"><source type=\"video\/mp4\" src=\"https:\/\/www.cordobatimes.com\/showup\/wp-content\/uploads\/2023\/07\/videoplayback.mp4?_=1\" \/><a href=\"https:\/\/www.cordobatimes.com\/showup\/wp-content\/uploads\/2023\/07\/videoplayback.mp4\">https:\/\/www.cordobatimes.com\/showup\/wp-content\/uploads\/2023\/07\/videoplayback.mp4<\/a><\/video><\/div>\n<div style=\"width: 696px;\" class=\"wp-video\"><video class=\"wp-video-shortcode\" id=\"video-99289-2\" width=\"696\" height=\"1123\" preload=\"metadata\" controls=\"controls\"><source type=\"video\/mp4\" src=\"https:\/\/www.cordobatimes.com\/showup\/wp-content\/uploads\/2023\/07\/ssstwitter.com_1689284902888.mp4?_=2\" \/><a href=\"https:\/\/www.cordobatimes.com\/showup\/wp-content\/uploads\/2023\/07\/ssstwitter.com_1689284902888.mp4\">https:\/\/www.cordobatimes.com\/showup\/wp-content\/uploads\/2023\/07\/ssstwitter.com_1689284902888.mp4<\/a><\/video><\/div>\n","protected":false},"excerpt":{"rendered":"<p>La cantante se emocion\u00f3 en plano show , tras unas sentidas palabras del interprete de Corazon Partido. La emotiva versi\u00f3n de Tini de un cl\u00e1sico de Alejandro Sanz \u201cSe viene un momento esperado para m\u00ed. Espa\u00f1a es especial y si tengo que hablar de\u00a0alguien que me ha inspirado\u201d\u00a0describi\u00f3 la estrella antes de cantar \u201cUn beso [&hellip;]<\/p>\n","protected":false},"author":1,"featured_media":99290,"comment_status":"closed","ping_status":"closed","sticky":false,"template":"","format":"standard","meta":{"_seopress_robots_primary_cat":"","_seopress_titles_title":"","_seopress_titles_desc":"","_seopress_robots_index":"","footnotes":""},"categories":[4],"tags":[37713,37712,32507],"class_list":{"0":"post-99289","1":"post","2":"type-post","3":"status-publish","4":"format-standard","5":"has-post-thumbnail","7":"category-famosos","8":"tag-palabras-de-alejandro-sanz-para-tini-stoessel","9":"tag-tini-stoessel-corazon-partido","10":"tag-tini-stoessel-y-alejandro-sanz"},"_links":{"self":[{"href":"https:\/\/www.cordobatimes.com\/showup\/wp-json\/wp\/v2\/posts\/99289","targetHints":{"allow":["GET"]}}],"collection":[{"href":"https:\/\/www.cordobatimes.com\/showup\/wp-json\/wp\/v2\/posts"}],"about":[{"href":"https:\/\/www.cordobatimes.com\/showup\/wp-json\/wp\/v2\/types\/post"}],"author":[{"embeddable":true,"href":"https:\/\/www.cordobatimes.com\/showup\/wp-json\/wp\/v2\/users\/1"}],"replies":[{"embeddable":true,"href":"https:\/\/www.cordobatimes.com\/showup\/wp-json\/wp\/v2\/comments?post=99289"}],"version-history":[{"count":0,"href":"https:\/\/www.cordobatimes.com\/showup\/wp-json\/wp\/v2\/posts\/99289\/revisions"}],"wp:featuredmedia":[{"embeddable":true,"href":"https:\/\/www.cordobatimes.com\/showup\/wp-json\/wp\/v2\/media\/99290"}],"wp:attachment":[{"href":"https:\/\/www.cordobatimes.com\/showup\/wp-json\/wp\/v2\/media?parent=99289"}],"wp:term":[{"taxonomy":"category","embeddable":true,"href":"https:\/\/www.cordobatimes.com\/showup\/wp-json\/wp\/v2\/categories?post=99289"},{"taxonomy":"post_tag","embeddable":true,"href":"https:\/\/www.cordobatimes.com\/showup\/wp-json\/wp\/v2\/tags?post=99289"}],"curies":[{"name":"wp","href":"https:\/\/api.w.org\/{rel}","templated":true}]}}