{"id":99259,"date":"2023-07-12T21:45:13","date_gmt":"2023-07-13T00:45:13","guid":{"rendered":"https:\/\/www.cordobatimes.com\/showup\/?p=99259"},"modified":"2023-07-12T21:45:13","modified_gmt":"2023-07-13T00:45:13","slug":"finalmente-se-conocieron-las-imagenes-de-las-camaras-de-seguridad-con-el-robo-a-los-camarines-de-lam","status":"publish","type":"post","link":"https:\/\/www.cordobatimes.com\/showup\/tv\/2023\/07\/12\/finalmente-se-conocieron-las-imagenes-de-las-camaras-de-seguridad-con-el-robo-a-los-camarines-de-lam\/","title":{"rendered":"Finalmente se conocieron las im\u00e1genes de las camaras de seguridad con el robo a los camarines de LAM"},"content":{"rendered":"<h3><strong>Despu\u00e9s de varias semanas de misterio,\u00a0una mujer confes\u00f3 ser la responsable del robo a las angelitas de LAM. Se trata de\u00a0Diana Pedano, que acompa\u00f1\u00f3 a\u00a0Morena Rial\u00a0al programa conducido por\u00a0\u00c1ngel De Brito. La joven adem\u00e1s\u00a0era ni\u00f1era de Francesco Benicio,\u00a0y fue despedida porque una tarotista le advirti\u00f3 a la medi\u00e1tica que no era una buena compa\u00f1\u00eda para ella.<\/strong><\/h3>\n<p>La chica habl\u00f3 de todo al aire de \u00abEl Run Run del Espect\u00e1culo\u00bb.\u00a0\u00abMe hago cargo del robo. Fui parte de quienes robaron, no la \u00fanica. Lo hice por un momento de necesidad\u00bb,\u00a0asegur\u00f3 en el ciclo de Cr\u00f3nica TV, donde aclar\u00f3 que las compras en la farmacia por un alto molto la hicieron entre varios. Sin embargo, el detalle que expuso Marcela Feudale en su momento evidencia que la ladrona no actu\u00f3 por hambre, ya que adquiri\u00f3 una importante y car\u00edsima cartera en Juanita Jo, una marca exclusiva y de precios elevados.<\/p>\n<p>\u00abNo esperaba que me traicione de esta manera\u00bb, admiti\u00f3 Daiana Pedano tras su alejamiento de Morena Rial, que dej\u00f3 de hablarle por recomendaci\u00f3n de \u00abuna bruja\u00bb, seg\u00fan dijo.<\/p>\n<p>M\u00f3nica Farro fue una de las v\u00edctimas de las amigas de la hija de Jorge Rial. La vedette uruguaya expuso que utilizaron sus tarjetas para transferir, v\u00eda Mercado Pago, cerca de 150 mil pesos.\u00a0\u201cEl jueves, tengo que hacer una transferencia a la ma\u00f1ana y veo cuatro gastos altos que no eran m\u00edos\u201d,\u00a0sostuvo indignada. Feudale tambi\u00e9n habl\u00f3 del hurto e indic\u00f3 que en su caso hicieron dos compras por 90 mil pesos, adem\u00e1s de que le quitaron el cargador de su tel\u00e9fono.<\/p>\n<p>En su momento, \u00c1ngel De Brito explic\u00f3 que las autoridades de Am\u00e9rica TV repusieron todo lo robado en camarines, ya que se trata de un lugar privado del canal que no cuenta con c\u00e1maras de seguridad en su interior.<\/p>\n<p>Este viernes salieron a la luz las imagenes en LAM<\/p>\n<blockquote class=\"twitter-tweet\">\n<p lang=\"es\" dir=\"ltr\">\ud83d\udca5 EXCLUSIVO: Las im\u00e1genes de las c\u00e1maras de seguridad con el robo a camarines de LAM<\/p>\n<p>Cc <a href=\"https:\/\/twitter.com\/hashtag\/LAM?src=hash&amp;ref_src=twsrc%5Etfw\">#LAM<\/a> en Am\u00e9rica TV \ud83d\udcfa <a href=\"https:\/\/twitter.com\/elejercitodelam?ref_src=twsrc%5Etfw\">@elejercitodelam<\/a> <a href=\"https:\/\/twitter.com\/AngeldebritoOk?ref_src=twsrc%5Etfw\">@AngeldebritoOk<\/a> <a href=\"https:\/\/t.co\/fDLyC9D1uo\">pic.twitter.com\/fDLyC9D1uo<\/a><\/p>\n<p>&mdash; Am\u00e9rica TV (@AmericaTV) <a href=\"https:\/\/twitter.com\/AmericaTV\/status\/1679288655137865731?ref_src=twsrc%5Etfw\">July 13, 2023<\/a><\/p><\/blockquote>\n<p> <script async src=\"https:\/\/platform.twitter.com\/widgets.js\" charset=\"utf-8\"><\/script><\/p>\n","protected":false},"excerpt":{"rendered":"<p>Despu\u00e9s de varias semanas de misterio,\u00a0una mujer confes\u00f3 ser la responsable del robo a las angelitas de LAM. Se trata de\u00a0Diana Pedano, que acompa\u00f1\u00f3 a\u00a0Morena Rial\u00a0al programa conducido por\u00a0\u00c1ngel De Brito. La joven adem\u00e1s\u00a0era ni\u00f1era de Francesco Benicio,\u00a0y fue despedida porque una tarotista le advirti\u00f3 a la medi\u00e1tica que no era una buena compa\u00f1\u00eda para [&hellip;]<\/p>\n","protected":false},"author":1,"featured_media":99260,"comment_status":"closed","ping_status":"closed","sticky":false,"template":"","format":"standard","meta":{"_seopress_robots_primary_cat":"","_seopress_titles_title":"","_seopress_titles_desc":"","_seopress_robots_index":"","footnotes":""},"categories":[2],"tags":[37700,37670,37643,37701,37702,37254],"class_list":{"0":"post-99259","1":"post","2":"type-post","3":"status-publish","4":"format-standard","5":"has-post-thumbnail","7":"category-tv","8":"tag-camarines-de-lam","9":"tag-chorragate","10":"tag-daiana-camarines-de-lam","11":"tag-diana-pedano-robo-en-los-camarines-de-lam","12":"tag-robo-de-los-camarines-de-lam-morena-rial","13":"tag-robo-en-los-camarines-de-lam"},"_links":{"self":[{"href":"https:\/\/www.cordobatimes.com\/showup\/wp-json\/wp\/v2\/posts\/99259","targetHints":{"allow":["GET"]}}],"collection":[{"href":"https:\/\/www.cordobatimes.com\/showup\/wp-json\/wp\/v2\/posts"}],"about":[{"href":"https:\/\/www.cordobatimes.com\/showup\/wp-json\/wp\/v2\/types\/post"}],"author":[{"embeddable":true,"href":"https:\/\/www.cordobatimes.com\/showup\/wp-json\/wp\/v2\/users\/1"}],"replies":[{"embeddable":true,"href":"https:\/\/www.cordobatimes.com\/showup\/wp-json\/wp\/v2\/comments?post=99259"}],"version-history":[{"count":0,"href":"https:\/\/www.cordobatimes.com\/showup\/wp-json\/wp\/v2\/posts\/99259\/revisions"}],"wp:featuredmedia":[{"embeddable":true,"href":"https:\/\/www.cordobatimes.com\/showup\/wp-json\/wp\/v2\/media\/99260"}],"wp:attachment":[{"href":"https:\/\/www.cordobatimes.com\/showup\/wp-json\/wp\/v2\/media?parent=99259"}],"wp:term":[{"taxonomy":"category","embeddable":true,"href":"https:\/\/www.cordobatimes.com\/showup\/wp-json\/wp\/v2\/categories?post=99259"},{"taxonomy":"post_tag","embeddable":true,"href":"https:\/\/www.cordobatimes.com\/showup\/wp-json\/wp\/v2\/tags?post=99259"}],"curies":[{"name":"wp","href":"https:\/\/api.w.org\/{rel}","templated":true}]}}