{"id":99218,"date":"2023-07-11T20:51:24","date_gmt":"2023-07-11T23:51:24","guid":{"rendered":"https:\/\/www.cordobatimes.com\/showup\/?p=99218"},"modified":"2023-07-11T20:51:24","modified_gmt":"2023-07-11T23:51:24","slug":"ya-salio-el-trailer-de-wonka-con-timothee-chalamet","status":"publish","type":"post","link":"https:\/\/www.cordobatimes.com\/showup\/cine-y-series\/2023\/07\/11\/ya-salio-el-trailer-de-wonka-con-timothee-chalamet\/","title":{"rendered":"Ya sali\u00f3 el trailer de Wonka con Timoth\u00e9e Chalamet"},"content":{"rendered":"<h3><strong>Estrena el 15 de diciembre.<\/strong><\/h3>\n<p>La historia de c\u00f3mo Willy se convirti\u00f3 en Wonka.<\/p>\n<p>El primer tr\u00e1iler oficial de\u00a0<i>Wonka<\/i>, la nueva pel\u00edcula inspirada en la novela infantil de Roald Dahl, ya est\u00e1 aqu\u00ed.\u00a0Timoth\u00e9e Chalamet\u00a0(<i>Ll\u00e1mame por tu nombre<\/i>) vuelve a demostrar su versatilidad en la pantalla grande y se convierte en la versi\u00f3n joven y so\u00f1adora del famoso due\u00f1o de la f\u00e1brica de chocolate. El film producido por Warner Bros. Pictures traer\u00e1 una historia diferente en la que mostrar\u00e1 m\u00e1s de cerca los or\u00edgenes del personaje a trav\u00e9s del g\u00e9nero musical y que a la vez contar\u00e1 con un talentoso reparto de estrellas de Hollywood.<\/p>\n<p>Dirigida por el brit\u00e1nico Paul King (<i>Paddington<\/i>), este t\u00edtulo dejar\u00e1 atr\u00e1s las interpretaciones de\u00a0<b>Gene Wilder<\/b>\u00a0y\u00a0<b>Johnny Depp<\/b>, quienes dieron vida al amante de las golosinas en\u00a0<i><b>Charlie y la f\u00e1brica de chocolate<\/b><\/i>\u00a0de 1971 y su\u00a0<i>reboot<\/i>\u00a0hom\u00f3nimo dirigido por\u00a0<b>Tim Burton<\/b>\u00a0en 2005. De tal manera, Chalamet (quien tambi\u00e9n estar\u00e1 este 2023 en la secuela de\u00a0<i><b>Dune<\/b><\/i>) no solo ser\u00e1 oficialmente el tercer actor que se ponga el sombrero del chocolatero, sino tambi\u00e9n el m\u00e1s joven hasta la fecha.<\/p>\n<p>Pero Timoth\u00e9e no es la \u00fanica estrella de este largometraje. En el avance, previamente revelado exclusivamente para los asistentes de la CinemaCon de este a\u00f1o, se aprecia tambi\u00e9n la participaci\u00f3n de\u00a0<b>Hugh Grant<\/b>\u00a0como la nueva cara de los Oompa-Loompas. En estas nuevas im\u00e1genes se observa al actor dejando atr\u00e1s su reconocida faceta de gal\u00e1n en varios films hollywoodenses y convirti\u00e9ndose en el rostro principal de los peculiares trabajadores que pasan sus d\u00edas dentro de la f\u00e1brica de Wonka.<\/p>\n<p>Adem\u00e1s, entre las principales figuras brit\u00e1nicas del reparto tambi\u00e9n se encuentran la ganadora del Oscar,\u00a0<b>Olivia Colman<\/b>; el actor detr\u00e1s de\u00a0<i>Mr. Bean<\/i>,\u00a0<b>Rowan Atkinson<\/b>; la ganadora del Globo de Oro y protagonista en\u00a0<i>La forma del agua<\/i>,\u00a0<b>Sally Hawkins<\/b>; el comediante y guionista Keegan-Michael Key, la voz de Toad en\u00a0<i>Super Mario Bros: la pel\u00edcula<\/i>; entre otros nombres como Jim Carter, Mathew Baynton y Tom Davis.<\/p>\n<p class=\"paragraph\" data-mrf-recirculation=\"Links inline\"><i>Wonka\u00a0<\/i>se estrena en Estados Unidos el pr\u00f3ximo 15 de diciembre de 2023. Tras algunos retrasos, finalmente Warner Bros. Pictures decidi\u00f3 que el film llegue a todo el mundo durante \u00e9poca navide\u00f1a, lo que ya deja entrever un poco de lo que veremos en esta nueva historia, que tomar\u00e1 lugar muchos a\u00f1os antes de que Wonka fundara su gran f\u00e1brica de chocolate y se convirtiera en una enigm\u00e1tica y famosa figura.<\/p>\n<h3 class=\"header d23-headline-class-h2\"><strong>Un Willy Wonka menos arrogante<\/strong><\/h3>\n<p class=\"paragraph\" data-mrf-recirculation=\"Links inline\">Timoth\u00e9e Chalamet ha adelantado que su versi\u00f3n del personaje no ser\u00e1 parecida a la de sus predecesores. En el marco de la CinemaCon, el int\u00e9rprete de 27 a\u00f1os se\u00f1al\u00f3 que el Wonka adulto que ha visto la audiencia en la pantalla grande es un hombre \u201cc\u00ednico\u201d y un poco m\u00e1s arrogante. \u201cEste es un Willy lleno de alegr\u00eda, esperanza y deseo de convertirse en el mayor chocolatero\u201d, explic\u00f3 la joven estrella.<\/p>\n<p class=\"paragraph\" data-mrf-recirculation=\"Links inline\">Asimismo, Chalamet mencion\u00f3 que interpretar al personaje creado por el novelista Roald Dahl es \u201cun sue\u00f1o hecho realidad\u201d. Desde hace un par de a\u00f1os, se le vio en aclamadas producciones como\u00a0<i>Ll\u00e1mame por tu nombre<\/i>\u00a0(2017),\u00a0<i>Lady Bird<\/i>\u00a0(2017),\u00a0<i>Mujercitas<\/i>\u00a0(2019),\u00a0<i>Duna\u00a0<\/i>(2021) y\u00a0<i>No miren arriba<\/i>\u00a0(2021). Para este 2023, tambi\u00e9n estar\u00e1 junto a Zendaya en\u00a0<i>Duna: parte dos<\/i>.<\/p>\n<p data-mrf-recirculation=\"Links inline\">Mientras esperas por el estreno de la anticipada pel\u00edcula, puedes ver\u00a0<i><b>Charlie y la f\u00e1brica de chocolate<\/b><\/i>\u00a0de 1971 en\u00a0<b>HBO Max<\/b>\u00a0y su reboot de 2005 en\u00a0<b>Prime Video<\/b>.<\/p>\n<div style=\"width: 480px;\" class=\"wp-video\"><video class=\"wp-video-shortcode\" id=\"video-99218-1\" width=\"480\" height=\"270\" preload=\"metadata\" controls=\"controls\"><source type=\"video\/mp4\" src=\"https:\/\/www.cordobatimes.com\/showup\/wp-content\/uploads\/2023\/07\/eeemiliano_1678796398744207363_480x270-1.mp4?_=1\" \/><a href=\"https:\/\/www.cordobatimes.com\/showup\/wp-content\/uploads\/2023\/07\/eeemiliano_1678796398744207363_480x270-1.mp4\">https:\/\/www.cordobatimes.com\/showup\/wp-content\/uploads\/2023\/07\/eeemiliano_1678796398744207363_480x270-1.mp4<\/a><\/video><\/div>\n<p>&nbsp;<\/p>\n","protected":false},"excerpt":{"rendered":"<p>Estrena el 15 de diciembre. La historia de c\u00f3mo Willy se convirti\u00f3 en Wonka. El primer tr\u00e1iler oficial de\u00a0Wonka, la nueva pel\u00edcula inspirada en la novela infantil de Roald Dahl, ya est\u00e1 aqu\u00ed.\u00a0Timoth\u00e9e Chalamet\u00a0(Ll\u00e1mame por tu nombre) vuelve a demostrar su versatilidad en la pantalla grande y se convierte en la versi\u00f3n joven y so\u00f1adora [&hellip;]<\/p>\n","protected":false},"author":1,"featured_media":99219,"comment_status":"closed","ping_status":"closed","sticky":false,"template":"","format":"standard","meta":{"_seopress_robots_primary_cat":"","_seopress_titles_title":"","_seopress_titles_desc":"","_seopress_robots_index":"","footnotes":""},"categories":[3],"tags":[37685,37684,37686],"class_list":{"0":"post-99218","1":"post","2":"type-post","3":"status-publish","4":"format-standard","5":"has-post-thumbnail","7":"category-cine-y-series","8":"tag-trailer-de-wonka","9":"tag-trailer-de-wonka-con-timothee-chalamet","10":"tag-wonka-con-timothee-chalamet"},"_links":{"self":[{"href":"https:\/\/www.cordobatimes.com\/showup\/wp-json\/wp\/v2\/posts\/99218","targetHints":{"allow":["GET"]}}],"collection":[{"href":"https:\/\/www.cordobatimes.com\/showup\/wp-json\/wp\/v2\/posts"}],"about":[{"href":"https:\/\/www.cordobatimes.com\/showup\/wp-json\/wp\/v2\/types\/post"}],"author":[{"embeddable":true,"href":"https:\/\/www.cordobatimes.com\/showup\/wp-json\/wp\/v2\/users\/1"}],"replies":[{"embeddable":true,"href":"https:\/\/www.cordobatimes.com\/showup\/wp-json\/wp\/v2\/comments?post=99218"}],"version-history":[{"count":0,"href":"https:\/\/www.cordobatimes.com\/showup\/wp-json\/wp\/v2\/posts\/99218\/revisions"}],"wp:featuredmedia":[{"embeddable":true,"href":"https:\/\/www.cordobatimes.com\/showup\/wp-json\/wp\/v2\/media\/99219"}],"wp:attachment":[{"href":"https:\/\/www.cordobatimes.com\/showup\/wp-json\/wp\/v2\/media?parent=99218"}],"wp:term":[{"taxonomy":"category","embeddable":true,"href":"https:\/\/www.cordobatimes.com\/showup\/wp-json\/wp\/v2\/categories?post=99218"},{"taxonomy":"post_tag","embeddable":true,"href":"https:\/\/www.cordobatimes.com\/showup\/wp-json\/wp\/v2\/tags?post=99218"}],"curies":[{"name":"wp","href":"https:\/\/api.w.org\/{rel}","templated":true}]}}