{"id":99195,"date":"2023-07-11T10:41:55","date_gmt":"2023-07-11T13:41:55","guid":{"rendered":"https:\/\/www.cordobatimes.com\/showup\/?p=99195"},"modified":"2023-07-11T10:41:55","modified_gmt":"2023-07-11T13:41:55","slug":"vicuna-aclaro-su-dedicatoria-romantica-a-pampita-en-los-martin-fierro-quizas-estuve-mal","status":"publish","type":"post","link":"https:\/\/www.cordobatimes.com\/showup\/tv\/2023\/07\/11\/vicuna-aclaro-su-dedicatoria-romantica-a-pampita-en-los-martin-fierro-quizas-estuve-mal\/","title":{"rendered":"Vicu\u00f1a aclar\u00f3 su dedicatoria rom\u00e1ntica a Pampita en los Mart\u00edn Fierro: \u201cQuiz\u00e1s estuve mal\u201d"},"content":{"rendered":"<h3><strong>Por su parte, la modelo lanz\u00f3 un fuerte mensaje para afirmar su postura y dejar en claro que su v\u00ednculo con Roberto Garc\u00eda Morit\u00e1n est\u00e1 intacto.<\/strong><\/h3>\n<p>El \u00faltimo domingo\u00a0Benjam\u00edn Vicu\u00f1a\u00a0se llev\u00f3 la estatuilla al Mejor Actor Protagonista de Ficci\u00f3n por su papel en\u00a0El Primero de Nosotros\u00a0(Telefe) en la ceremonia de los\u00a0Mart\u00edn Fierro\u00a0organizada por APTRA. Durante su discurso tras la premiaci\u00f3n, sorprendi\u00f3 a todo el auditorio y a los televidentes con una frase que fue interpretada como un mensaje para\u00a0Carolina Pampita Ardohain, su exmujer y con quien tuvo a sus hijos\u00a0Blanca\u00a0-fallecida en 2012-,\u00a0Bautista, Beltr\u00e1n\u00a0y\u00a0Benicio.<\/p>\n<p>\u201cMuchas gracias a este pa\u00eds hermoso, que me recibi\u00f3 y me dio lugar. Me dio a mis hijos y me dio un amor\u201d, expres\u00f3 el actor chileno al agradecer su premio y r\u00e1pidamente se volvi\u00f3 tendencia por este gesto que muchos creyeron que iba dirigido para la conductora de\u00a0El Hotel de los Famosos\u00a0(El Trece). Es por eso que, una vez pasada la ceremonia, Vicu\u00f1a decidi\u00f3 aclarar los tantos.<\/p>\n<p>Ocurri\u00f3 durante la tarde de este lunes, en el aire de\u00a0Cort\u00e1 por Lozano\u00a0(Telefe) y siendo entrevistado por todo el panel. En la nota, Vicu\u00f1a habl\u00f3 de las emociones vividas durante y despu\u00e9s de la ceremonia y en un momento del di\u00e1logo,\u00a0Vicky Xipolitakis\u00a0aprovech\u00f3 para consultarle sobre su sonada declaraci\u00f3n. \u201c\u00bfA qu\u00e9 te referiste con que Argentina te dio un gran amor?\u201d, le plante\u00f3.<\/p>\n<p>\u201cNo vamos a analizar un discurso cuando uno est\u00e1 arriba con mil personas que te est\u00e1n mirando, m\u00e1s la televisaci\u00f3n&#8230; Quise decir, y aqu\u00ed lo repito, que estoy muy agradecido del lugar que me han dado en Argentina\u201d, comenz\u00f3 diciendo Vicu\u00f1a en su respuesta.<\/p>\n<p>\u201cYo s\u00e9 que es dif\u00edcil, pero me lo he ganado con mucho esfuerzo, con sacrificio. Era 9 de julio y dije: \u2018Es un pa\u00eds que me dio a mis hijos, el amor&#8230;\u2019. Quiz\u00e1s me equivoqu\u00e9\u201d, dijo el actor chileno a continuaci\u00f3n y del otro lado,\u00a0Ver\u00f3nica Lozano\u00a0percibi\u00f3 cierta incomodidad en sus palabras. \u201cSe entiende, Benja, se entiende perfecto\u201d, acot\u00f3 la conductora como para querer sacarlo del tema. Pero Vicu\u00f1a quiso seguir hablando del tema para dejar todo claro.<\/p>\n<p>\u201cNo, pero justo&#8230; Evidentemente, estaba mi ex con su marido en el sal\u00f3n y quiz\u00e1s puede haber una manipulaci\u00f3n de ese discurso o quiz\u00e1s estuve mal yo. Pero me refer\u00eda al amor en todas las formas: en la calle, como la gente banca en el teatro, el de pareja que lo he vivido\u201d, ensay\u00f3 en su aclaraci\u00f3n. Despu\u00e9s acot\u00f3 que lleva viviendo m\u00e1s de 15 a\u00f1os en la Argentina y que est\u00e1 m\u00e1s que \u201cagradecido y orgulloso\u201d por la tierra que lo acogi\u00f3. \u201cTengo la suerte de que amo este pa\u00eds, incluso&#8230; No, frases pol\u00e9micas no voy a seguir regalando\u201d, dijo y con una risita se fren\u00f3 para proseguir con su explicaci\u00f3n. \u201cVeo que ustedes son mucho m\u00e1s cr\u00edticos con ustedes mismos y yo veo un pa\u00eds hermoso, generoso y lleno de talento\u201d, cerr\u00f3 Vicu\u00f1a.<\/p>\n<div style=\"width: 320px;\" class=\"wp-video\"><video class=\"wp-video-shortcode\" id=\"video-99195-1\" width=\"320\" height=\"180\" preload=\"metadata\" controls=\"controls\"><source type=\"video\/mp4\" src=\"https:\/\/www.cordobatimes.com\/showup\/wp-content\/uploads\/2023\/07\/klJlistl-34105375.mp4?_=1\" \/><a href=\"https:\/\/www.cordobatimes.com\/showup\/wp-content\/uploads\/2023\/07\/klJlistl-34105375.mp4\">https:\/\/www.cordobatimes.com\/showup\/wp-content\/uploads\/2023\/07\/klJlistl-34105375.mp4<\/a><\/video><\/div>\n<p>La otra protagonista (involuntaria) de esta historia es sin dudas Pampita, quien asisti\u00f3 a la gala organizada por APTRA en compa\u00f1\u00eda de\u00a0Roberto Garc\u00eda Morit\u00e1n, su actual marido. Y para terminar de dejar claro todo tipo de sentimientos, lanz\u00f3 un contundente mensaje en su cuenta de Instagram tras el discurso de Vicu\u00f1a.<\/p>\n<p>\u201cTe amo tanto\u201d, escribi\u00f3 la conductora junto con un coraz\u00f3n rojo como ep\u00edgrafe de una foto en la que se la ve junto al pol\u00edtico en la alfombra roja de los Mart\u00edn Fierro.<\/p>\n<p><img alt=\"\" loading=\"lazy\" decoding=\"async\" class=\"alignnone wp-image-99197 size-full\" src=\"https:\/\/www.cordobatimes.com\/showup\/wp-content\/uploads\/2023\/07\/Pantallazo-11-07-2023-10.29.16.jpg\" alt=\"\" width=\"501\" height=\"825\" srcset=\"https:\/\/www.cordobatimes.com\/showup\/wp-content\/uploads\/2023\/07\/Pantallazo-11-07-2023-10.29.16.jpg 501w, https:\/\/www.cordobatimes.com\/showup\/wp-content\/uploads\/2023\/07\/Pantallazo-11-07-2023-10.29.16-255x420.jpg 255w\" sizes=\"auto, (max-width: 501px) 100vw, 501px\" \/><\/p>\n<p>&nbsp;<\/p>\n<p>&nbsp;<\/p>\n<p>&nbsp;<\/p>\n","protected":false},"excerpt":{"rendered":"<p>Por su parte, la modelo lanz\u00f3 un fuerte mensaje para afirmar su postura y dejar en claro que su v\u00ednculo con Roberto Garc\u00eda Morit\u00e1n est\u00e1 intacto. El \u00faltimo domingo\u00a0Benjam\u00edn Vicu\u00f1a\u00a0se llev\u00f3 la estatuilla al Mejor Actor Protagonista de Ficci\u00f3n por su papel en\u00a0El Primero de Nosotros\u00a0(Telefe) en la ceremonia de los\u00a0Mart\u00edn Fierro\u00a0organizada por APTRA. Durante [&hellip;]<\/p>\n","protected":false},"author":1,"featured_media":99166,"comment_status":"closed","ping_status":"closed","sticky":false,"template":"","format":"standard","meta":{"_seopress_robots_primary_cat":"","_seopress_titles_title":"","_seopress_titles_desc":"","_seopress_robots_index":"","footnotes":""},"categories":[2],"tags":[37674,37675,27280],"class_list":{"0":"post-99195","1":"post","2":"type-post","3":"status-publish","4":"format-standard","5":"has-post-thumbnail","7":"category-tv","8":"tag-benjamin-vicuna-martin-fierro","9":"tag-benjamin-vicuna-martin-fierro-pampita","10":"tag-pampita-benjamin-vicuna"},"_links":{"self":[{"href":"https:\/\/www.cordobatimes.com\/showup\/wp-json\/wp\/v2\/posts\/99195","targetHints":{"allow":["GET"]}}],"collection":[{"href":"https:\/\/www.cordobatimes.com\/showup\/wp-json\/wp\/v2\/posts"}],"about":[{"href":"https:\/\/www.cordobatimes.com\/showup\/wp-json\/wp\/v2\/types\/post"}],"author":[{"embeddable":true,"href":"https:\/\/www.cordobatimes.com\/showup\/wp-json\/wp\/v2\/users\/1"}],"replies":[{"embeddable":true,"href":"https:\/\/www.cordobatimes.com\/showup\/wp-json\/wp\/v2\/comments?post=99195"}],"version-history":[{"count":0,"href":"https:\/\/www.cordobatimes.com\/showup\/wp-json\/wp\/v2\/posts\/99195\/revisions"}],"wp:featuredmedia":[{"embeddable":true,"href":"https:\/\/www.cordobatimes.com\/showup\/wp-json\/wp\/v2\/media\/99166"}],"wp:attachment":[{"href":"https:\/\/www.cordobatimes.com\/showup\/wp-json\/wp\/v2\/media?parent=99195"}],"wp:term":[{"taxonomy":"category","embeddable":true,"href":"https:\/\/www.cordobatimes.com\/showup\/wp-json\/wp\/v2\/categories?post=99195"},{"taxonomy":"post_tag","embeddable":true,"href":"https:\/\/www.cordobatimes.com\/showup\/wp-json\/wp\/v2\/tags?post=99195"}],"curies":[{"name":"wp","href":"https:\/\/api.w.org\/{rel}","templated":true}]}}