{"id":99127,"date":"2023-07-10T10:00:58","date_gmt":"2023-07-10T13:00:58","guid":{"rendered":"https:\/\/www.cordobatimes.com\/showup\/?p=99127"},"modified":"2023-07-10T10:00:58","modified_gmt":"2023-07-10T13:00:58","slug":"martin-fierro-2023-la-voz-de-natalia-oreiro-para-recordar-a-quienes-ya-no-estan","status":"publish","type":"post","link":"https:\/\/www.cordobatimes.com\/showup\/tv\/2023\/07\/10\/martin-fierro-2023-la-voz-de-natalia-oreiro-para-recordar-a-quienes-ya-no-estan\/","title":{"rendered":"Mart\u00edn Fierro 2023: la voz de Natalia Oreiro para recordar a quienes ya no est\u00e1n"},"content":{"rendered":"<h3><strong>La cantante interpret\u00f3 una versi\u00f3n emotiva de un cl\u00e1sico de Gilda para recordar a las personalidades del espect\u00e1culo que fallecieron el \u00faltimo a\u00f1o.<\/strong><\/h3>\n<p>El\u00a0In Memoriam\u00a0es, sin dudas, el momento m\u00e1s emotivo de cada gala de los premios\u00a0Mart\u00edn Fierro. El homenaje en fotos, videos y palabras activa los recuerdos y los orienta hacia aquellas personalidades que nos dejaron en el \u00faltimo a\u00f1o. Dejar es una manera de decir, claro est\u00e1, porque su obra, su legado, su recuerdo permanece para siempre en sus seres queridos y en la comunidad art\u00edstica, que pone en pausa por un instante el bullicio de la ceremonia y hace un respetuoso silencio para acompa\u00f1ar el momento.<\/p>\n<p>En esta oportunidad el homenaje estuvo comandado por la voz de\u00a0Natalia Oreiro, quien interpret\u00f3 una conmovedora versi\u00f3n de \u201cNo es mi despedida\u201d, el cl\u00e1sico de su admirada\u00a0Gilda. El tempo mucho m\u00e1s aplacado, que hizo por momentos casi irreconocible la melod\u00eda, acentu\u00f3 el car\u00e1cter \u00e9pico de la letra interpretada por la recordada cantante fallecida en un accidente de tr\u00e1nsito en 1996. Una manera, por qu\u00e9 no, de tenerla presente tambi\u00e9n a ella.<\/p>\n<p>Mientras Natalia llevaba adelante su interpretaci\u00f3n, el In Memoriam empez\u00f3 con la emblem\u00e1tica frase de Lidia Satragno, Pinky, con la que inaugur\u00f3 all\u00e1 por 1980 la televisi\u00f3n color en Argentina. As\u00ed se fueron sucediendo los nombres, los rostros y las fechas de nacimiento y muerte de aquellos que partieron en el \u00faltimo a\u00f1o. Claudio Da Passano, Diana Maggi, Guido Gorgatti, Guillermo Calabrese, Hayd\u00e9e Padilla, Julieta Vallina, Lino Patalano, Mabel Passano, Magdalena Ruiz Gui\u00f1az\u00fa, Mar\u00eda Onetto, Silvana Su\u00e1rez, Trist\u00e1n y Rodolfo Beb\u00e1n fueron algunos de los artistas recordados en la noche m\u00e1s esperada por la televisi\u00f3n.<\/p>\n<p>La sucesi\u00f3n de im\u00e1genes solo fue interrumpida por algunos videos destacando las figuras en cuesti\u00f3n. As\u00ed, el periodista\u00a0C\u00e9sar Mascetti\u00a0se hizo presente con un fragmento al frente del cl\u00e1sico\u00a0Telenoche\u00a0al igual que el locutor\u00a0Cacho Fontana, con un material de archivo de su emblem\u00e1tico\u00a0Odol pregunta. El cierre qued\u00f3 para\u00a0Carlitos Bal\u00e1, su gestito de idea, y sus frases que quedaron retumbando en el Sal\u00f3n Pac\u00edfico del Hilton como en todas las generaciones de ni\u00f1os eternos m\u00e1s all\u00e1 de la pantalla.<\/p>\n<p>Al sonar el \u00faltimo acorde, y luego de un instante de profundo silencio se convirti\u00f3 en un aplauso sostenido. Las l\u00e1grimas que\u00a0Susana Gim\u00e9nez\u00a0no pod\u00eda contener a pesar de sus esfuerzos.\u00a0Las cuatro generaciones\u00a0Legrand\u00a0-Mirtha, Marcela, Juana y \u00c1mbar- conmovidas y conmoviendo. El aplauso de\u00a0Pablo Codevila, la mirada en lo alto y respetuosa de\u00a0Adri\u00e1n Suar. La plana mayor del espect\u00e1culo argentino rindiendo un merecido homenaje a aquellos que dejaron su sello inolvidable a trav\u00e9s de los a\u00f1os.<\/p>\n<p>\u201cNatalia, estuviste m\u00e1gica\u201d, la elogi\u00f3 el conductor\u00a0Santiago del Moro\u00a0al regresar del corte publicitario y\u00a0antes de seguir con la rutina de premiaciones. Porque el mundo del espect\u00e1culo, como en la vida misma, el show debe continuar.<\/p>\n<div style=\"width: 320px;\" class=\"wp-video\"><video class=\"wp-video-shortcode\" id=\"video-99127-1\" width=\"320\" height=\"180\" preload=\"metadata\" controls=\"controls\"><source type=\"video\/mp4\" src=\"https:\/\/www.cordobatimes.com\/showup\/wp-content\/uploads\/2023\/07\/SLS9g6d4-34105375.mp4?_=1\" \/><a href=\"https:\/\/www.cordobatimes.com\/showup\/wp-content\/uploads\/2023\/07\/SLS9g6d4-34105375.mp4\">https:\/\/www.cordobatimes.com\/showup\/wp-content\/uploads\/2023\/07\/SLS9g6d4-34105375.mp4<\/a><\/video><\/div>\n","protected":false},"excerpt":{"rendered":"<p>La cantante interpret\u00f3 una versi\u00f3n emotiva de un cl\u00e1sico de Gilda para recordar a las personalidades del espect\u00e1culo que fallecieron el \u00faltimo a\u00f1o. El\u00a0In Memoriam\u00a0es, sin dudas, el momento m\u00e1s emotivo de cada gala de los premios\u00a0Mart\u00edn Fierro. El homenaje en fotos, videos y palabras activa los recuerdos y los orienta hacia aquellas personalidades que [&hellip;]<\/p>\n","protected":false},"author":1,"featured_media":99128,"comment_status":"closed","ping_status":"closed","sticky":false,"template":"","format":"standard","meta":{"_seopress_robots_primary_cat":"","_seopress_titles_title":"","_seopress_titles_desc":"","_seopress_robots_index":"","footnotes":""},"categories":[2],"tags":[37652,37649,37651,37650],"class_list":{"0":"post-99127","1":"post","2":"type-post","3":"status-publish","4":"format-standard","5":"has-post-thumbnail","7":"category-tv","8":"tag-in-memoriam-martin-fierro-natalia-oreiro","9":"tag-martin-fierro-2023","10":"tag-martin-fierro-2023-in-memoriam","11":"tag-martin-fierro-2023-natalia-oreiro"},"_links":{"self":[{"href":"https:\/\/www.cordobatimes.com\/showup\/wp-json\/wp\/v2\/posts\/99127","targetHints":{"allow":["GET"]}}],"collection":[{"href":"https:\/\/www.cordobatimes.com\/showup\/wp-json\/wp\/v2\/posts"}],"about":[{"href":"https:\/\/www.cordobatimes.com\/showup\/wp-json\/wp\/v2\/types\/post"}],"author":[{"embeddable":true,"href":"https:\/\/www.cordobatimes.com\/showup\/wp-json\/wp\/v2\/users\/1"}],"replies":[{"embeddable":true,"href":"https:\/\/www.cordobatimes.com\/showup\/wp-json\/wp\/v2\/comments?post=99127"}],"version-history":[{"count":0,"href":"https:\/\/www.cordobatimes.com\/showup\/wp-json\/wp\/v2\/posts\/99127\/revisions"}],"wp:featuredmedia":[{"embeddable":true,"href":"https:\/\/www.cordobatimes.com\/showup\/wp-json\/wp\/v2\/media\/99128"}],"wp:attachment":[{"href":"https:\/\/www.cordobatimes.com\/showup\/wp-json\/wp\/v2\/media?parent=99127"}],"wp:term":[{"taxonomy":"category","embeddable":true,"href":"https:\/\/www.cordobatimes.com\/showup\/wp-json\/wp\/v2\/categories?post=99127"},{"taxonomy":"post_tag","embeddable":true,"href":"https:\/\/www.cordobatimes.com\/showup\/wp-json\/wp\/v2\/tags?post=99127"}],"curies":[{"name":"wp","href":"https:\/\/api.w.org\/{rel}","templated":true}]}}