{"id":99116,"date":"2023-07-08T17:40:12","date_gmt":"2023-07-08T20:40:12","guid":{"rendered":"https:\/\/www.cordobatimes.com\/showup\/?p=99116"},"modified":"2023-07-10T20:42:51","modified_gmt":"2023-07-10T23:42:51","slug":"confeso-daiana-una-de-las-ladronas-de-los-camarines-de-lam-quien-es-la-otra","status":"publish","type":"post","link":"https:\/\/www.cordobatimes.com\/showup\/tv\/2023\/07\/08\/confeso-daiana-una-de-las-ladronas-de-los-camarines-de-lam-quien-es-la-otra\/","title":{"rendered":"Confes\u00f3 Daiana una de las ladronas de los camarines de LAM  \u00bfQui\u00e9n es la otra?"},"content":{"rendered":"<h3><strong><span class=\"css-901oao css-16my406 r-poiln3 r-bcqeeo r-qvutc0\">Apareci\u00f3 la que robo en <\/span><span class=\"r-18u37iz\">LAM<\/span><span class=\"css-901oao css-16my406 r-poiln3 r-bcqeeo r-qvutc0\"> Confes\u00f3 la amiga de <\/span><span class=\"r-18u37iz\">More Rial<\/span><\/strong><\/h3>\n<p class=\"style-scope ytd-watch-metadata\">Daiana Pedano, amiga de More Rial, confes\u00f3 en vivo: \u00abYo rob\u00e9 en el programa de \u00c1ngel de Brito\u00bb<\/p>\n<p><span class=\"css-901oao css-16my406 r-poiln3 r-bcqeeo r-qvutc0\">Daiana Pedano, ex ni\u00f1era del hijo de More Rial confes\u00f3 el robo en los camarines de <\/span><span class=\"r-18u37iz\">LAM<\/span><\/p>\n<div style=\"width: 640px;\" class=\"wp-video\"><video class=\"wp-video-shortcode\" id=\"video-99116-1\" width=\"640\" height=\"360\" preload=\"metadata\" controls=\"controls\"><source type=\"video\/mp4\" src=\"https:\/\/www.cordobatimes.com\/showup\/wp-content\/uploads\/2023\/07\/videoplayback-2.mp4?_=1\" \/><a href=\"https:\/\/www.cordobatimes.com\/showup\/wp-content\/uploads\/2023\/07\/videoplayback-2.mp4\">https:\/\/www.cordobatimes.com\/showup\/wp-content\/uploads\/2023\/07\/videoplayback-2.mp4<\/a><\/video><\/div>\n<div style=\"width: 492px;\" class=\"wp-video\"><video class=\"wp-video-shortcode\" id=\"video-99116-2\" width=\"492\" height=\"270\" preload=\"metadata\" controls=\"controls\"><source type=\"video\/mp4\" src=\"https:\/\/www.cordobatimes.com\/showup\/wp-content\/uploads\/2023\/07\/elejercitodelam_1677774626166919170_492x270.mp4?_=2\" \/><a href=\"https:\/\/www.cordobatimes.com\/showup\/wp-content\/uploads\/2023\/07\/elejercitodelam_1677774626166919170_492x270.mp4\">https:\/\/www.cordobatimes.com\/showup\/wp-content\/uploads\/2023\/07\/elejercitodelam_1677774626166919170_492x270.mp4<\/a><\/video><\/div>\n<div style=\"width: 480px;\" class=\"wp-video\"><video class=\"wp-video-shortcode\" id=\"video-99116-3\" width=\"480\" height=\"270\" preload=\"metadata\" controls=\"controls\"><source type=\"video\/mp4\" src=\"https:\/\/www.cordobatimes.com\/showup\/wp-content\/uploads\/2023\/07\/AmericaTV_1678549588355997697_480x270.mp4?_=3\" \/><a href=\"https:\/\/www.cordobatimes.com\/showup\/wp-content\/uploads\/2023\/07\/AmericaTV_1678549588355997697_480x270.mp4\">https:\/\/www.cordobatimes.com\/showup\/wp-content\/uploads\/2023\/07\/AmericaTV_1678549588355997697_480x270.mp4<\/a><\/video><\/div>\n","protected":false},"excerpt":{"rendered":"<p>Apareci\u00f3 la que robo en LAM Confes\u00f3 la amiga de More Rial Daiana Pedano, amiga de More Rial, confes\u00f3 en vivo: \u00abYo rob\u00e9 en el programa de \u00c1ngel de Brito\u00bb Daiana Pedano, ex ni\u00f1era del hijo de More Rial confes\u00f3 el robo en los camarines de LAM<\/p>\n","protected":false},"author":1,"featured_media":99117,"comment_status":"closed","ping_status":"closed","sticky":false,"template":"","format":"standard","meta":{"_seopress_robots_primary_cat":"","_seopress_titles_title":"","_seopress_titles_desc":"","_seopress_robots_index":"","footnotes":""},"categories":[2],"tags":[37670,37643,37642,37254],"class_list":{"0":"post-99116","1":"post","2":"type-post","3":"status-publish","4":"format-standard","5":"has-post-thumbnail","7":"category-tv","8":"tag-chorragate","9":"tag-daiana-camarines-de-lam","10":"tag-ladronas-en-los-camarines-de-lam","11":"tag-robo-en-los-camarines-de-lam"},"_links":{"self":[{"href":"https:\/\/www.cordobatimes.com\/showup\/wp-json\/wp\/v2\/posts\/99116","targetHints":{"allow":["GET"]}}],"collection":[{"href":"https:\/\/www.cordobatimes.com\/showup\/wp-json\/wp\/v2\/posts"}],"about":[{"href":"https:\/\/www.cordobatimes.com\/showup\/wp-json\/wp\/v2\/types\/post"}],"author":[{"embeddable":true,"href":"https:\/\/www.cordobatimes.com\/showup\/wp-json\/wp\/v2\/users\/1"}],"replies":[{"embeddable":true,"href":"https:\/\/www.cordobatimes.com\/showup\/wp-json\/wp\/v2\/comments?post=99116"}],"version-history":[{"count":0,"href":"https:\/\/www.cordobatimes.com\/showup\/wp-json\/wp\/v2\/posts\/99116\/revisions"}],"wp:featuredmedia":[{"embeddable":true,"href":"https:\/\/www.cordobatimes.com\/showup\/wp-json\/wp\/v2\/media\/99117"}],"wp:attachment":[{"href":"https:\/\/www.cordobatimes.com\/showup\/wp-json\/wp\/v2\/media?parent=99116"}],"wp:term":[{"taxonomy":"category","embeddable":true,"href":"https:\/\/www.cordobatimes.com\/showup\/wp-json\/wp\/v2\/categories?post=99116"},{"taxonomy":"post_tag","embeddable":true,"href":"https:\/\/www.cordobatimes.com\/showup\/wp-json\/wp\/v2\/tags?post=99116"}],"curies":[{"name":"wp","href":"https:\/\/api.w.org\/{rel}","templated":true}]}}