{"id":98998,"date":"2023-07-04T18:34:22","date_gmt":"2023-07-04T21:34:22","guid":{"rendered":"https:\/\/www.cordobatimes.com\/showup\/?p=98998"},"modified":"2023-07-04T18:34:22","modified_gmt":"2023-07-04T21:34:22","slug":"primeras-imagenes-de-valentina-zenere-como-nahir-galarza","status":"publish","type":"post","link":"https:\/\/www.cordobatimes.com\/showup\/cine-y-series\/2023\/07\/04\/primeras-imagenes-de-valentina-zenere-como-nahir-galarza\/","title":{"rendered":"Primeras im\u00e1genes de Valentina Zenere como Nahir Galarza"},"content":{"rendered":"<h3 class=\"d23-article-headline left \"><strong>\u201cNahir\u201d comenz\u00f3 su rodaje y estas son las primeras im\u00e1genes de la pel\u00edcula basada en el caso real.<\/strong><\/h3>\n<p class=\"paragraph\" data-mrf-recirculation=\"Links inline\"><b>Prime Video<\/b>\u00a0dio a conocer el primer vistazo de\u00a0<i><b>Nahir<\/b><\/i>, la pel\u00edcula donde\u00a0<b>Valentina Zenere\u00a0<\/b>(<i>\u00c9lite<\/i>) encarnar\u00e1 a la condenada a cadena perpetua m\u00e1s joven de la historia de Argentina,\u00a0<b>Nahir Galarza<\/b>. Adem\u00e1s, la plataforma confirm\u00f3 el inicio del rodaje del emocionante thriller y drama de ficci\u00f3n que est\u00e1 basado en uno de los casos policiales m\u00e1s impactantes y conmovedores de los \u00faltimos a\u00f1os en este pa\u00eds.<\/p>\n<p class=\"paragraph\" data-mrf-recirculation=\"Links inline\">La historia retratar\u00e1 la investigaci\u00f3n del sonado asesinato de\u00a0<b>Fernando Pastorizzo<\/b>, quien fuese hallado sin vida, con dos impactos de bala en el cuerpo, en el 2017. La principal sospechosa de la repentina muerte fue Galarza, su entonces pareja sentimental. La mujer fue sentenciada por homicidio agravado un a\u00f1o despu\u00e9s.<\/p>\n<div class=\"visual__image\"><img loading=\"lazy\" decoding=\"async\" class=\"\" src=\"https:\/\/www.infobae.com\/new-resizer\/nFwnECGcQKZBQDtajLsk7FJ9mt4=\/1536x864\/filters:format(webp):quality(85)\/cloudfront-us-east-1.images.arcpublishing.com\/infobae\/7ELGLN7CX5HTPJPPARDTZI4CHA.jpg\" sizes=\"auto, (min-width: 800px) 50vw, 90vw\" srcset=\"https:\/\/www.infobae.com\/new-resizer\/FDa-OLdrolDZKgwY9muQkRz-rCc=\/420x236\/filters:format(webp):quality(85)\/cloudfront-us-east-1.images.arcpublishing.com\/infobae\/7ELGLN7CX5HTPJPPARDTZI4CHA.jpg 420w,https:\/\/www.infobae.com\/new-resizer\/FYozOqXiYbN6Mz1jtHYjsBJbutA=\/768x432\/filters:format(webp):quality(85)\/cloudfront-us-east-1.images.arcpublishing.com\/infobae\/7ELGLN7CX5HTPJPPARDTZI4CHA.jpg 768w,https:\/\/www.infobae.com\/new-resizer\/T3rkqE6DdQNhDrNfsgcmPPuOtGk=\/992x558\/filters:format(webp):quality(85)\/cloudfront-us-east-1.images.arcpublishing.com\/infobae\/7ELGLN7CX5HTPJPPARDTZI4CHA.jpg 992w,https:\/\/www.infobae.com\/new-resizer\/wmtwEIeGNeYtpUYXVEymx028bzg=\/1200x675\/filters:format(webp):quality(85)\/cloudfront-us-east-1.images.arcpublishing.com\/infobae\/7ELGLN7CX5HTPJPPARDTZI4CHA.jpg 1200w,https:\/\/www.infobae.com\/new-resizer\/2uwknRD8V5ae-zZCdSzJG9bQZHg=\/1440x810\/filters:format(webp):quality(85)\/cloudfront-us-east-1.images.arcpublishing.com\/infobae\/7ELGLN7CX5HTPJPPARDTZI4CHA.jpg 1440w\" alt=\"Nahir Galarza es retirada del Tribunal de Gualeguaych\u00fa luego de dictarse la prisi\u00f3n preventiva de 60 d\u00edas (Ricardo Santellan)\" width=\"1536\" height=\"864\" \/><\/div>\n<p class=\"paragraph\" data-mrf-recirculation=\"Links inline\">\u201cNo quieren saber lo que pas\u00f3 esa noche. \u00bfO s\u00ed?\u201d, expresa\u00a0<b>Valentina Zenere<\/b>, la actriz que interpreta a la protagonista del crimen, en el clip revelado por el sitio de streaming de Amazon. Ella viste una camiseta rosada casi id\u00e9ntica a la que us\u00f3 el personaje real durante una entrevista filmada en la c\u00e1rcel.<\/p>\n<div class=\"visual__image\"><img loading=\"lazy\" decoding=\"async\" class=\"\" src=\"https:\/\/www.infobae.com\/new-resizer\/tk2NZzA_13tOKik92AajkcjaC_Y=\/1920x1080\/filters:format(webp):quality(85)\/cloudfront-us-east-1.images.arcpublishing.com\/infobae\/ZE7GDWCQ7VG3NCHX4XUHMONW2U.jpg\" sizes=\"auto, (min-width: 800px) 50vw, 90vw\" srcset=\"https:\/\/www.infobae.com\/new-resizer\/EU5-XUe5_gxvMkMCB1dacRpgPBw=\/420x236\/filters:format(webp):quality(85)\/cloudfront-us-east-1.images.arcpublishing.com\/infobae\/ZE7GDWCQ7VG3NCHX4XUHMONW2U.jpg 420w,https:\/\/www.infobae.com\/new-resizer\/1vsNNAiSkaYXj7x9vxT3xe9jPwE=\/768x432\/filters:format(webp):quality(85)\/cloudfront-us-east-1.images.arcpublishing.com\/infobae\/ZE7GDWCQ7VG3NCHX4XUHMONW2U.jpg 768w,https:\/\/www.infobae.com\/new-resizer\/62X1SRiNC2H80kQRdyseb9rBtcw=\/992x558\/filters:format(webp):quality(85)\/cloudfront-us-east-1.images.arcpublishing.com\/infobae\/ZE7GDWCQ7VG3NCHX4XUHMONW2U.jpg 992w,https:\/\/www.infobae.com\/new-resizer\/nz4bvFT8JuVIkzgHMCX3-4emogE=\/1200x675\/filters:format(webp):quality(85)\/cloudfront-us-east-1.images.arcpublishing.com\/infobae\/ZE7GDWCQ7VG3NCHX4XUHMONW2U.jpg 1200w,https:\/\/www.infobae.com\/new-resizer\/azuA8v0qQ3AdwFTftMVhC7GVZLY=\/1440x810\/filters:format(webp):quality(85)\/cloudfront-us-east-1.images.arcpublishing.com\/infobae\/ZE7GDWCQ7VG3NCHX4XUHMONW2U.jpg 1440w\" alt=\"As\u00ed luc\u00eda Nahir Galarza en su primera entrevista para la televisi\u00f3n argentina. (El diario de Mariana, 2018)\" width=\"1920\" height=\"1080\" \/><\/div>\n<p class=\"paragraph\" data-mrf-recirculation=\"Links inline\">Por otro lado, en el reparto del proyecto tambi\u00e9n participan conocidos actores del medio argentino, como\u00a0<b>C\u00e9sar Bord\u00f3n<\/b>\u00a0(<i>Relatos salvajes<\/i>),\u00a0<b>Nacho Gadano\u00a0<\/b>(<i>Violetta<\/i>)<b>, Sim\u00f3n Hempe\u00a0<\/b>(<i>Entrelazados<\/i>)<b>\u00a0<\/b>y<b>\u00a0M\u00f3nica Anton\u00f3pulos<\/b>\u00a0(<i>Vidas robadas<\/i>).<\/p>\n<p class=\"paragraph\" data-mrf-recirculation=\"Links inline\">Este largometraje de estilo\u00a0<i>true crime es una producci\u00f3n de\u00a0<\/i>Zeppelin Studio, compa\u00f1\u00eda realizadora de<i>\u00a0Diego, el \u00faltimo adi\u00f3s<\/i>\u00a0y\u00a0<i>Bilardo<\/i>.\u00a0<i><b>Nahir\u00a0<\/b><\/i>es creada por Lucas Jinkis y dirigida por Hern\u00e1n Guerschuny\u00a0<i>(Doble Discurso, Recreo),\u00a0<\/i>con el guion de Sof\u00eda Wilhelmi.<\/p>\n<div class=\"visual__image\"><img loading=\"lazy\" decoding=\"async\" class=\"\" src=\"https:\/\/www.infobae.com\/new-resizer\/VFjb9mli4Wo7uOaQInjSm277yh8=\/1712x961\/filters:format(webp):quality(85)\/cloudfront-us-east-1.images.arcpublishing.com\/infobae\/ZU36DQ53N5CSZKOQZ7RY5ICLEQ.jpg\" sizes=\"auto, (min-width: 800px) 50vw, 90vw\" srcset=\"https:\/\/www.infobae.com\/new-resizer\/mid-eS2zDx9LHUf8wLG1osXWLYI=\/420x236\/filters:format(webp):quality(85)\/cloudfront-us-east-1.images.arcpublishing.com\/infobae\/ZU36DQ53N5CSZKOQZ7RY5ICLEQ.jpg 420w,https:\/\/www.infobae.com\/new-resizer\/tGzOgHIdi7PJYACaoFj-9g4qOgE=\/768x432\/filters:format(webp):quality(85)\/cloudfront-us-east-1.images.arcpublishing.com\/infobae\/ZU36DQ53N5CSZKOQZ7RY5ICLEQ.jpg 768w,https:\/\/www.infobae.com\/new-resizer\/Tm3Ju73Ec-qFPDm7Bn-nCwLFmYI=\/992x558\/filters:format(webp):quality(85)\/cloudfront-us-east-1.images.arcpublishing.com\/infobae\/ZU36DQ53N5CSZKOQZ7RY5ICLEQ.jpg 992w,https:\/\/www.infobae.com\/new-resizer\/1R56_Yyo_XkV5PfNsUyvS_bpykk=\/1200x675\/filters:format(webp):quality(85)\/cloudfront-us-east-1.images.arcpublishing.com\/infobae\/ZU36DQ53N5CSZKOQZ7RY5ICLEQ.jpg 1200w,https:\/\/www.infobae.com\/new-resizer\/tmDohl5KQBKhKb1OvaUNBnNhETI=\/1440x810\/filters:format(webp):quality(85)\/cloudfront-us-east-1.images.arcpublishing.com\/infobae\/ZU36DQ53N5CSZKOQZ7RY5ICLEQ.jpg 1440w\" alt=\"Valentina Zenere encarna al pol\u00e9mico personaje de 19 a\u00f1os. (Prime Video)\" width=\"1712\" height=\"961\" \/><\/div>\n<h3 class=\"header d23-headline-class-h2\"><strong>Nahir y su historia<\/strong><\/h3>\n<p class=\"paragraph\" data-mrf-recirculation=\"Links inline\">El enigma que supone la vida de\u00a0<b>Nahir\u00a0<\/b>ha sido explorado ampliamente en el medio escrito. En 2018, los periodistas Mauro Szeta y Mauro Fulco publicaron el libro\u00a0<i>Nahir: la historia desconocida,\u00a0<\/i>texto que recopil\u00f3 entrevistas y el perfil psicol\u00f3gico de la protagonista. Luego, en el 2021, el exvocero de Galarza tambi\u00e9n lanz\u00f3 una obra similar con el t\u00edtulo de\u00a0<i><b>El silencio de Nahir<\/b><\/i>.<\/p>\n<div class=\"d23-recommended-card__info\"><span class=\"d23-recommended-card__info-interest-you\">Te puede interesar:<\/span><span class=\"d23-recommended-card__info-title\">Estrenos de Prime Video en julio: \u201cEl verano en que me enamor\u00e9\u201d, \u201cGood Omens\u201d, \u201cLos iniciados\u201d y mucho m\u00e1s<\/span><\/p>\n<div class=\"d23-recommended-card__info-button d23-recommended-card__info-button--teleshow\"><\/div>\n<\/div>\n<p class=\"paragraph\" data-mrf-recirculation=\"Links inline\">Actualmente, Galarza est\u00e1 recluida en la Unidad Penal 6 Concepci\u00f3n Arenal de Paran\u00e1. En diciembre del 2022, su abogada present\u00f3 un recurso de queja a la Corte Suprema de Justicia de la Naci\u00f3n, \u00faltima instancia para que se revise el fallo en su contra.<\/p>\n<div class=\"visual__image\"><img loading=\"lazy\" decoding=\"async\" class=\"\" src=\"https:\/\/www.infobae.com\/new-resizer\/hrK0toW32ffPYU1dv6qT1VFznp0=\/1920x1080\/filters:format(webp):quality(85)\/cloudfront-us-east-1.images.arcpublishing.com\/infobae\/CJVG6WW6KVEPLEUZOIAKDKTKKM.jpg\" sizes=\"auto, (min-width: 800px) 50vw, 90vw\" srcset=\"https:\/\/www.infobae.com\/new-resizer\/RcjbDgM1mTUrivmH_ZBIuF1k3f0=\/420x236\/filters:format(webp):quality(85)\/cloudfront-us-east-1.images.arcpublishing.com\/infobae\/CJVG6WW6KVEPLEUZOIAKDKTKKM.jpg 420w,https:\/\/www.infobae.com\/new-resizer\/lQNDJtPhrMkiHFaNBJOYPqsc-fM=\/768x432\/filters:format(webp):quality(85)\/cloudfront-us-east-1.images.arcpublishing.com\/infobae\/CJVG6WW6KVEPLEUZOIAKDKTKKM.jpg 768w,https:\/\/www.infobae.com\/new-resizer\/_scq8RgW3MmNXT4GrD0bSleIwMg=\/992x558\/filters:format(webp):quality(85)\/cloudfront-us-east-1.images.arcpublishing.com\/infobae\/CJVG6WW6KVEPLEUZOIAKDKTKKM.jpg 992w,https:\/\/www.infobae.com\/new-resizer\/0Riq_dZzhdRAyttvIsAI3Hfar7o=\/1200x675\/filters:format(webp):quality(85)\/cloudfront-us-east-1.images.arcpublishing.com\/infobae\/CJVG6WW6KVEPLEUZOIAKDKTKKM.jpg 1200w,https:\/\/www.infobae.com\/new-resizer\/Vyx3u_pZ1AGIOyPzDthJk8_8oDg=\/1440x810\/filters:format(webp):quality(85)\/cloudfront-us-east-1.images.arcpublishing.com\/infobae\/CJVG6WW6KVEPLEUZOIAKDKTKKM.jpg 1440w\" alt=\"En el 2021, Nahir cambi\u00f3 su versi\u00f3n y acus\u00f3 a su padre de haber sido el autor real de los disparos. La fiscal\u00eda de Gualeguaych\u00fa desestim\u00f3 su argumento. (Archivo\/Infobae)\" width=\"1920\" height=\"1080\" \/><div style=\"width: 360px;\" class=\"wp-video\"><video class=\"wp-video-shortcode\" id=\"video-98998-1\" width=\"360\" height=\"640\" preload=\"metadata\" controls=\"controls\"><source type=\"video\/mp4\" src=\"https:\/\/www.cordobatimes.com\/showup\/wp-content\/uploads\/2023\/07\/videoplayback-3.mp4?_=1\" \/><a href=\"https:\/\/www.cordobatimes.com\/showup\/wp-content\/uploads\/2023\/07\/videoplayback-3.mp4\">https:\/\/www.cordobatimes.com\/showup\/wp-content\/uploads\/2023\/07\/videoplayback-3.mp4<\/a><\/video><\/div><\/p>\n<\/div>\n","protected":false},"excerpt":{"rendered":"<p>\u201cNahir\u201d comenz\u00f3 su rodaje y estas son las primeras im\u00e1genes de la pel\u00edcula basada en el caso real. Prime Video\u00a0dio a conocer el primer vistazo de\u00a0Nahir, la pel\u00edcula donde\u00a0Valentina Zenere\u00a0(\u00c9lite) encarnar\u00e1 a la condenada a cadena perpetua m\u00e1s joven de la historia de Argentina,\u00a0Nahir Galarza. Adem\u00e1s, la plataforma confirm\u00f3 el inicio del rodaje del emocionante [&hellip;]<\/p>\n","protected":false},"author":1,"featured_media":98999,"comment_status":"closed","ping_status":"closed","sticky":false,"template":"","format":"standard","meta":{"_seopress_robots_primary_cat":"","_seopress_titles_title":"","_seopress_titles_desc":"","_seopress_robots_index":"","footnotes":""},"categories":[3],"tags":[37610,25555,25556,37613,37612],"class_list":{"0":"post-98998","1":"post","2":"type-post","3":"status-publish","4":"format-standard","5":"has-post-thumbnail","7":"category-cine-y-series","8":"tag-caso-nahir-galarza","9":"tag-miniserie-basada-en-nahir-galarza","10":"tag-nahir-galarza-fernando-pastorizzo","11":"tag-trailer-de-la-serie-de-nahir-galarza","12":"tag-valentina-zenere-como-nahir-galarza"},"_links":{"self":[{"href":"https:\/\/www.cordobatimes.com\/showup\/wp-json\/wp\/v2\/posts\/98998","targetHints":{"allow":["GET"]}}],"collection":[{"href":"https:\/\/www.cordobatimes.com\/showup\/wp-json\/wp\/v2\/posts"}],"about":[{"href":"https:\/\/www.cordobatimes.com\/showup\/wp-json\/wp\/v2\/types\/post"}],"author":[{"embeddable":true,"href":"https:\/\/www.cordobatimes.com\/showup\/wp-json\/wp\/v2\/users\/1"}],"replies":[{"embeddable":true,"href":"https:\/\/www.cordobatimes.com\/showup\/wp-json\/wp\/v2\/comments?post=98998"}],"version-history":[{"count":0,"href":"https:\/\/www.cordobatimes.com\/showup\/wp-json\/wp\/v2\/posts\/98998\/revisions"}],"wp:featuredmedia":[{"embeddable":true,"href":"https:\/\/www.cordobatimes.com\/showup\/wp-json\/wp\/v2\/media\/98999"}],"wp:attachment":[{"href":"https:\/\/www.cordobatimes.com\/showup\/wp-json\/wp\/v2\/media?parent=98998"}],"wp:term":[{"taxonomy":"category","embeddable":true,"href":"https:\/\/www.cordobatimes.com\/showup\/wp-json\/wp\/v2\/categories?post=98998"},{"taxonomy":"post_tag","embeddable":true,"href":"https:\/\/www.cordobatimes.com\/showup\/wp-json\/wp\/v2\/tags?post=98998"}],"curies":[{"name":"wp","href":"https:\/\/api.w.org\/{rel}","templated":true}]}}