{"id":98841,"date":"2023-06-29T21:20:12","date_gmt":"2023-06-30T00:20:12","guid":{"rendered":"https:\/\/www.cordobatimes.com\/showup\/?p=98841"},"modified":"2023-06-29T21:26:54","modified_gmt":"2023-06-30T00:26:54","slug":"la-china-suarez-estreno-desaniversario-su-segunda-cancion-solista","status":"publish","type":"post","link":"https:\/\/www.cordobatimes.com\/showup\/musica\/2023\/06\/29\/la-china-suarez-estreno-desaniversario-su-segunda-cancion-solista\/","title":{"rendered":"La China Su\u00e1rez estreno \u00abDesaniversario\u00bb su segunda canci\u00f3n solista"},"content":{"rendered":"<h3><strong>La actriz lanz\u00f3 su segundo tema como cantante.<\/strong><\/h3>\n<p>Con la participaci\u00f3n de su hija Magnolia y con un video filmado integramente en la playa. La balada promete ser un \u00c9xito.<\/p>\n<p><iframe loading=\"lazy\" title=\"YouTube video player\" src=\"https:\/\/www.youtube.com\/embed\/kVX_Ey7m3nU\" width=\"560\" height=\"315\" frameborder=\"0\" allowfullscreen=\"allowfullscreen\"><\/iframe><\/p>\n","protected":false},"excerpt":{"rendered":"<p>La actriz lanz\u00f3 su segundo tema como cantante. Con la participaci\u00f3n de su hija Magnolia y con un video filmado integramente en la playa. La balada promete ser un \u00c9xito.<\/p>\n","protected":false},"author":1,"featured_media":98844,"comment_status":"closed","ping_status":"closed","sticky":false,"template":"","format":"standard","meta":{"_seopress_robots_primary_cat":"","_seopress_titles_title":"","_seopress_titles_desc":"","_seopress_robots_index":"","footnotes":""},"categories":[5],"tags":[37055,37557,37558],"class_list":{"0":"post-98841","1":"post","2":"type-post","3":"status-publish","4":"format-standard","5":"has-post-thumbnail","7":"category-musica","8":"tag-china-suarez-desaniversario","9":"tag-china-suarez-estreno-desaniversario","10":"tag-desaniversario"},"_links":{"self":[{"href":"https:\/\/www.cordobatimes.com\/showup\/wp-json\/wp\/v2\/posts\/98841","targetHints":{"allow":["GET"]}}],"collection":[{"href":"https:\/\/www.cordobatimes.com\/showup\/wp-json\/wp\/v2\/posts"}],"about":[{"href":"https:\/\/www.cordobatimes.com\/showup\/wp-json\/wp\/v2\/types\/post"}],"author":[{"embeddable":true,"href":"https:\/\/www.cordobatimes.com\/showup\/wp-json\/wp\/v2\/users\/1"}],"replies":[{"embeddable":true,"href":"https:\/\/www.cordobatimes.com\/showup\/wp-json\/wp\/v2\/comments?post=98841"}],"version-history":[{"count":0,"href":"https:\/\/www.cordobatimes.com\/showup\/wp-json\/wp\/v2\/posts\/98841\/revisions"}],"wp:featuredmedia":[{"embeddable":true,"href":"https:\/\/www.cordobatimes.com\/showup\/wp-json\/wp\/v2\/media\/98844"}],"wp:attachment":[{"href":"https:\/\/www.cordobatimes.com\/showup\/wp-json\/wp\/v2\/media?parent=98841"}],"wp:term":[{"taxonomy":"category","embeddable":true,"href":"https:\/\/www.cordobatimes.com\/showup\/wp-json\/wp\/v2\/categories?post=98841"},{"taxonomy":"post_tag","embeddable":true,"href":"https:\/\/www.cordobatimes.com\/showup\/wp-json\/wp\/v2\/tags?post=98841"}],"curies":[{"name":"wp","href":"https:\/\/api.w.org\/{rel}","templated":true}]}}