{"id":98777,"date":"2023-06-28T18:35:44","date_gmt":"2023-06-28T21:35:44","guid":{"rendered":"https:\/\/www.cordobatimes.com\/showup\/?p=98777"},"modified":"2023-06-28T18:35:44","modified_gmt":"2023-06-28T21:35:44","slug":"el-plan-familiar-de-fabian-cubero-con-sus-hijas-en-medio-del-conflicto-con-nicole-neumann","status":"publish","type":"post","link":"https:\/\/www.cordobatimes.com\/showup\/famosos\/2023\/06\/28\/el-plan-familiar-de-fabian-cubero-con-sus-hijas-en-medio-del-conflicto-con-nicole-neumann\/","title":{"rendered":"El plan familiar de Fabi\u00e1n Cubero con sus hijas en medio del conflicto con Nicole Neumann"},"content":{"rendered":"<h3><strong>El exfutbolista se mostr\u00f3 con las tres menores Indiana, Allegra y Sienna mientras tiene una batalla legal con su exmujer.<\/strong><\/h3>\n<p>Fueron horas cruciales para\u00a0Fabi\u00e1n Cubero\u00a0y\u00a0Nicole Neumann,\u00a0tanto a nivel medi\u00e1tico como judicial. Aunque en este conflicto, no son solo ellos los protagonistas sino que esta historia tiene tambi\u00e9n a\u00a0Indiana, la hija mayor del exmatrimonio. Es que la menor de casi 15 a\u00f1os tiene conflictos con su madre y, por el momento,\u00a0no tiene intenciones de vincularse con ella.<\/p>\n<p>Este hecho llev\u00f3 a que la grieta entre ambos llegue a su punto m\u00e1ximo y se acrecent\u00f3 a un l\u00edmite este martes cuando cuestiones judiciales llegaron a los medios de comunicaci\u00f3n. Es que la doctora\u00a0Lidia Rosenstein, abogada de\u00a0Fabi\u00e1n Cubero, habl\u00f3 con\u00a0Georgina Barbarossa\u00a0en\u00a0A la Barbarossa, programa que conduce por Telefe, y\u00a0dio presuntos detalles de la denuncia por violencia psicol\u00f3gica\u00a0que\u00a0Indiana\u00a0habr\u00eda presentado en contra de la modelo en el Juzgado de Familia N\u00b02 de Tigre. Cabe destacar que la menor vive con su padre desde diciembre.<\/p>\n<p>\u201cIndiana estaba viviendo algo terrible y le pidi\u00f3 a su pap\u00e1 si pod\u00eda ir a vivir con \u00e9l. \u00c9l le dec\u00eda que estaba con su mam\u00e1 y era lo que correspond\u00eda, as\u00ed es el convenio. La ni\u00f1a muy h\u00e1bilmente grab\u00f3 a su mam\u00e1 para poder demostrarle a su pap\u00e1 el maltrato del que era objeto\u201d, comenz\u00f3 diciendo la letrada en el programa de Telefe. Tambi\u00e9n apunt\u00f3 directamente contra\u00a0Manu Urcera, el novio y futuro marido de Nicole: \u201cEn esa grabaci\u00f3n hay situaciones donde se escucha decir a un tercero cosas que no son agradables, es una persona violenta que ya tiene dos denuncias en su contra\u201d.<\/p>\n<p>Cabe destacar que pese a esta versi\u00f3n que surgi\u00f3 por el lado de Fabi\u00e1n, otra muy distinta hizo eco por el lado de Neumann. Fue el doctor\u00a0Rafael C\u00faneo Libarona, el abogado de la modelo quien, en di\u00e1logo con\u00a0\u00c1ngel de Brito\u00a0para\u00a0LAM\u00a0explic\u00f3 y ratific\u00f3 que la jueza\u00a0Silvia Celina Sendra\u00a0nunca dict\u00f3 sentencia en relaci\u00f3n a la demanda en cuesti\u00f3n, y que seg\u00fan la abogada de Cubero est\u00e1 en pleno proceso.<\/p>\n<p>No obstante confirmaron\u00a0la multar\u00e1n a ella y a Fabi\u00e1n por \u201cfiltrar informaci\u00f3n\u201d y \u201cdivulgar datos inapropiados\u201d relacionado a una menor.\u00a0\u201cSe van a hacer informes m\u00e9dicos, se van a tomar declaraciones&#8230;Entonces, que una abogada est\u00e9 hablando con una soltura llamativa sobre acusaciones dilacerantes tremendas, de una chica adolescente contra su madre, es peligroso para la abogac\u00eda. Habla mal de nosotros, b\u00e1sicamente\u201d, insisti\u00f3 el abogado de Neumann. Y, tras cuestionar a la letrada del exfutbolista, cerr\u00f3: \u201cLos intereses de los ni\u00f1os son primordiales. \u00bfQui\u00e9nes protegen a los ni\u00f1os? En primer lugar los padres. Y en segundo lugar, cuando los padres no se ponen de acuerdo, los abogados y los jueces tienen que llevar una soluci\u00f3n\u201d.<\/p>\n<p>En medio de toda esta disputa legal, de versiones cruzadas y de una menor distanciada de su madre, Fabi\u00e1n Cubero se expres\u00f3 en las redes sociales y no habl\u00f3 del tema pero s\u00ed mostr\u00f3 lo que estaba haciendo junto a las tres hijas que tuvo con la modelo. Tanto \u00e9l, como su mujer\u00a0Mica Viciconte, el hijo que tienen en com\u00fan\u00a0Luca\u00a0y tambi\u00e9n\u00a0Allegra,\u00a0Sienna\u00a0e Indiana\u00a0asistieron a la premiere de la pel\u00edcula\u00a0Indiana Jones.<\/p>\n<p>Fabi\u00e1n Cubero junto a Mica Viciconte y sus hijas en la premiere de Indiana Jones (Instagram)<br \/>\nLa imagen la compartieron tanto el exjugador como la modelo a trav\u00e9s de sus historias de Instagram donde se los puede ver a los seis posando muy sonrientes frente a la c\u00e1mara y el cartel de la pel\u00edcula de fondo. Con esa imagen, Cubero demuestra que est\u00e1 todo bien con sus hijas aunque evit\u00f3 hablar con la prensa del tema judicial en cuesti\u00f3n que est\u00e1n atravesando con Neumann.<\/p>\n<p>Aunque eso no es todo, luego Fabi\u00e1n replic\u00f3 una historia que le hizo una fan donde se puede ver un collage con fotos del exfutbolista con todos sus hijos.<\/p>\n<p><img alt=\"\" loading=\"lazy\" decoding=\"async\" class=\"alignnone wp-image-98779 size-full\" src=\"https:\/\/www.cordobatimes.com\/showup\/wp-content\/uploads\/2023\/06\/Pantallazo-28-06-2023-18.32.54.jpg\" alt=\"\" width=\"427\" height=\"746\" srcset=\"https:\/\/www.cordobatimes.com\/showup\/wp-content\/uploads\/2023\/06\/Pantallazo-28-06-2023-18.32.54.jpg 427w, https:\/\/www.cordobatimes.com\/showup\/wp-content\/uploads\/2023\/06\/Pantallazo-28-06-2023-18.32.54-240x420.jpg 240w\" sizes=\"auto, (max-width: 427px) 100vw, 427px\" \/><\/p>\n","protected":false},"excerpt":{"rendered":"<p>El exfutbolista se mostr\u00f3 con las tres menores Indiana, Allegra y Sienna mientras tiene una batalla legal con su exmujer. Fueron horas cruciales para\u00a0Fabi\u00e1n Cubero\u00a0y\u00a0Nicole Neumann,\u00a0tanto a nivel medi\u00e1tico como judicial. Aunque en este conflicto, no son solo ellos los protagonistas sino que esta historia tiene tambi\u00e9n a\u00a0Indiana, la hija mayor del exmatrimonio. Es que [&hellip;]<\/p>\n","protected":false},"author":1,"featured_media":98778,"comment_status":"closed","ping_status":"closed","sticky":false,"template":"","format":"standard","meta":{"_seopress_robots_primary_cat":"","_seopress_titles_title":"","_seopress_titles_desc":"","_seopress_robots_index":"","footnotes":""},"categories":[4],"tags":[37534,37523,37476],"class_list":{"0":"post-98777","1":"post","2":"type-post","3":"status-publish","4":"format-standard","5":"has-post-thumbnail","7":"category-famosos","8":"tag-fabian-cubero-indiana-cubero","9":"tag-indiana-cubero-y-nicole-neumann","10":"tag-nicole-neumann-conflicto-con-su-hija-indiana"},"_links":{"self":[{"href":"https:\/\/www.cordobatimes.com\/showup\/wp-json\/wp\/v2\/posts\/98777","targetHints":{"allow":["GET"]}}],"collection":[{"href":"https:\/\/www.cordobatimes.com\/showup\/wp-json\/wp\/v2\/posts"}],"about":[{"href":"https:\/\/www.cordobatimes.com\/showup\/wp-json\/wp\/v2\/types\/post"}],"author":[{"embeddable":true,"href":"https:\/\/www.cordobatimes.com\/showup\/wp-json\/wp\/v2\/users\/1"}],"replies":[{"embeddable":true,"href":"https:\/\/www.cordobatimes.com\/showup\/wp-json\/wp\/v2\/comments?post=98777"}],"version-history":[{"count":0,"href":"https:\/\/www.cordobatimes.com\/showup\/wp-json\/wp\/v2\/posts\/98777\/revisions"}],"wp:featuredmedia":[{"embeddable":true,"href":"https:\/\/www.cordobatimes.com\/showup\/wp-json\/wp\/v2\/media\/98778"}],"wp:attachment":[{"href":"https:\/\/www.cordobatimes.com\/showup\/wp-json\/wp\/v2\/media?parent=98777"}],"wp:term":[{"taxonomy":"category","embeddable":true,"href":"https:\/\/www.cordobatimes.com\/showup\/wp-json\/wp\/v2\/categories?post=98777"},{"taxonomy":"post_tag","embeddable":true,"href":"https:\/\/www.cordobatimes.com\/showup\/wp-json\/wp\/v2\/tags?post=98777"}],"curies":[{"name":"wp","href":"https:\/\/api.w.org\/{rel}","templated":true}]}}