{"id":98769,"date":"2023-06-28T10:02:30","date_gmt":"2023-06-28T13:02:30","guid":{"rendered":"https:\/\/www.cordobatimes.com\/showup\/?p=98769"},"modified":"2023-06-28T10:02:53","modified_gmt":"2023-06-28T13:02:53","slug":"el-cuarteto-esta-de-luto-murio-el-cantante-gabriel-iruela-a-los-40-anos","status":"publish","type":"post","link":"https:\/\/www.cordobatimes.com\/showup\/musica\/2023\/06\/28\/el-cuarteto-esta-de-luto-murio-el-cantante-gabriel-iruela-a-los-40-anos\/","title":{"rendered":"El cuarteto est\u00e1 de luto: muri\u00f3 el cantante Gabriel Iruela a los 40 a\u00f1os"},"content":{"rendered":"<div class=\"title check-space\" data-color=\"style='background-color:'\">\n<div class=\"mt\">\n<h3><strong>Estaba internado en terapia intensiva a causa de un tumor en C\u00f3rdoba. Surgi\u00f3 del grupo Trulal\u00e1 y pas\u00f3 por La Fiesta, La Makina y la La M\u00e1xima.<\/strong><\/h3>\n<p>El mundo del cuarteto y de la m\u00fasica cordobesa est\u00e1 de luto. Este mi\u00e9rcoles se conoci\u00f3 la muerte de\u00a0<strong>Gabriel Iruela<\/strong>, cantante que surgi\u00f3 de\u00a0<strong>Trulal\u00e1<\/strong>\u00a0y que pas\u00f3 por otras reconocidas bandas.<\/p>\n<div id=\"div-gpt-ad-inread\" class=\"ad-slot body-adv\" data-adtype=\"inread\" data-google-query-id=\"CLq0spuC5v8CFfg5uQYdrPgI6A\">\n<p>Iruela ten\u00eda\u00a0<strong>40 a\u00f1os<\/strong>\u00a0y los m\u00e9dicos le hab\u00edan detectado hac\u00eda apenas un mes\u00a0<strong>un tumor pegado a sus pulmones<\/strong>. La enfermedad fue tan letal que\u00a0no lleg\u00f3 a comenzar el tratamiento con quimioterapia en busca de la recuperaci\u00f3n.<\/p>\n<p>Al momento de su muerte se encontraba en terapia intensiva en el hospital Rawson de C\u00f3rdoba.\u00a0Su deceso se produjo a las 19.20 del martes, momento en el cual los m\u00e9dicos comunicaron el fallecimiento a su familia. Llevaba all\u00ed dos semanas internado.<\/p>\n<p>Su \u00faltimo posteo en su cuenta de Facebook hab\u00eda sido el 22 de junio pasado. \u00abDonde y con quien quer\u00eda estar.\u00a0<strong>Ah\u00ed te voy tumor o c\u00e1ncer. Te &#8216;gua da&#8217;<\/strong>\u00ab, escribi\u00f3, con una foto con su mam\u00e1 y su perra Gala.<\/p>\n<p>En otra publicaci\u00f3n cont\u00f3 que le hab\u00edan detectado \u00abun tumor maligno en el t\u00f3rax, entre el pulm\u00f3n y el coraz\u00f3n\u00bb.<\/p>\n<p>\u00abEstoy feliz porque alguien muy importante para m\u00ed me mand\u00f3 desde Buenos Aires mi camiseta so\u00f1ada y triste porque me toca la pelea m\u00e1s dura de todas\u00bb, escribi\u00f3 con una foto de \u00e9l con la camiseta de River.<\/p>\n<p>Iruela arranc\u00f3 en el semillero de Trulal\u00e1 y cuando Cristian Amato se separ\u00f3 y form\u00f3 La Fiesta, Iruela se fue con \u00e9l aunque tiempo despu\u00e9s volvi\u00f3 para ser parte nuevamente de Trula. Tambi\u00e9n tuvo pasos por\u00a0La Makina, Los Brujos y La M\u00e1xima.<\/p>\n<p>Una de sus interpretaciones m\u00e1s recordadas la logr\u00f3 en La Fiesta cantando \u00abY T\u00fa te Vas\u00bb, un cl\u00e1sico cover cuartetero del tema de Chayanne.<\/p>\n<p><iframe loading=\"lazy\" title=\"La M\u00e1xima - presentaci\u00f3n Gabi Iruela ( Sala del Rey 10-03-2017)\" width=\"696\" height=\"392\" src=\"https:\/\/www.youtube.com\/embed\/jhcQ-JIAG2I?feature=oembed\" frameborder=\"0\" allow=\"accelerometer; autoplay; clipboard-write; encrypted-media; gyroscope; picture-in-picture; web-share\" allowfullscreen><\/iframe><\/p>\n<\/div>\n<\/div>\n<\/div>\n","protected":false},"excerpt":{"rendered":"<p>Estaba internado en terapia intensiva a causa de un tumor en C\u00f3rdoba. Surgi\u00f3 del grupo Trulal\u00e1 y pas\u00f3 por La Fiesta, La Makina y la La M\u00e1xima. El mundo del cuarteto y de la m\u00fasica cordobesa est\u00e1 de luto. Este mi\u00e9rcoles se conoci\u00f3 la muerte de\u00a0Gabriel Iruela, cantante que surgi\u00f3 de\u00a0Trulal\u00e1\u00a0y que pas\u00f3 por otras [&hellip;]<\/p>\n","protected":false},"author":1,"featured_media":98771,"comment_status":"closed","ping_status":"closed","sticky":false,"template":"","format":"standard","meta":{"_seopress_robots_primary_cat":"","_seopress_titles_title":"","_seopress_titles_desc":"","_seopress_robots_index":"","footnotes":""},"categories":[5],"tags":[37529,37530,37531],"class_list":{"0":"post-98769","1":"post","2":"type-post","3":"status-publish","4":"format-standard","5":"has-post-thumbnail","7":"category-musica","8":"tag-gabriel-iruela","9":"tag-la-fiesta","10":"tag-trulala"},"_links":{"self":[{"href":"https:\/\/www.cordobatimes.com\/showup\/wp-json\/wp\/v2\/posts\/98769","targetHints":{"allow":["GET"]}}],"collection":[{"href":"https:\/\/www.cordobatimes.com\/showup\/wp-json\/wp\/v2\/posts"}],"about":[{"href":"https:\/\/www.cordobatimes.com\/showup\/wp-json\/wp\/v2\/types\/post"}],"author":[{"embeddable":true,"href":"https:\/\/www.cordobatimes.com\/showup\/wp-json\/wp\/v2\/users\/1"}],"replies":[{"embeddable":true,"href":"https:\/\/www.cordobatimes.com\/showup\/wp-json\/wp\/v2\/comments?post=98769"}],"version-history":[{"count":0,"href":"https:\/\/www.cordobatimes.com\/showup\/wp-json\/wp\/v2\/posts\/98769\/revisions"}],"wp:featuredmedia":[{"embeddable":true,"href":"https:\/\/www.cordobatimes.com\/showup\/wp-json\/wp\/v2\/media\/98771"}],"wp:attachment":[{"href":"https:\/\/www.cordobatimes.com\/showup\/wp-json\/wp\/v2\/media?parent=98769"}],"wp:term":[{"taxonomy":"category","embeddable":true,"href":"https:\/\/www.cordobatimes.com\/showup\/wp-json\/wp\/v2\/categories?post=98769"},{"taxonomy":"post_tag","embeddable":true,"href":"https:\/\/www.cordobatimes.com\/showup\/wp-json\/wp\/v2\/tags?post=98769"}],"curies":[{"name":"wp","href":"https:\/\/api.w.org\/{rel}","templated":true}]}}