{"id":98678,"date":"2023-06-24T10:13:03","date_gmt":"2023-06-24T13:13:03","guid":{"rendered":"https:\/\/www.cordobatimes.com\/showup\/?p=98678"},"modified":"2023-06-24T10:13:03","modified_gmt":"2023-06-24T13:13:03","slug":"el-mal-momento-de-lali-en-su-show-en-francia","status":"publish","type":"post","link":"https:\/\/www.cordobatimes.com\/showup\/musica\/2023\/06\/24\/el-mal-momento-de-lali-en-su-show-en-francia\/","title":{"rendered":"El mal momento de Lali en su show en Francia"},"content":{"rendered":"<h3><strong>Pese a lo sucedido, dio vuelta la p\u00e1gina r\u00e1pido porque este s\u00e1bado 24 la espera Suiza.<\/strong><\/h3>\n<p>Lali Esp\u00f3sito\u00a0le dio comienzo a su\u00a0Lali Tour Europa 2023, pero en su presentaci\u00f3n en Vienne, Francia, las cosas no salieron de la mejor manera. Hubo algunas fallas marcas y la artista, lejos de mirar para otro lado, se hizo cargo. M\u00e1s all\u00e1 de los nervios por el inicio de todo esto, declar\u00f3 que hubo otras cuestiones que no la ayudaron.<\/p>\n<p><img alt=\"\" loading=\"lazy\" decoding=\"async\" class=\"alignnone size-full wp-image-98680\" src=\"https:\/\/www.cordobatimes.com\/showup\/wp-content\/uploads\/2023\/06\/Pantallazo-24-06-2023-10.03.51.jpg\" alt=\"\" width=\"744\" height=\"272\" srcset=\"https:\/\/www.cordobatimes.com\/showup\/wp-content\/uploads\/2023\/06\/Pantallazo-24-06-2023-10.03.51.jpg 744w, https:\/\/www.cordobatimes.com\/showup\/wp-content\/uploads\/2023\/06\/Pantallazo-24-06-2023-10.03.51-696x254.jpg 696w, https:\/\/www.cordobatimes.com\/showup\/wp-content\/uploads\/2023\/06\/Pantallazo-24-06-2023-10.03.51-741x272.jpg 741w\" sizes=\"auto, (max-width: 744px) 100vw, 744px\" \/><\/p>\n<p>M\u00e1s all\u00e1 de lo que aconteci\u00f3 en tierras francesas, recibi\u00f3 todo el apoyo del p\u00fablico fiel.\u00a0\u201cNos dimos cuenta, igual vimos que lo diste todo y te ovacionaron\u201d; \u201cNo te preocupes, lo importante es la actitud\u201d; \u201cLo diste todo\u201d, fueron algunos de los mensajes, y otra brome\u00f3:\u00a0\u201cSe dieron cuenta que eras Argentina. Les dio en el ego mundialista\u201d.<\/p>\n<div style=\"width: 696px;\" class=\"wp-video\"><video class=\"wp-video-shortcode\" id=\"video-98678-1\" width=\"696\" height=\"1237\" preload=\"metadata\" controls=\"controls\"><source type=\"video\/mp4\" src=\"https:\/\/www.cordobatimes.com\/showup\/wp-content\/uploads\/2023\/06\/lali_3131804196529043393.mp4?_=1\" \/><a href=\"https:\/\/www.cordobatimes.com\/showup\/wp-content\/uploads\/2023\/06\/lali_3131804196529043393.mp4\">https:\/\/www.cordobatimes.com\/showup\/wp-content\/uploads\/2023\/06\/lali_3131804196529043393.mp4<\/a><\/video><\/div>\n<div style=\"width: 696px;\" class=\"wp-video\"><video class=\"wp-video-shortcode\" id=\"video-98678-2\" width=\"696\" height=\"1237\" preload=\"metadata\" controls=\"controls\"><source type=\"video\/mp4\" src=\"https:\/\/www.cordobatimes.com\/showup\/wp-content\/uploads\/2023\/06\/lali_3131823986731072539.mp4?_=2\" \/><a href=\"https:\/\/www.cordobatimes.com\/showup\/wp-content\/uploads\/2023\/06\/lali_3131823986731072539.mp4\">https:\/\/www.cordobatimes.com\/showup\/wp-content\/uploads\/2023\/06\/lali_3131823986731072539.mp4<\/a><\/video><\/div>\n<div style=\"width: 480px;\" class=\"wp-video\"><video class=\"wp-video-shortcode\" id=\"video-98678-3\" width=\"480\" height=\"270\" preload=\"metadata\" controls=\"controls\"><source type=\"video\/mp4\" src=\"https:\/\/www.cordobatimes.com\/showup\/wp-content\/uploads\/2023\/06\/Z5gKtOFJLcroX_oU.mp4?_=3\" \/><a href=\"https:\/\/www.cordobatimes.com\/showup\/wp-content\/uploads\/2023\/06\/Z5gKtOFJLcroX_oU.mp4\">https:\/\/www.cordobatimes.com\/showup\/wp-content\/uploads\/2023\/06\/Z5gKtOFJLcroX_oU.mp4<\/a><\/video><\/div>\n","protected":false},"excerpt":{"rendered":"<p>Pese a lo sucedido, dio vuelta la p\u00e1gina r\u00e1pido porque este s\u00e1bado 24 la espera Suiza. Lali Esp\u00f3sito\u00a0le dio comienzo a su\u00a0Lali Tour Europa 2023, pero en su presentaci\u00f3n en Vienne, Francia, las cosas no salieron de la mejor manera. Hubo algunas fallas marcas y la artista, lejos de mirar para otro lado, se hizo [&hellip;]<\/p>\n","protected":false},"author":1,"featured_media":98679,"comment_status":"closed","ping_status":"closed","sticky":false,"template":"","format":"standard","meta":{"_seopress_robots_primary_cat":"","_seopress_titles_title":"","_seopress_titles_desc":"","_seopress_robots_index":"","footnotes":""},"categories":[5],"tags":[37443,37442,37444,37445],"class_list":{"0":"post-98678","1":"post","2":"type-post","3":"status-publish","4":"format-standard","5":"has-post-thumbnail","7":"category-musica","8":"tag-lali-en-francia","9":"tag-lali-en-su-show-en-francia","10":"tag-lali-esposito-en-francia","11":"tag-show-de-lali-esposito-en-francia"},"_links":{"self":[{"href":"https:\/\/www.cordobatimes.com\/showup\/wp-json\/wp\/v2\/posts\/98678","targetHints":{"allow":["GET"]}}],"collection":[{"href":"https:\/\/www.cordobatimes.com\/showup\/wp-json\/wp\/v2\/posts"}],"about":[{"href":"https:\/\/www.cordobatimes.com\/showup\/wp-json\/wp\/v2\/types\/post"}],"author":[{"embeddable":true,"href":"https:\/\/www.cordobatimes.com\/showup\/wp-json\/wp\/v2\/users\/1"}],"replies":[{"embeddable":true,"href":"https:\/\/www.cordobatimes.com\/showup\/wp-json\/wp\/v2\/comments?post=98678"}],"version-history":[{"count":0,"href":"https:\/\/www.cordobatimes.com\/showup\/wp-json\/wp\/v2\/posts\/98678\/revisions"}],"wp:featuredmedia":[{"embeddable":true,"href":"https:\/\/www.cordobatimes.com\/showup\/wp-json\/wp\/v2\/media\/98679"}],"wp:attachment":[{"href":"https:\/\/www.cordobatimes.com\/showup\/wp-json\/wp\/v2\/media?parent=98678"}],"wp:term":[{"taxonomy":"category","embeddable":true,"href":"https:\/\/www.cordobatimes.com\/showup\/wp-json\/wp\/v2\/categories?post=98678"},{"taxonomy":"post_tag","embeddable":true,"href":"https:\/\/www.cordobatimes.com\/showup\/wp-json\/wp\/v2\/tags?post=98678"}],"curies":[{"name":"wp","href":"https:\/\/api.w.org\/{rel}","templated":true}]}}