{"id":98590,"date":"2023-06-22T10:54:38","date_gmt":"2023-06-22T13:54:38","guid":{"rendered":"https:\/\/www.cordobatimes.com\/showup\/?p=98590"},"modified":"2023-06-22T10:54:38","modified_gmt":"2023-06-22T13:54:38","slug":"leonardo-sbaraglia-rodo-escenas-de-la-serie-de-el-ex-presidente-menem-en-la-casa-rosada-y-desato-la-polemica","status":"publish","type":"post","link":"https:\/\/www.cordobatimes.com\/showup\/cine-y-series\/2023\/06\/22\/leonardo-sbaraglia-rodo-escenas-de-la-serie-de-el-ex-presidente-menem-en-la-casa-rosada-y-desato-la-polemica\/","title":{"rendered":"Leonardo Sbaraglia rod\u00f3 escenas de la serie de el ex presidente Menem en la Casa Rosada y desat\u00f3 la pol\u00e9mica"},"content":{"rendered":"<h3><strong>Los usuarios de Twitter cuestionaron que el edificio donde se encuentra la oficina del Presidente se usara como set de grabaci\u00f3n mientras en Jujuy se viv\u00eda una situaci\u00f3n de extrema violencia.<\/strong><\/h3>\n<p class=\"com-paragraph  --capital --s\">Una nueva serie sobre parte de la historia argentina est\u00e1 en plena etapa de grabaci\u00f3n. El ascenso al poder del expresidente\u00a0Carlos Menem\u00a0ser\u00e1 representada en la pantalla chica y tendr\u00e1 a\u00a0Leonardo Sbaraglia\u00a0como protagonista. D\u00edas atr\u00e1s salieron a la luz las\u00a0primeras im\u00e1genes\u00a0de la impactante transformaci\u00f3n del actor para ponerse en piel del pol\u00edtico y, en las \u00faltimas horas,\u00a0se pudo ver al actor en pleno rodaje en los jardines de la Casa Rosada. La imagen se viraliz\u00f3 r\u00e1pidamente y\u00a0caus\u00f3 pol\u00e9mica\u00a0entre los usuarios de las redes sociales, puesto que este martes 20 de junio mientras el rodaje avanzaba se vivieron momentos de\u00a0tensi\u00f3n y extrema violencia en\u00a0Jujuy\u00a0en medio de las protestas por la reforma constitucional provincial.<\/p>\n<div class=\"content-media\">\n<section class=\"mod-media --zoom  \" role=\"button\">\n<figure class=\"mod-figure \" role=\"button\">\n<div class=\"placeholder \"><img loading=\"lazy\" decoding=\"async\" class=\"com-image \" src=\"https:\/\/resizer.glanacion.com\/resizer\/J7eQwcCA1dm0fj_dkGDWfGq8TYo=\/310x0\/filters:format(webp):quality(80)\/cloudfront-us-east-1.images.arcpublishing.com\/lanacionar\/J5PEAKXFH5GHRFK3R3AFUQYL4Q.JPG\" srcset=\"https:\/\/resizer.glanacion.com\/resizer\/DovJKTG1sDv80nRyezalYYmT1jA=\/879x0\/filters:format(webp):quality(80)\/cloudfront-us-east-1.images.arcpublishing.com\/lanacionar\/J5PEAKXFH5GHRFK3R3AFUQYL4Q.JPG 879w, https:\/\/resizer.glanacion.com\/resizer\/hbzOo8aii7VeThep-x6Y-yIlHWM=\/690x0\/filters:format(webp):quality(80)\/cloudfront-us-east-1.images.arcpublishing.com\/lanacionar\/J5PEAKXFH5GHRFK3R3AFUQYL4Q.JPG 690w, https:\/\/resizer.glanacion.com\/resizer\/n0iW-5OUVFwQeMcJvxHRshXNQGA=\/768x0\/filters:format(webp):quality(80)\/cloudfront-us-east-1.images.arcpublishing.com\/lanacionar\/J5PEAKXFH5GHRFK3R3AFUQYL4Q.JPG 768w, https:\/\/resizer.glanacion.com\/resizer\/cXoBgGU5-8tV6bs_Ws1CZJq5X_E=\/350x0\/filters:format(webp):quality(80)\/cloudfront-us-east-1.images.arcpublishing.com\/lanacionar\/J5PEAKXFH5GHRFK3R3AFUQYL4Q.JPG 350w, https:\/\/resizer.glanacion.com\/resizer\/J7eQwcCA1dm0fj_dkGDWfGq8TYo=\/310x0\/filters:format(webp):quality(80)\/cloudfront-us-east-1.images.arcpublishing.com\/lanacionar\/J5PEAKXFH5GHRFK3R3AFUQYL4Q.JPG 310w\" alt=\"Leonardo Sbaraglia interpreta a Carlos Menem en la serie basada en hechos reales que produce Amazon Prime Video\" width=\"6016\" height=\"4016\" \/><\/div><figcaption class=\"mod-figcaption\"><\/figcaption><\/figure>\n<\/section>\n<\/div>\n<div class=\"mod-banner --middle_1_dsk\">\n<div class=\"AV62015a4e5cce552dd73c0f49\">\n<div id=\"aniBox\">\n<div id=\"aniplayer_AV62015a4e5cce552dd73c0f49-1687441045432\">\n<div id=\"anibid\"><\/div>\n<\/div>\n<\/div>\n<\/div>\n<\/div>\n<p class=\"com-paragraph   --s\">La serie autobiogr\u00e1fica de\u00a0Carlos Sa\u00fal Menem\u00a0es una producci\u00f3n de\u00a0Amazon Prime Video\u00a0y tiene un elenco de primeras figuras. Con Sbaraglia a la cabeza, lo acompa\u00f1an\u00a0Griselda Siciliani\u00a0quien personificar\u00e1 a Zulema Yoma,\u00a0Agust\u00edn Sullivan, como Carlos Menem Jr. &#8211; que falleci\u00f3 en 1995 -,\u00a0Cumel\u00e9n Sanz, como Zulemita Menem y tambi\u00e9n estar\u00e1n\u00a0Juan Minuj\u00edn, Alberto Ajaka, Campi, Violeta Utizberea y Marco Antonio Caponi, entre otros.<\/p>\n<div class=\"com-container --button \"><button id=\"\" class=\"com-button --secondary --icon arrow-right --right\" title=\"\" type=\"button\" data-event=\"\" data-section=\"\"><i class=\"com-icon icon-arrow-right\"><\/i><\/button>Si bien se desconoce la fecha de estreno, el proyecto ya comenz\u00f3 a grabarse. Precisamente el\u00a0<strong>martes 20 de junio<\/strong>, feriado en la Argentina, el periodista<strong>\u00a0Jorge Mart\u00edn Moure comparti\u00f3 en Twitter\u00a0<\/strong>una imagen donde se lo pudo ver a<strong>\u00a0Sbaraglia personificado como Menem<\/strong>, mientras grababa en el jard\u00edn de la sede presidencial, ubicada en Balcarce 50:<strong>\u00a0<\/strong>\u201c<strong>Todo muy normal en Casa Rosada; mientras ocurren los incidentes en Jujuy&#8230; Se filma la serie de Carlos Menem\u201d<\/strong>.<\/div>\n<div class=\"content-media\">\n<section class=\"mod-media   \" role=\"button\">\n<figure class=\"mod-figure \" role=\"button\">\n<div class=\"placeholder \"><img loading=\"lazy\" decoding=\"async\" class=\"com-image \" src=\"https:\/\/resizer.glanacion.com\/resizer\/pv5v-vltNlAamVs6I-70uK-jbtY=\/310x0\/filters:format(webp):quality(80)\/cloudfront-us-east-1.images.arcpublishing.com\/lanacionar\/T2GMOI2FFZANBM5EVQ2DGROMMU.PNG\" srcset=\"https:\/\/resizer.glanacion.com\/resizer\/JjDlwNggTPycs-zIGDMzHxCboKs=\/879x0\/filters:format(webp):quality(80)\/cloudfront-us-east-1.images.arcpublishing.com\/lanacionar\/T2GMOI2FFZANBM5EVQ2DGROMMU.PNG 879w, https:\/\/resizer.glanacion.com\/resizer\/jPIx9IQ13pekUlB3ak_IXT5iLPc=\/690x0\/filters:format(webp):quality(80)\/cloudfront-us-east-1.images.arcpublishing.com\/lanacionar\/T2GMOI2FFZANBM5EVQ2DGROMMU.PNG 690w, https:\/\/resizer.glanacion.com\/resizer\/4AysBn-INXDr4mLFFZaL0wEk8sw=\/768x0\/filters:format(webp):quality(80)\/cloudfront-us-east-1.images.arcpublishing.com\/lanacionar\/T2GMOI2FFZANBM5EVQ2DGROMMU.PNG 768w, https:\/\/resizer.glanacion.com\/resizer\/41CC2iLlVfsrS9pnegUuA-gsJig=\/350x0\/filters:format(webp):quality(80)\/cloudfront-us-east-1.images.arcpublishing.com\/lanacionar\/T2GMOI2FFZANBM5EVQ2DGROMMU.PNG 350w, https:\/\/resizer.glanacion.com\/resizer\/pv5v-vltNlAamVs6I-70uK-jbtY=\/310x0\/filters:format(webp):quality(80)\/cloudfront-us-east-1.images.arcpublishing.com\/lanacionar\/T2GMOI2FFZANBM5EVQ2DGROMMU.PNG 310w\" alt=\"Leandro Sbaraglia grabando la serie de Menem en la Casa Rosada (Foto: Twitter @jmmoure)\" width=\"479\" height=\"576\" \/><\/div>\n<\/figure>\n<\/section>\n<\/div>\n<p class=\"com-paragraph   --s\">La imagen, que fue tomada el martes,<strong>\u00a0caus\u00f3 indignaci\u00f3n entre los usuarios<\/strong>\u00a0de la red social, puesto que ese mismo d\u00eda, pero en\u00a0<strong>San Salvador de Jujuy<\/strong>, se desencaden\u00f3 una violenta situaci\u00f3n pol\u00edtica. El gobierno de<strong>\u00a0Gerardo Morales<\/strong>\u00a0aprob\u00f3 y jur\u00f3 la\u00a0<strong>reforma parcial de la Constituci\u00f3n provincial\u00a0<\/strong>y las calles fueron escenario de protestas:<strong>\u00a0los manifestantes se enfrentaron con la Polic\u00eda e intentaron tomar la Legislatura<\/strong>. Algunos ingresaron al edificio y prendieron fuego una oficina. Adem\u00e1s de los\u00a0da\u00f1os y destrozos,\u00a0<strong>70 personas resultaron heridas y 58 detenidas.<\/strong><\/p>\n<p class=\"com-paragraph   --s\">Con mensajes en Twitter, algunas personas cuestionaron furiosamente c\u00f3mo, mientras\u00a0las calles juje\u00f1as\u00a0mostraban escenas tr\u00e1gicas de desmanes y violencia,\u00a0<strong>el edificio de la Ciudad de Buenos Aires donde se encuentra la oficina presidencial se usaba como un set de grabaci\u00f3n<\/strong>. Algunos de los mensajes que circularon en la red social fueron: \u201cEl Presidente no est\u00e1 en Casa de Gobierno porque me parece que\u00a0<strong>se fue a pasear mientras se la presta a Sbaraglia<\/strong>\u00a0que hace la serie de Menem\u201d; \u201c<strong>Caos en Jujuy y una Casa Rosada de feriado<\/strong>\u00a0con Sabaraglia haciendo de Menem\u201d; \u201cY en Casa Rosada, Sbaraglia haciendo de Menem&#8230; Buen momento para prestarla para filmar,\u00a0<strong>est\u00e1 todo tranca, hay poco que hacer y resolver<\/strong>\u201d.<\/p>\n<div class=\"content-media\">\n<section class=\"mod-media --zoom  \" role=\"button\">\n<figure class=\"mod-figure \" role=\"button\">\n<div class=\"placeholder \"><img loading=\"lazy\" decoding=\"async\" class=\"com-image \" src=\"https:\/\/resizer.glanacion.com\/resizer\/3WFK1X5f6M7PV67NzBm5OOn2f6Q=\/310x0\/filters:format(webp):quality(80)\/cloudfront-us-east-1.images.arcpublishing.com\/lanacionar\/VC2CYZDAAFA5ZBHXSKSWNYV62I.png\" srcset=\"https:\/\/resizer.glanacion.com\/resizer\/coHJaUKCv6hMjLg-y4QQqmk0SAk=\/879x0\/filters:format(webp):quality(80)\/cloudfront-us-east-1.images.arcpublishing.com\/lanacionar\/VC2CYZDAAFA5ZBHXSKSWNYV62I.png 879w, https:\/\/resizer.glanacion.com\/resizer\/TLyPEzOcSOB50IQyrATdWvLCC28=\/690x0\/filters:format(webp):quality(80)\/cloudfront-us-east-1.images.arcpublishing.com\/lanacionar\/VC2CYZDAAFA5ZBHXSKSWNYV62I.png 690w, https:\/\/resizer.glanacion.com\/resizer\/T6x0YCYHzA5pv7rlD0BIxu5r-IY=\/768x0\/filters:format(webp):quality(80)\/cloudfront-us-east-1.images.arcpublishing.com\/lanacionar\/VC2CYZDAAFA5ZBHXSKSWNYV62I.png 768w, https:\/\/resizer.glanacion.com\/resizer\/P3rBW4U03wrK02w3tCntaxiQgho=\/350x0\/filters:format(webp):quality(80)\/cloudfront-us-east-1.images.arcpublishing.com\/lanacionar\/VC2CYZDAAFA5ZBHXSKSWNYV62I.png 350w, https:\/\/resizer.glanacion.com\/resizer\/3WFK1X5f6M7PV67NzBm5OOn2f6Q=\/310x0\/filters:format(webp):quality(80)\/cloudfront-us-east-1.images.arcpublishing.com\/lanacionar\/VC2CYZDAAFA5ZBHXSKSWNYV62I.png 310w\" alt=\"Pol\u00e9mica en las redes por las grabaciones de la serie de Menem en la Casa Rosada mientras en Jujuy se viv\u00eda un violento episodio (Foto: Twitter)\" width=\"914\" height=\"624\" \/><\/div><figcaption class=\"mod-figcaption\"><\/figcaption><\/figure>\n<\/section>\n<\/div>\n<p class=\"com-paragraph   --s\">Asimismo, otro usuario tampoco ocult\u00f3 su malestar: \u201cMe parece genial el hecho de que en Jujuy se est\u00e1n reventando entre todos y en capital est\u00e1n en la Casa Rosada filmando la serie de Menem. Junt\u00e1s al mejor equipo de escritores del mundo y no te arman una\u00a0<em>sitcom\u00a0<\/em>as\u00ed de graciosa ni en p***\u201d.<\/p>\n<div class=\"content-media\">\n<section class=\"mod-media   \" role=\"button\">\n<figure class=\"mod-figure \" role=\"button\">\n<div class=\"placeholder \"><img loading=\"lazy\" decoding=\"async\" class=\"com-image \" src=\"https:\/\/resizer.glanacion.com\/resizer\/Vfd1Mi58H46IIbcwriaHC-B8rxk=\/310x0\/filters:format(webp):quality(80)\/cloudfront-us-east-1.images.arcpublishing.com\/lanacionar\/BTKFHXVWAFCFDHIFCVIP6KAJWA.PNG\" srcset=\"https:\/\/resizer.glanacion.com\/resizer\/YIhnAIEvAR6y8iL89uNgNKQTfvU=\/879x0\/filters:format(webp):quality(80)\/cloudfront-us-east-1.images.arcpublishing.com\/lanacionar\/BTKFHXVWAFCFDHIFCVIP6KAJWA.PNG 879w, https:\/\/resizer.glanacion.com\/resizer\/7XkPmgqKDvwe9ncdsEwz4ssS6vM=\/690x0\/filters:format(webp):quality(80)\/cloudfront-us-east-1.images.arcpublishing.com\/lanacionar\/BTKFHXVWAFCFDHIFCVIP6KAJWA.PNG 690w, https:\/\/resizer.glanacion.com\/resizer\/MWqnmHbVbSPv2zbY1uo8C6ONFhU=\/768x0\/filters:format(webp):quality(80)\/cloudfront-us-east-1.images.arcpublishing.com\/lanacionar\/BTKFHXVWAFCFDHIFCVIP6KAJWA.PNG 768w, https:\/\/resizer.glanacion.com\/resizer\/Pf0iN6YGFSJOo19aWbKGwbKTkjA=\/350x0\/filters:format(webp):quality(80)\/cloudfront-us-east-1.images.arcpublishing.com\/lanacionar\/BTKFHXVWAFCFDHIFCVIP6KAJWA.PNG 350w, https:\/\/resizer.glanacion.com\/resizer\/Vfd1Mi58H46IIbcwriaHC-B8rxk=\/310x0\/filters:format(webp):quality(80)\/cloudfront-us-east-1.images.arcpublishing.com\/lanacionar\/BTKFHXVWAFCFDHIFCVIP6KAJWA.PNG 310w\" alt=\"El mensaje del analista econ\u00f3mico Manuel Adorni (Foto: Twitter @madorni)\" width=\"533\" height=\"420\" \/><\/div><figcaption class=\"mod-figcaption\"><\/figcaption><\/figure>\n<\/section>\n<\/div>\n<p class=\"com-paragraph   --s\">Por su parte,\u00a0el analista econ\u00f3mico\u00a0<strong>Manuel Adorni\u00a0<\/strong>sostuvo v\u00eda Twitter: \u201cEn la provincia de Chaco hay una chica desaparecida (hecho relacionado con punteros del gobernador). En Jujuy atacan las instituciones con violencia desenfrenada.\u00a0<strong>Ante semejante gravedad en la Casa Rosada se est\u00e1 filmando la serie de Carlos Sa\u00fal Menem<\/strong>. Merecemos la extinci\u00f3n. Fin\u201d.<\/p>\n","protected":false},"excerpt":{"rendered":"<p>Los usuarios de Twitter cuestionaron que el edificio donde se encuentra la oficina del Presidente se usara como set de grabaci\u00f3n mientras en Jujuy se viv\u00eda una situaci\u00f3n de extrema violencia. Una nueva serie sobre parte de la historia argentina est\u00e1 en plena etapa de grabaci\u00f3n. El ascenso al poder del expresidente\u00a0Carlos Menem\u00a0ser\u00e1 representada en [&hellip;]<\/p>\n","protected":false},"author":1,"featured_media":98591,"comment_status":"closed","ping_status":"closed","sticky":false,"template":"","format":"standard","meta":{"_seopress_robots_primary_cat":"","_seopress_titles_title":"","_seopress_titles_desc":"","_seopress_robots_index":"","footnotes":""},"categories":[3],"tags":[37400,37158,37401,37399,37402],"class_list":{"0":"post-98590","1":"post","2":"type-post","3":"status-publish","4":"format-standard","5":"has-post-thumbnail","7":"category-cine-y-series","8":"tag-expresidente-carlos-menem","9":"tag-leonardo-sbaraglia-carlos-menem","10":"tag-leonardo-sbaraglia-casa-rosada","11":"tag-serie-de-el-ex-presidente-menem","12":"tag-serie-del-expresidente-carlos-menem"},"_links":{"self":[{"href":"https:\/\/www.cordobatimes.com\/showup\/wp-json\/wp\/v2\/posts\/98590","targetHints":{"allow":["GET"]}}],"collection":[{"href":"https:\/\/www.cordobatimes.com\/showup\/wp-json\/wp\/v2\/posts"}],"about":[{"href":"https:\/\/www.cordobatimes.com\/showup\/wp-json\/wp\/v2\/types\/post"}],"author":[{"embeddable":true,"href":"https:\/\/www.cordobatimes.com\/showup\/wp-json\/wp\/v2\/users\/1"}],"replies":[{"embeddable":true,"href":"https:\/\/www.cordobatimes.com\/showup\/wp-json\/wp\/v2\/comments?post=98590"}],"version-history":[{"count":0,"href":"https:\/\/www.cordobatimes.com\/showup\/wp-json\/wp\/v2\/posts\/98590\/revisions"}],"wp:featuredmedia":[{"embeddable":true,"href":"https:\/\/www.cordobatimes.com\/showup\/wp-json\/wp\/v2\/media\/98591"}],"wp:attachment":[{"href":"https:\/\/www.cordobatimes.com\/showup\/wp-json\/wp\/v2\/media?parent=98590"}],"wp:term":[{"taxonomy":"category","embeddable":true,"href":"https:\/\/www.cordobatimes.com\/showup\/wp-json\/wp\/v2\/categories?post=98590"},{"taxonomy":"post_tag","embeddable":true,"href":"https:\/\/www.cordobatimes.com\/showup\/wp-json\/wp\/v2\/tags?post=98590"}],"curies":[{"name":"wp","href":"https:\/\/api.w.org\/{rel}","templated":true}]}}