{"id":98551,"date":"2023-06-21T11:54:19","date_gmt":"2023-06-21T14:54:19","guid":{"rendered":"https:\/\/www.cordobatimes.com\/showup\/?p=98551"},"modified":"2023-06-21T11:54:19","modified_gmt":"2023-06-21T14:54:19","slug":"jorge-rial-se-refirio-al-robo-en-los-camarines-de-lam-las-ladronas-son-las-amigas-de-morena","status":"publish","type":"post","link":"https:\/\/www.cordobatimes.com\/showup\/tv\/2023\/06\/21\/jorge-rial-se-refirio-al-robo-en-los-camarines-de-lam-las-ladronas-son-las-amigas-de-morena\/","title":{"rendered":"Jorge Rial se refiri\u00f3 al robo en los camarines de LAM: \u201clas ladronas son las amigas de Morena\u201d"},"content":{"rendered":"<h3><strong>Volvi\u00f3 a Radio 10\u00a0para acompa\u00f1ar un rato a su equipo, antes de su vuelta definitiva al programa y le dio nota a varios medios que lo esperaban en la puerta.<\/strong><\/h3>\n<p>Despu\u00e9s de hablar de la\u00a0\u201cmanipulaci\u00f3n pornogr\u00e1fica de una chica con problemas emocionales\u201c, haciendo alusi\u00f3n a su hija\u00a0Morena; Jorge Rial\u00a0le dijo a \u201cOlga\u201d, el streaming de Migue Granados, que \u201cestoy cabeceando pelotas de cemento\u201d.<\/p>\n<p>Tambi\u00e9n habl\u00f3 con \u201cSocios del Espect\u00e1culo\u201d y all\u00ed se refiri\u00f3 al famoso robo de tarjetas, dinero y dem\u00e1s en \u201cLAM\u201d y afirm\u00f3 que\u00a0\u201clas ladronas son las amigas de Morena\u201d.<\/p>\n<p>\u201cLo que pasa es el uso y abuso de una chica por gente grande que conoce la historia, s\u00f3lo siento amor y compasi\u00f3n por Morena, mi hija es grande y debe tener sus motivos para decirlo. No me sorprendi\u00f3 mi hija, me sorprende el uso que est\u00e1n haciendo y c\u00f3mo se tejen mentiras, donde hay cosas jodidas, muy turbias. Hace diez a\u00f1os que no hay contacto con ellos (dijo\u00a0Rial por Luis Ventura)\u201d.<\/p>\n<p>Con mucho enojo\u00a0Rial\u00a0avanz\u00f3 sobre el abogado amigo de su hija y dijo\u00a0\u201cL-Gante est\u00e1 preso por (Alejandro) Cipolla, espero que mi hija no termine como\u00a0 \u00e9l\u201d.<br \/>\nSobre el robo explic\u00f3 que\u00a0\u201cvayan a preguntar a la Fiscal\u00eda yo tengo\u00a0 todo\u201d y\u00a0ratific\u00f3 que las\u00a0amigas de su hija est\u00e1n implicadas en el robo en camarines de Am\u00e9rica.<\/p>\n<h3><strong>La tenencia de Francesco<\/strong><\/h3>\n<p>Si bien es dificil\u00edsimo que logren saquen la tenencia de su hijo a\u00a0Morena Rial,\u00a0el fantasma de este tema har\u00eda que la hija del periodista desista por estas horas de un viaje a Miami que iba a concretar con su abogado y amigo,\u00a0Alejandro Cipolla.<\/p>\n<p>A partir del accidente que tuvo en la General Paz y que Morena sinti\u00f3 como provocado; decidi\u00f3 que la madre de su ex, Facundo Ambrosioni, se lleve a su hijo con su padre a C\u00f3rdoba\u00a0y luego se enter\u00f3 de que su padre empez\u00f3 a tener relaci\u00f3n frecuente con esa familia y teme por la idea de que\u00a0Rial intente ir por la tenencia de su nieto, alegando que el ni\u00f1o no est\u00e1 escolarizado, que su madre no est\u00e1 a su lado y que tiene esos \u201cdesequilibrios emocionales\u201d a los que ya se refirio antes, con antecedente de una internaci\u00f3n psiqui\u00e1trica en el pasado.<\/p>\n<blockquote class=\"twitter-tweet\">\n<p lang=\"es\" dir=\"ltr\">En exclusiva, Jorge Rial con <a href=\"https:\/\/twitter.com\/hashtag\/SociosDelEspectaculo?src=hash&amp;ref_src=twsrc%5Etfw\">#SociosDelEspectaculo<\/a>: &quot;Espero que mi hija no termine como L-Gante&quot;. <a href=\"https:\/\/t.co\/u4xzcT8Y0N\">pic.twitter.com\/u4xzcT8Y0N<\/a><\/p>\n<p>&mdash; Socios del espect\u00e1culo (@socioseltrece) <a href=\"https:\/\/twitter.com\/socioseltrece\/status\/1671530560731201538?ref_src=twsrc%5Etfw\">June 21, 2023<\/a><\/p><\/blockquote>\n<p> <script async src=\"https:\/\/platform.twitter.com\/widgets.js\" charset=\"utf-8\"><\/script><\/p>\n","protected":false},"excerpt":{"rendered":"<p>Volvi\u00f3 a Radio 10\u00a0para acompa\u00f1ar un rato a su equipo, antes de su vuelta definitiva al programa y le dio nota a varios medios que lo esperaban en la puerta. Despu\u00e9s de hablar de la\u00a0\u201cmanipulaci\u00f3n pornogr\u00e1fica de una chica con problemas emocionales\u201c, haciendo alusi\u00f3n a su hija\u00a0Morena; Jorge Rial\u00a0le dijo a \u201cOlga\u201d, el streaming de [&hellip;]<\/p>\n","protected":false},"author":1,"featured_media":98552,"comment_status":"closed","ping_status":"closed","sticky":false,"template":"","format":"standard","meta":{"_seopress_robots_primary_cat":"","_seopress_titles_title":"","_seopress_titles_desc":"","_seopress_robots_index":"","footnotes":""},"categories":[2],"tags":[26145,37381,37380,37254],"class_list":{"0":"post-98551","1":"post","2":"type-post","3":"status-publish","4":"format-standard","5":"has-post-thumbnail","7":"category-tv","8":"tag-jorge-rial-morena-rial","9":"tag-jorge-rial-robo-en-los-camarines-de-lam","10":"tag-jorge-rial-se-refirio-al-robo-en-los-camarines-de-lam","11":"tag-robo-en-los-camarines-de-lam"},"_links":{"self":[{"href":"https:\/\/www.cordobatimes.com\/showup\/wp-json\/wp\/v2\/posts\/98551","targetHints":{"allow":["GET"]}}],"collection":[{"href":"https:\/\/www.cordobatimes.com\/showup\/wp-json\/wp\/v2\/posts"}],"about":[{"href":"https:\/\/www.cordobatimes.com\/showup\/wp-json\/wp\/v2\/types\/post"}],"author":[{"embeddable":true,"href":"https:\/\/www.cordobatimes.com\/showup\/wp-json\/wp\/v2\/users\/1"}],"replies":[{"embeddable":true,"href":"https:\/\/www.cordobatimes.com\/showup\/wp-json\/wp\/v2\/comments?post=98551"}],"version-history":[{"count":0,"href":"https:\/\/www.cordobatimes.com\/showup\/wp-json\/wp\/v2\/posts\/98551\/revisions"}],"wp:featuredmedia":[{"embeddable":true,"href":"https:\/\/www.cordobatimes.com\/showup\/wp-json\/wp\/v2\/media\/98552"}],"wp:attachment":[{"href":"https:\/\/www.cordobatimes.com\/showup\/wp-json\/wp\/v2\/media?parent=98551"}],"wp:term":[{"taxonomy":"category","embeddable":true,"href":"https:\/\/www.cordobatimes.com\/showup\/wp-json\/wp\/v2\/categories?post=98551"},{"taxonomy":"post_tag","embeddable":true,"href":"https:\/\/www.cordobatimes.com\/showup\/wp-json\/wp\/v2\/tags?post=98551"}],"curies":[{"name":"wp","href":"https:\/\/api.w.org\/{rel}","templated":true}]}}