{"id":98548,"date":"2023-06-21T11:27:02","date_gmt":"2023-06-21T14:27:02","guid":{"rendered":"https:\/\/www.cordobatimes.com\/showup\/?p=98548"},"modified":"2023-06-21T11:27:02","modified_gmt":"2023-06-21T14:27:02","slug":"la-vuelta-de-jorge-rial-a-la-radio-en-medio-del-escandalo-familiar-con-su-hija-morena","status":"publish","type":"post","link":"https:\/\/www.cordobatimes.com\/showup\/famosos\/2023\/06\/21\/la-vuelta-de-jorge-rial-a-la-radio-en-medio-del-escandalo-familiar-con-su-hija-morena\/","title":{"rendered":"La vuelta de Jorge Rial a la radio en medio del esc\u00e1ndalo familiar con su hija Morena"},"content":{"rendered":"<h3><strong>\u00abA veces hay que cabecear pelotas de cemento\u00bb<\/strong><\/h3>\n<p>Apenas 50 d\u00edas despu\u00e9s de haber sufrido un infarto que lo puso al borde de la muerte,\u00a0Jorge Rial\u00a0sinti\u00f3 la necesidad de volver a la radio\u00a0a pesar de que sus m\u00e9dicos se lo desaconsejaron. En realidad, el conductor debe continuar con su rehabilitaci\u00f3n para recuperar, entre otras cosas, su voz y mejorar la capacidad respiratoria, pero \u00e9l opt\u00f3 por seguir sus impulsos.<\/p>\n<p>\u00abDespu\u00e9s de casi 2 meses de estar fuera de circulaci\u00f3n, en los que entr\u00e9 a\u00a0talleres para hacerme de nuevo, estoy volviendo a la radio. No vuelvo las 3 horas por la voz, que si bien se escucha bien ahora en un ratito ver\u00e1n que empieza a aflojar\u00bb, detall\u00f3 Rial al aire de Argenzuela.<\/p>\n<p>\u00abTengo como para dos semanas m\u00e1s de rehabilitaci\u00f3n, con ejercicios y dem\u00e1s porque con la intubaci\u00f3n me lastimaron\u00a0las cuerdas vocales. No es que me entubaron mal sino que lo hicieron r\u00e1pido para salvarme la vida b\u00e1sicamente\u00bb, sum\u00f3.<\/p>\n<p>El regreso se da\u00a0luego de dos semanas\u00a0en la que su hija Morena sali\u00f3 por todos los medios a defenestrarlo\u00a0y ventilar los trapitos sucios de la familia, pero Rial se limit\u00f3 a decir: \u00abYo extra\u00f1aba y mucho. Necesitaba volver porque esta\u00a0es mi vida, mi laburo, lo que s\u00e9 hacer. Es una terapia que me hace bien,\u00a0estar con mis compa\u00f1eros a quienes les agradezco por el aguante, s\u00e9 que no fue f\u00e1cil pero estuvieron. Tengo\u00a0unos compa\u00f1eros b\u00e1rbaros que son amigos tambi\u00e9n\u00bb.<\/p>\n<p>Y cerr\u00f3 con todo: \u00abAgradezco tambi\u00e9n a todos los que rezaron, a los que mandaron mensajes c\u00e1lidos&#8230; aunque despu\u00e9s pasan cosas en el medio y\u00a0uno tiene que salir a cabecear pelotas de cemento pero eso lo hablar\u00e9 despu\u00e9s\u00bb.<\/p>\n<p><iframe loading=\"lazy\" width=\"560\" height=\"315\" src=\"https:\/\/www.youtube.com\/embed\/ucWt6sXPMiQ\" title=\"YouTube video player\" frameborder=\"0\" allow=\"accelerometer; autoplay; clipboard-write; encrypted-media; gyroscope; picture-in-picture; web-share\" allowfullscreen><\/iframe><\/p>\n","protected":false},"excerpt":{"rendered":"<p>\u00abA veces hay que cabecear pelotas de cemento\u00bb Apenas 50 d\u00edas despu\u00e9s de haber sufrido un infarto que lo puso al borde de la muerte,\u00a0Jorge Rial\u00a0sinti\u00f3 la necesidad de volver a la radio\u00a0a pesar de que sus m\u00e9dicos se lo desaconsejaron. En realidad, el conductor debe continuar con su rehabilitaci\u00f3n para recuperar, entre otras cosas, [&hellip;]<\/p>\n","protected":false},"author":1,"featured_media":98549,"comment_status":"closed","ping_status":"closed","sticky":false,"template":"","format":"standard","meta":{"_seopress_robots_primary_cat":"","_seopress_titles_title":"","_seopress_titles_desc":"","_seopress_robots_index":"","footnotes":""},"categories":[4],"tags":[26145,37379],"class_list":{"0":"post-98548","1":"post","2":"type-post","3":"status-publish","4":"format-standard","5":"has-post-thumbnail","7":"category-famosos","8":"tag-jorge-rial-morena-rial","9":"tag-vuelta-de-jorge-rial-a-la-radio"},"_links":{"self":[{"href":"https:\/\/www.cordobatimes.com\/showup\/wp-json\/wp\/v2\/posts\/98548","targetHints":{"allow":["GET"]}}],"collection":[{"href":"https:\/\/www.cordobatimes.com\/showup\/wp-json\/wp\/v2\/posts"}],"about":[{"href":"https:\/\/www.cordobatimes.com\/showup\/wp-json\/wp\/v2\/types\/post"}],"author":[{"embeddable":true,"href":"https:\/\/www.cordobatimes.com\/showup\/wp-json\/wp\/v2\/users\/1"}],"replies":[{"embeddable":true,"href":"https:\/\/www.cordobatimes.com\/showup\/wp-json\/wp\/v2\/comments?post=98548"}],"version-history":[{"count":0,"href":"https:\/\/www.cordobatimes.com\/showup\/wp-json\/wp\/v2\/posts\/98548\/revisions"}],"wp:featuredmedia":[{"embeddable":true,"href":"https:\/\/www.cordobatimes.com\/showup\/wp-json\/wp\/v2\/media\/98549"}],"wp:attachment":[{"href":"https:\/\/www.cordobatimes.com\/showup\/wp-json\/wp\/v2\/media?parent=98548"}],"wp:term":[{"taxonomy":"category","embeddable":true,"href":"https:\/\/www.cordobatimes.com\/showup\/wp-json\/wp\/v2\/categories?post=98548"},{"taxonomy":"post_tag","embeddable":true,"href":"https:\/\/www.cordobatimes.com\/showup\/wp-json\/wp\/v2\/tags?post=98548"}],"curies":[{"name":"wp","href":"https:\/\/api.w.org\/{rel}","templated":true}]}}