{"id":98518,"date":"2023-06-20T20:49:01","date_gmt":"2023-06-20T23:49:01","guid":{"rendered":"https:\/\/www.cordobatimes.com\/showup\/?p=98518"},"modified":"2023-06-20T20:49:01","modified_gmt":"2023-06-20T23:49:01","slug":"bizarrap-anuncio-su-music-session-56-junto-a-rauw-alejando","status":"publish","type":"post","link":"https:\/\/www.cordobatimes.com\/showup\/musica\/2023\/06\/20\/bizarrap-anuncio-su-music-session-56-junto-a-rauw-alejando\/","title":{"rendered":"Bizarrap anunci\u00f3 su Music Session #56 junto a Rauw Alejando"},"content":{"rendered":"<h3><strong>A trav\u00e9s de sus redes sociales y con un particular video, el productor argentino anunci\u00f3 el lanzamiento de su nuevo tema junto al cantante puertorrique\u00f1o.<\/strong><\/h3>\n<p>Bizarrap\u00a0anunci\u00f3 en sus redes sociales el nuevo tema que lanzar\u00e1 junto con el artista puertorrique\u00f1o, Rauw Alejandro. La Session #56 estar\u00e1 disponible en todas las plataformas a partir del mi\u00e9rcoles 21.<\/p>\n<p>El anunci\u00f3 se llev\u00f3 a cabo a las 5 de la tarde a trav\u00e9s de la cuenta de Instagram de Biza en donde public\u00f3 un reel con un divertido video que fue grabado en la ciudad de Madrid<\/p>\n<p>El productor argentino realiz\u00f3 una colaboraci\u00f3n con una reconocida marca de ropa espa\u00f1ola, Bershka. En uno de los locales ubicados en Madrid pusieron varias c\u00e1maras e invitaron a j\u00f3venes que se mostraron interesados en los productos de la colaboraci\u00f3n a probarse las prendas en\u00a0\u201cun probador especial de Bizarrap\u201d.<\/p>\n<p>Al entrar, el espacio estaba ambientado como el estudio de Biza y ten\u00eda una leyenda que dec\u00eda \u201cesto no es un probador\u201d. Como era de esperarse, quienes ingresaban se sorprend\u00edan pero al percatarse de que, a trav\u00e9s de una pantalla, el productor pod\u00eda verlos y escucharlos, y ellos tambi\u00e9n a \u00e9l.<\/p>\n<p>Tras un divertido intercambio de palabras, Bizarrap invit\u00f3 a quienes estaban dentro de la habitaci\u00f3n colocarse auriculares para escuchar la Session #56. Mientras las c\u00e1maras filmaban sus reacciones a la canci\u00f3n, el productor sali\u00f3 del lugar en donde estaba escondido y entr\u00f3 al cuarto, generando mucha emoci\u00f3n entre sus fans.<\/p>\n<blockquote class=\"instagram-media\" style=\"background: #FFF; border: 0; border-radius: 3px; box-shadow: 0 0 1px 0 rgba(0,0,0,0.5),0 1px 10px 0 rgba(0,0,0,0.15); margin: 1px; max-width: 540px; min-width: 326px; padding: 0; width: calc(100% - 2px);\" data-instgrm-permalink=\"https:\/\/www.instagram.com\/reel\/CtuYcuotE3l\/?utm_source=ig_embed&amp;utm_campaign=loading\" data-instgrm-version=\"14\">\n<div style=\"padding: 16px;\">\n<p>&nbsp;<\/p>\n<div style=\"display: flex; flex-direction: row; align-items: center;\">\n<div style=\"background-color: #f4f4f4; border-radius: 50%; flex-grow: 0; height: 40px; margin-right: 14px; width: 40px;\"><\/div>\n<div style=\"display: flex; flex-direction: column; flex-grow: 1; justify-content: center;\">\n<div style=\"background-color: #f4f4f4; border-radius: 4px; flex-grow: 0; height: 14px; margin-bottom: 6px; width: 100px;\"><\/div>\n<div style=\"background-color: #f4f4f4; border-radius: 4px; flex-grow: 0; height: 14px; width: 60px;\"><\/div>\n<\/div>\n<\/div>\n<div style=\"padding: 19% 0;\"><\/div>\n<div style=\"display: block; height: 50px; margin: 0 auto 12px; width: 50px;\"><\/div>\n<div style=\"padding-top: 8px;\">\n<div style=\"color: #3897f0; font-family: Arial,sans-serif; font-size: 14px; font-style: normal; font-weight: 550; line-height: 18px;\">Ver esta publicaci\u00f3n en Instagram<\/div>\n<\/div>\n<div style=\"padding: 12.5% 0;\"><\/div>\n<div style=\"display: flex; flex-direction: row; margin-bottom: 14px; align-items: center;\">\n<div>\n<div style=\"background-color: #f4f4f4; border-radius: 50%; height: 12.5px; width: 12.5px; transform: translateX(0px) translateY(7px);\"><\/div>\n<div style=\"background-color: #f4f4f4; height: 12.5px; transform: rotate(-45deg) translateX(3px) translateY(1px); width: 12.5px; flex-grow: 0; margin-right: 14px; margin-left: 2px;\"><\/div>\n<div style=\"background-color: #f4f4f4; border-radius: 50%; height: 12.5px; width: 12.5px; transform: translateX(9px) translateY(-18px);\"><\/div>\n<\/div>\n<div style=\"margin-left: 8px;\">\n<div style=\"background-color: #f4f4f4; border-radius: 50%; flex-grow: 0; height: 20px; width: 20px;\"><\/div>\n<div style=\"width: 0; height: 0; border-top: 2px solid transparent; border-left: 6px solid #f4f4f4; border-bottom: 2px solid transparent; transform: translateX(16px) translateY(-4px) rotate(30deg);\"><\/div>\n<\/div>\n<div style=\"margin-left: auto;\">\n<div style=\"width: 0px; border-top: 8px solid #F4F4F4; border-right: 8px solid transparent; transform: translateY(16px);\"><\/div>\n<div style=\"background-color: #f4f4f4; flex-grow: 0; height: 12px; width: 16px; transform: translateY(-4px);\"><\/div>\n<div style=\"width: 0; height: 0; border-top: 8px solid #F4F4F4; border-left: 8px solid transparent; transform: translateY(-4px) translateX(8px);\"><\/div>\n<\/div>\n<\/div>\n<div style=\"display: flex; flex-direction: column; flex-grow: 1; justify-content: center; margin-bottom: 24px;\">\n<div style=\"background-color: #f4f4f4; border-radius: 4px; flex-grow: 0; height: 14px; margin-bottom: 6px; width: 224px;\"><\/div>\n<div style=\"background-color: #f4f4f4; border-radius: 4px; flex-grow: 0; height: 14px; width: 144px;\"><\/div>\n<\/div>\n<p>&nbsp;<\/p>\n<p style=\"color: #c9c8cd; font-family: Arial,sans-serif; font-size: 14px; line-height: 17px; margin-bottom: 0; margin-top: 8px; overflow: hidden; padding: 8px 0 7px; text-align: center; text-overflow: ellipsis; white-space: nowrap;\"><a style=\"color: #c9c8cd; font-family: Arial,sans-serif; font-size: 14px; font-style: normal; font-weight: normal; line-height: 17px; text-decoration: none;\" href=\"https:\/\/www.instagram.com\/reel\/CtuYcuotE3l\/?utm_source=ig_embed&amp;utm_campaign=loading\" target=\"_blank\" rel=\"noopener\">Una publicaci\u00f3n compartida por BZRP (@bizarrap)<\/a><\/p>\n<\/div>\n<\/blockquote>\n<p><script async src=\"\/\/www.instagram.com\/embed.js\"><\/script><\/p>\n","protected":false},"excerpt":{"rendered":"<p>A trav\u00e9s de sus redes sociales y con un particular video, el productor argentino anunci\u00f3 el lanzamiento de su nuevo tema junto al cantante puertorrique\u00f1o. Bizarrap\u00a0anunci\u00f3 en sus redes sociales el nuevo tema que lanzar\u00e1 junto con el artista puertorrique\u00f1o, Rauw Alejandro. La Session #56 estar\u00e1 disponible en todas las plataformas a partir del mi\u00e9rcoles [&hellip;]<\/p>\n","protected":false},"author":1,"featured_media":98519,"comment_status":"closed","ping_status":"closed","sticky":false,"template":"","format":"standard","meta":{"_seopress_robots_primary_cat":"","_seopress_titles_title":"","_seopress_titles_desc":"","_seopress_robots_index":"","footnotes":""},"categories":[5],"tags":[37362,37361],"class_list":{"0":"post-98518","1":"post","2":"type-post","3":"status-publish","4":"format-standard","5":"has-post-thumbnail","7":"category-musica","8":"tag-bizarrap-rauw-alejando","9":"tag-music-session-56-junto-a-rauw-alejando"},"_links":{"self":[{"href":"https:\/\/www.cordobatimes.com\/showup\/wp-json\/wp\/v2\/posts\/98518","targetHints":{"allow":["GET"]}}],"collection":[{"href":"https:\/\/www.cordobatimes.com\/showup\/wp-json\/wp\/v2\/posts"}],"about":[{"href":"https:\/\/www.cordobatimes.com\/showup\/wp-json\/wp\/v2\/types\/post"}],"author":[{"embeddable":true,"href":"https:\/\/www.cordobatimes.com\/showup\/wp-json\/wp\/v2\/users\/1"}],"replies":[{"embeddable":true,"href":"https:\/\/www.cordobatimes.com\/showup\/wp-json\/wp\/v2\/comments?post=98518"}],"version-history":[{"count":0,"href":"https:\/\/www.cordobatimes.com\/showup\/wp-json\/wp\/v2\/posts\/98518\/revisions"}],"wp:featuredmedia":[{"embeddable":true,"href":"https:\/\/www.cordobatimes.com\/showup\/wp-json\/wp\/v2\/media\/98519"}],"wp:attachment":[{"href":"https:\/\/www.cordobatimes.com\/showup\/wp-json\/wp\/v2\/media?parent=98518"}],"wp:term":[{"taxonomy":"category","embeddable":true,"href":"https:\/\/www.cordobatimes.com\/showup\/wp-json\/wp\/v2\/categories?post=98518"},{"taxonomy":"post_tag","embeddable":true,"href":"https:\/\/www.cordobatimes.com\/showup\/wp-json\/wp\/v2\/tags?post=98518"}],"curies":[{"name":"wp","href":"https:\/\/api.w.org\/{rel}","templated":true}]}}