{"id":98490,"date":"2023-06-19T11:31:36","date_gmt":"2023-06-19T14:31:36","guid":{"rendered":"https:\/\/www.cordobatimes.com\/showup\/?p=98490"},"modified":"2023-06-19T11:43:31","modified_gmt":"2023-06-19T14:43:31","slug":"ya-salio-el-trailer-de-berlin-la-precuela-de-la-casa-de-papel","status":"publish","type":"post","link":"https:\/\/www.cordobatimes.com\/showup\/cine-y-series\/2023\/06\/19\/ya-salio-el-trailer-de-berlin-la-precuela-de-la-casa-de-papel\/","title":{"rendered":"Ya sali\u00f3 el trailer de \u2018Berl\u00edn\u2019, la precuela de \u2018La casa de papel\u2019"},"content":{"rendered":"<h3><strong>La nueva serie del universo de los monos rojos centrada en el personaje de Pedro Alonso se estrenar\u00e1 en Netflix a final de a\u00f1o.<\/strong><\/h3>\n<p>Las primeras im\u00e1genes de la\u00a0serie de Netflix\u00a0Berl\u00edn, mostradas en la gala Tudum 2023, han mostrado como, en\u00a0la l\u00ednea de su predecesora,\u00a0La casa de papel, la banda del personaje protagonista de la serie, sacado de la ficci\u00f3n original, prepara el atraco a la\u00a0mayor casa de subastas de Par\u00eds.<\/p>\n<p>El adelanto de la serie en el evento anual de Netflix, donde se exponen los lanzamientos de la temporada, ha mostrado una est\u00e9tica similar a la ficci\u00f3n de la que parti\u00f3 la franquicia y han presentado a un elenco liderado por Pedro Alonso, que contin\u00faa su papel de Berl\u00edn en esta precuela, y completado por\u00a0Michelle Jenner,\u00a0Trist\u00e1n Ulloa,\u00a0Bego\u00f1a Vargas,\u00a0Julio Pe\u00f1a\u00a0y\u00a0Joel S\u00e1nchez, que componen la banda de atracadores.<\/p>\n<p>Rodada recientemente en los estudios de Netflix en Madrid y con numerosos exteriores capturados en Par\u00eds, \u201cBerl\u00edn\u201d utilizar\u00e1 una narrativa\u00a0\u201cmucho m\u00e1s luminosa, pero sobre todo vital, l\u00fadica\u201d\u00a0en la que se prescinda de parte de la violencia empleadas en\u00a0La casa de papel\u00a0y\u00a0Sky rojo\u00a0y se intercambien los asaltos violentos por atracos sin violencia \u201cal estilo de David Copperfield\u201d.<\/p>\n<p>Pedro Alonso ha reconocido cambios importantes en su personaje, en el que en esta ocasi\u00f3n ha encontrado \u201cun canto a la alegr\u00eda de vivir\u201d frente a car\u00e1cter \u201ctenso, peligroso, con m\u00e1s plutonio\u201d de Berl\u00edn en la ficci\u00f3n original, del que, sin embargo, se conservar\u00e1n rasgos de su car\u00e1cter original como su faceta de seductor enamoradizo<\/p>\n<p>Asimismo, la serie contar\u00e1 con dos personajes supervivientes de \u201cLa casa de papel\u201d: las inspectoras Murillo y Sierra, encarnadas por Itziar Itu\u00f1o y Najwa Nimri.<\/p>\n<p>Como es habitual en las ficciones de la franquicia, la banda sonora de la serie contar\u00e1 con temas propios, a los que se sumar\u00e1n versiones de cl\u00e1sicos populares como el tema \u201cFelicit\u00e0\u201d, de Albano y Romina Power, que en este caso sonar\u00e1 en un \u201ccover\u201d grabado para la ocasi\u00f3n por Pedro Alonso y Trist\u00e1n Ulloa.<\/p>\n<p><iframe loading=\"lazy\" title=\"YouTube video player\" src=\"https:\/\/www.youtube.com\/embed\/X2Pb_f3BDi8\" width=\"560\" height=\"315\" frameborder=\"0\" allowfullscreen=\"allowfullscreen\"><\/iframe><\/p>\n","protected":false},"excerpt":{"rendered":"<p>La nueva serie del universo de los monos rojos centrada en el personaje de Pedro Alonso se estrenar\u00e1 en Netflix a final de a\u00f1o. Las primeras im\u00e1genes de la\u00a0serie de Netflix\u00a0Berl\u00edn, mostradas en la gala Tudum 2023, han mostrado como, en\u00a0la l\u00ednea de su predecesora,\u00a0La casa de papel, la banda del personaje protagonista de la [&hellip;]<\/p>\n","protected":false},"author":1,"featured_media":98491,"comment_status":"closed","ping_status":"closed","sticky":false,"template":"","format":"standard","meta":{"_seopress_robots_primary_cat":"","_seopress_titles_title":"","_seopress_titles_desc":"","_seopress_robots_index":"","footnotes":""},"categories":[3],"tags":[37346,37347,37345,37344],"class_list":{"0":"post-98490","1":"post","2":"type-post","3":"status-publish","4":"format-standard","5":"has-post-thumbnail","7":"category-cine-y-series","8":"tag-berlin-la-precuela-de-la-casa-de-papel","9":"tag-precuela-de-la-casa-de-papel","10":"tag-trailer-de-berlin","11":"tag-trailer-de-berlin-la-precuela-de-la-casa-de-papel"},"_links":{"self":[{"href":"https:\/\/www.cordobatimes.com\/showup\/wp-json\/wp\/v2\/posts\/98490","targetHints":{"allow":["GET"]}}],"collection":[{"href":"https:\/\/www.cordobatimes.com\/showup\/wp-json\/wp\/v2\/posts"}],"about":[{"href":"https:\/\/www.cordobatimes.com\/showup\/wp-json\/wp\/v2\/types\/post"}],"author":[{"embeddable":true,"href":"https:\/\/www.cordobatimes.com\/showup\/wp-json\/wp\/v2\/users\/1"}],"replies":[{"embeddable":true,"href":"https:\/\/www.cordobatimes.com\/showup\/wp-json\/wp\/v2\/comments?post=98490"}],"version-history":[{"count":0,"href":"https:\/\/www.cordobatimes.com\/showup\/wp-json\/wp\/v2\/posts\/98490\/revisions"}],"wp:featuredmedia":[{"embeddable":true,"href":"https:\/\/www.cordobatimes.com\/showup\/wp-json\/wp\/v2\/media\/98491"}],"wp:attachment":[{"href":"https:\/\/www.cordobatimes.com\/showup\/wp-json\/wp\/v2\/media?parent=98490"}],"wp:term":[{"taxonomy":"category","embeddable":true,"href":"https:\/\/www.cordobatimes.com\/showup\/wp-json\/wp\/v2\/categories?post=98490"},{"taxonomy":"post_tag","embeddable":true,"href":"https:\/\/www.cordobatimes.com\/showup\/wp-json\/wp\/v2\/tags?post=98490"}],"curies":[{"name":"wp","href":"https:\/\/api.w.org\/{rel}","templated":true}]}}