{"id":98471,"date":"2023-06-16T21:27:37","date_gmt":"2023-06-17T00:27:37","guid":{"rendered":"https:\/\/www.cordobatimes.com\/showup\/?p=98471"},"modified":"2023-06-16T21:48:37","modified_gmt":"2023-06-17T00:48:37","slug":"yanina-latorre-confirma-que-marcos-y-julieta-estan-saliendo","status":"publish","type":"post","link":"https:\/\/www.cordobatimes.com\/showup\/famosos\/2023\/06\/16\/yanina-latorre-confirma-que-marcos-y-julieta-estan-saliendo\/","title":{"rendered":"Yanina Latorre confirma que Marcos y Julieta est\u00e1n saliendo"},"content":{"rendered":"<h3><strong>Latorre Confirm\u00f3 en LAM que los ex Gran Hermano habr\u00edan mantenido relaciones sexuales en al menos dos ocaciones en un departamento de palermo de un productor de telefe.\u00a0\u00a0<\/strong><\/h3>\n<p>Adem\u00e1s la panelista anticipo que los protagonistas lo iban a desmentir todo.<\/p>\n<div style=\"width: 480px;\" class=\"wp-video\"><video class=\"wp-video-shortcode\" id=\"video-98471-1\" width=\"480\" height=\"270\" preload=\"metadata\" controls=\"controls\"><source type=\"video\/mp4\" src=\"https:\/\/www.cordobatimes.com\/showup\/wp-content\/uploads\/2023\/06\/y2OBNcwxx20yuLUe.mp4?_=1\" \/><a href=\"https:\/\/www.cordobatimes.com\/showup\/wp-content\/uploads\/2023\/06\/y2OBNcwxx20yuLUe.mp4\">https:\/\/www.cordobatimes.com\/showup\/wp-content\/uploads\/2023\/06\/y2OBNcwxx20yuLUe.mp4<\/a><\/video><\/div>\n","protected":false},"excerpt":{"rendered":"<p>Latorre Confirm\u00f3 en LAM que los ex Gran Hermano habr\u00edan mantenido relaciones sexuales en al menos dos ocaciones en un departamento de palermo de un productor de telefe.\u00a0\u00a0 Adem\u00e1s la panelista anticipo que los protagonistas lo iban a desmentir todo.<\/p>\n","protected":false},"author":1,"featured_media":98472,"comment_status":"closed","ping_status":"closed","sticky":false,"template":"","format":"standard","meta":{"_seopress_robots_primary_cat":"","_seopress_titles_title":"","_seopress_titles_desc":"","_seopress_robots_index":"","footnotes":""},"categories":[4],"tags":[36602,36698,36740,37337],"class_list":{"0":"post-98471","1":"post","2":"type-post","3":"status-publish","4":"format-standard","5":"has-post-thumbnail","7":"category-famosos","8":"tag-marcos-y-julieta","9":"tag-marcos-y-julieta-gran-hermano","10":"tag-marculi","11":"tag-romance-de-marcos-y-julieta"},"_links":{"self":[{"href":"https:\/\/www.cordobatimes.com\/showup\/wp-json\/wp\/v2\/posts\/98471","targetHints":{"allow":["GET"]}}],"collection":[{"href":"https:\/\/www.cordobatimes.com\/showup\/wp-json\/wp\/v2\/posts"}],"about":[{"href":"https:\/\/www.cordobatimes.com\/showup\/wp-json\/wp\/v2\/types\/post"}],"author":[{"embeddable":true,"href":"https:\/\/www.cordobatimes.com\/showup\/wp-json\/wp\/v2\/users\/1"}],"replies":[{"embeddable":true,"href":"https:\/\/www.cordobatimes.com\/showup\/wp-json\/wp\/v2\/comments?post=98471"}],"version-history":[{"count":0,"href":"https:\/\/www.cordobatimes.com\/showup\/wp-json\/wp\/v2\/posts\/98471\/revisions"}],"wp:featuredmedia":[{"embeddable":true,"href":"https:\/\/www.cordobatimes.com\/showup\/wp-json\/wp\/v2\/media\/98472"}],"wp:attachment":[{"href":"https:\/\/www.cordobatimes.com\/showup\/wp-json\/wp\/v2\/media?parent=98471"}],"wp:term":[{"taxonomy":"category","embeddable":true,"href":"https:\/\/www.cordobatimes.com\/showup\/wp-json\/wp\/v2\/categories?post=98471"},{"taxonomy":"post_tag","embeddable":true,"href":"https:\/\/www.cordobatimes.com\/showup\/wp-json\/wp\/v2\/tags?post=98471"}],"curies":[{"name":"wp","href":"https:\/\/api.w.org\/{rel}","templated":true}]}}