{"id":98460,"date":"2023-06-16T19:19:14","date_gmt":"2023-06-16T22:19:14","guid":{"rendered":"https:\/\/www.cordobatimes.com\/showup\/?p=98460"},"modified":"2023-06-16T19:19:14","modified_gmt":"2023-06-16T22:19:14","slug":"julieta-poggio-hablo-ante-el-rumor-de-un-romance-de-su-mama-y-su-ex-que-habria-provocado-su-separacion","status":"publish","type":"post","link":"https:\/\/www.cordobatimes.com\/showup\/internet\/2023\/06\/16\/julieta-poggio-hablo-ante-el-rumor-de-un-romance-de-su-mama-y-su-ex-que-habria-provocado-su-separacion\/","title":{"rendered":"Julieta Poggio habl\u00f3 ante el rumor de un romance de su mam\u00e1 y su ex, que habr\u00eda provocado su separaci\u00f3n"},"content":{"rendered":"<h3><strong>La ex Gran Hermano se refiri\u00f3 en duros t\u00e9rminos a las informaciones que circulan sobre una traici\u00f3n familiar<\/strong><\/h3>\n<p>El pasado 7 de junio, a poco de cumplir dos a\u00f1os de relaci\u00f3n,\u00a0Julieta Poggio\u00a0confirm\u00f3 su separaci\u00f3n de\u00a0Lucca Bardelli. La actriz de 21 a\u00f1os, una de las grandes figuras del \u00faltimo\u00a0Gran Hermano, revel\u00f3 que la relaci\u00f3n que logr\u00f3 sobreponerse a las adversidades durante y despu\u00e9s del reality finalmente lleg\u00f3 a su fin. La joven lo confim\u00f3 en\u00a0Fuera de Joda, el ciclo de streaming que conduce con los tambi\u00e9n ex hermanitos\u00a0Nacho Casta\u00f1ares,\u00a0Lucila\u00a0la Tora\u00a0Villar\u00a0y\u00a0Daniela Celis, y que se emite por las redes de Telefe, en una charla de la que tambi\u00e9n particip\u00f3\u00a0Ver\u00f3nica Lozano.<\/p>\n<p>\u201cPor el momento\u00a0ya no estamos m\u00e1s con Lucca. Es dif\u00edcil hablar de esto en vivo, pero bueno. Est\u00e1 todo m\u00e1s que bien, aunque es un momento muy dif\u00edcil\u201d, admiti\u00f3 la joven, que dio m\u00e1s detalles de los motivos. \u201cYo estoy encontr\u00e1ndome a m\u00ed misma con todas estas cosas nuevas que me est\u00e1n pasando. Y \u00e9l es una gran persona y siempre voy a valorar un mont\u00f3n lo que hizo por m\u00ed, pero s\u00e9 que se merece lo mejor y hoy no se lo puedo dar\u201d, afirm\u00f3, ante la mirada comprensiva de sus compa\u00f1eros que parec\u00edan estar al tanto de la situaci\u00f3n, ya que no se mostraron sorprendidos.<\/p>\n<p>Fue a partir de ese instante que un rumor comenz\u00f3 a tomar fuerza, primero en las redes sociales y despu\u00e9s lleg\u00f3 a la pantalla chica. En el ciclo\u00a0La tarde del 9,\u00a0Guille Barrios\u00a0acus\u00f3 a Lucca Bardelli de haberse colgado de la fama de Poggio. Pero\u00a0Tamara Bella\u00a0fue m\u00e1s all\u00e1 y se expres\u00f3 al respecto: \u201cTengo una informaci\u00f3n.\u00a0Las malas lenguas dec\u00edan que Lucca ten\u00eda una supuesta relaci\u00f3n con Pato, la mam\u00e1 de Julieta. Eso se public\u00f3 en todas partes\u201d. De inmediato sus palabras comenzaron a replicarse, y fue la propia Julieta utilizando nuevamente el espacio de streaming que comanda, quien se refiri\u00f3 al rumor.<\/p>\n<p>\u201cYa que nosotros tenemos nuestro espacio ac\u00e1, en confianza, para poder aclarar las cosas como son, ya es sabido que las cosas que pasan en redes salen por todos lados despu\u00e9s, \u00bfno? Y crecen un mont\u00f3n, se viralizan todas las\u00a0fake news&#8230; y si una\u00a0feake news\u00a0se viraliza en redes, fijate c\u00f3mo se puede viralizar algo que sale al aire, que lo dice un supuesto panelista\u201d, expres\u00f3 la actriz visiblemente molesta.<\/p>\n<p>Adem\u00e1s, continu\u00f3 explicando: \u201cElla tiene experiencia en el medio, tiene un peso su nombre. Los medios, las redes, se agarran de eso para hacer crecer cosas que obviamente son falsas. Y estoy hablando de una periodista&#8230; digamos que es panelista, es una comunicadora. Hay que tener much\u00edsimo cuidado con la gente que tiene la posibilidad de exponer en la\u00a0tele\u00a0su opini\u00f3n sobre cosas, porque le da a los medios la posibilidad de levantar su palabra, con un peso m\u00e1s importante por que \u2018lo dijo tal persona\u2019, ya no es un rumor en las redes\u201d, sobre la forma en que comenz\u00f3 a circular el rumor desde esa exposici\u00f3n en la pantalla.<\/p>\n<p>\u201cFue algo muy feo para m\u00ed, para mi familia, este rumor horrible que yo directamente no puedo reproducir\u00a0porque me da n\u00e1useas, porque me angustia, porque me pone mal.\u00a0Porque ya no es meterse conmigo, que se pueden meter con el por qu\u00e9 cort\u00e9 con mi relaci\u00f3n, o por qu\u00e9 me pele\u00e9 con tal, pero ya que se metan con mi familia a m\u00ed me duele porque no tienen nada que ver, y es fe\u00edsimo para mi mam\u00e1 leer la cantidad de cosa que tuvo que leer hoy\u201d, continu\u00f3 Julieta<\/p>\n<p>Adem\u00e1s, refiri\u00e9ndose directamente a Bella, afirm\u00f3: \u201cMe pareci\u00f3 muy feo que de parte de una persona que es madre pueda llegar a decir ese comentario tan morboso\u00a0de una manera tan ciza\u00f1era. Si quieren cu\u00e9ntenlo ustedes -le asegur\u00f3 a los dem\u00e1s integrantes de la mesa-, porque ni lo quiero decir yo, no lo quiero reproducir, porque me afecta, me da n\u00e1useas, me parece morboso, me parece horrible la mentalidad de las personas, de una comunicadora que pueda reproducir este comentario a m\u00ed me duele, me pone mal. Son cosas que me angustian porque no son solo cosas que pasan por m\u00ed, se meten con mi mam\u00e1 que es una persona que yo amo y que quiero que est\u00e9 bien, y ella la pas\u00f3 mal hoy\u201d.<\/p>\n<p>Luego de ello, Daniela tom\u00f3 la palabra y revel\u00f3 c\u00f3mo se enteraron de ese rumor: \u201cEstaba en tiktok y encuentro un video de esta panelista que estaba hablando de Juli, con una primicia, como un notici\u00f3n que Juli hab\u00eda cortado con su ex por Pato.\u00a0Dec\u00eda que Lucas estaba involucrado con Pato, que es la mam\u00e1 de Julieta, que es una cosa horrorosa de imaginar\u201d.<\/p>\n<p>Tras ello, quien desde sus redes emiti\u00f3 un comunicado sobre el tema fue la propia Tamara Bella, quien aclar\u00f3: \u201cLo que dije de la madre de Julieta con respecto a su ex (Lucca) fue algo que circulaba en redes y portales.\u00a0En ning\u00fan momento dije que lo afirmaba, es m\u00e1s dije que yo no lo cre\u00eda\u201d.<\/p>\n<p>Pese a la aclaraci\u00f3n de Tamara, Julieta cerr\u00f3: \u201cA mi familia le duele tener que leer esa cosas.\u00a0Ella supuestamente dijo \u2018yo no lo creo\u2019, pero lo dijo en su programa.\u00a0Me parece que tendr\u00eda que tener cuidado con sus palabras, m\u00e1s siendo madre dando una primicia tan morbosa como eso. Deber\u00edan ser m\u00e1s responsables las personas al momento de dar una nota\u201d.<\/p>\n<div style=\"width: 320px;\" class=\"wp-video\"><video class=\"wp-video-shortcode\" id=\"video-98460-1\" width=\"320\" height=\"180\" preload=\"metadata\" controls=\"controls\"><source type=\"video\/mp4\" src=\"https:\/\/www.cordobatimes.com\/showup\/wp-content\/uploads\/2023\/06\/bjrO0NzX-34105375.mp4?_=1\" \/><a href=\"https:\/\/www.cordobatimes.com\/showup\/wp-content\/uploads\/2023\/06\/bjrO0NzX-34105375.mp4\">https:\/\/www.cordobatimes.com\/showup\/wp-content\/uploads\/2023\/06\/bjrO0NzX-34105375.mp4<\/a><\/video><\/div>\n","protected":false},"excerpt":{"rendered":"<p>La ex Gran Hermano se refiri\u00f3 en duros t\u00e9rminos a las informaciones que circulan sobre una traici\u00f3n familiar El pasado 7 de junio, a poco de cumplir dos a\u00f1os de relaci\u00f3n,\u00a0Julieta Poggio\u00a0confirm\u00f3 su separaci\u00f3n de\u00a0Lucca Bardelli. La actriz de 21 a\u00f1os, una de las grandes figuras del \u00faltimo\u00a0Gran Hermano, revel\u00f3 que la relaci\u00f3n que logr\u00f3 [&hellip;]<\/p>\n","protected":false},"author":1,"featured_media":98461,"comment_status":"closed","ping_status":"closed","sticky":false,"template":"","format":"standard","meta":{"_seopress_robots_primary_cat":"","_seopress_titles_title":"","_seopress_titles_desc":"","_seopress_robots_index":"","footnotes":""},"categories":[22956],"tags":[37328,37330,37329],"class_list":{"0":"post-98460","1":"post","2":"type-post","3":"status-publish","4":"format-standard","5":"has-post-thumbnail","7":"category-internet","8":"tag-julieta-poggio-lucca-bardelli","9":"tag-mama-de-juleta-poggio-lucca-bardelli","10":"tag-mama-de-julieta-poggio"},"_links":{"self":[{"href":"https:\/\/www.cordobatimes.com\/showup\/wp-json\/wp\/v2\/posts\/98460","targetHints":{"allow":["GET"]}}],"collection":[{"href":"https:\/\/www.cordobatimes.com\/showup\/wp-json\/wp\/v2\/posts"}],"about":[{"href":"https:\/\/www.cordobatimes.com\/showup\/wp-json\/wp\/v2\/types\/post"}],"author":[{"embeddable":true,"href":"https:\/\/www.cordobatimes.com\/showup\/wp-json\/wp\/v2\/users\/1"}],"replies":[{"embeddable":true,"href":"https:\/\/www.cordobatimes.com\/showup\/wp-json\/wp\/v2\/comments?post=98460"}],"version-history":[{"count":0,"href":"https:\/\/www.cordobatimes.com\/showup\/wp-json\/wp\/v2\/posts\/98460\/revisions"}],"wp:featuredmedia":[{"embeddable":true,"href":"https:\/\/www.cordobatimes.com\/showup\/wp-json\/wp\/v2\/media\/98461"}],"wp:attachment":[{"href":"https:\/\/www.cordobatimes.com\/showup\/wp-json\/wp\/v2\/media?parent=98460"}],"wp:term":[{"taxonomy":"category","embeddable":true,"href":"https:\/\/www.cordobatimes.com\/showup\/wp-json\/wp\/v2\/categories?post=98460"},{"taxonomy":"post_tag","embeddable":true,"href":"https:\/\/www.cordobatimes.com\/showup\/wp-json\/wp\/v2\/tags?post=98460"}],"curies":[{"name":"wp","href":"https:\/\/api.w.org\/{rel}","templated":true}]}}