{"id":98321,"date":"2023-06-12T21:25:12","date_gmt":"2023-06-13T00:25:12","guid":{"rendered":"https:\/\/www.cordobatimes.com\/showup\/?p=98321"},"modified":"2023-06-12T21:25:12","modified_gmt":"2023-06-13T00:25:12","slug":"monica-farro-le-responde-a-more-rial","status":"publish","type":"post","link":"https:\/\/www.cordobatimes.com\/showup\/tv\/2023\/06\/12\/monica-farro-le-responde-a-more-rial\/","title":{"rendered":"M\u00f3nica Farro le responde a More Rial"},"content":{"rendered":"<h3><strong> La vedette habl\u00f3 de la pol\u00e9mica por la supuesta acusaci\u00f3n de robo en los camarines de #LAM.<\/strong><\/h3>\n<p>\u201cYo jam\u00e1s acus\u00e9 a nadie\u201d.<\/p>\n<blockquote class=\"twitter-tweet\">\n<p dir=\"ltr\" lang=\"es\">\ud83d\udca3 M\u00f3nica Farro le responde en vivo a More Rial<\/p>\n<p>\ud83d\udc49 La vedette habl\u00f3 de la pol\u00e9mica por la supuesta acusaci\u00f3n de robo en los camarines de <a href=\"https:\/\/twitter.com\/hashtag\/LAM?src=hash&amp;ref_src=twsrc%5Etfw\">#LAM<\/a>.<\/p>\n<p>\ud83d\udcac \u201cYo jam\u00e1s acus\u00e9 a nadie\u201d.<\/p>\n<p>Cc <a href=\"https:\/\/twitter.com\/hashtag\/LAM?src=hash&amp;ref_src=twsrc%5Etfw\">#LAM<\/a> en Am\u00e9rica TV \ud83d\udcfa <a href=\"https:\/\/twitter.com\/elejercitodelam?ref_src=twsrc%5Etfw\">@elejercitodelam<\/a> <a href=\"https:\/\/twitter.com\/AngeldebritoOk?ref_src=twsrc%5Etfw\">@AngeldebritoOk<\/a> <a href=\"https:\/\/t.co\/44YyJzYvkw\">pic.twitter.com\/44YyJzYvkw<\/a><\/p>\n<p>\u2014 Am\u00e9rica TV (@AmericaTV) <a href=\"https:\/\/twitter.com\/AmericaTV\/status\/1668411495628013572?ref_src=twsrc%5Etfw\">June 13, 2023<\/a><\/p><\/blockquote>\n<p><script async src=\"https:\/\/platform.twitter.com\/widgets.js\" charset=\"utf-8\"><\/script><\/p>\n<p>More Rial destruy\u00f3 a M\u00f3nica Farro<\/p>\n<blockquote class=\"twitter-tweet\">\n<p lang=\"es\" dir=\"ltr\">\ud83d\udca3 More Rial destruy\u00f3 a M\u00f3nica Farro<\/p>\n<p>\ud83d\udc49 La hija del conductor habl\u00f3 a solas con <a href=\"https:\/\/twitter.com\/hashtag\/LAM?src=hash&amp;ref_src=twsrc%5Etfw\">#LAM<\/a> sobre los robos en los camarines.<\/p>\n<p>Cc <a href=\"https:\/\/twitter.com\/hashtag\/LAM?src=hash&amp;ref_src=twsrc%5Etfw\">#LAM<\/a> en Am\u00e9rica TV \ud83d\udcfa <a href=\"https:\/\/twitter.com\/elejercitodelam?ref_src=twsrc%5Etfw\">@elejercitodelam<\/a> <a href=\"https:\/\/twitter.com\/AngeldebritoOk?ref_src=twsrc%5Etfw\">@AngeldebritoOk<\/a> <a href=\"https:\/\/t.co\/gI8bOyawb6\">pic.twitter.com\/gI8bOyawb6<\/a><\/p>\n<p>&mdash; Am\u00e9rica TV (@AmericaTV) <a href=\"https:\/\/twitter.com\/AmericaTV\/status\/1668413701869772800?ref_src=twsrc%5Etfw\">June 13, 2023<\/a><\/p><\/blockquote>\n<p> <script async src=\"https:\/\/platform.twitter.com\/widgets.js\" charset=\"utf-8\"><\/script><\/p>\n","protected":false},"excerpt":{"rendered":"<p>La vedette habl\u00f3 de la pol\u00e9mica por la supuesta acusaci\u00f3n de robo en los camarines de #LAM. \u201cYo jam\u00e1s acus\u00e9 a nadie\u201d. \ud83d\udca3 M\u00f3nica Farro le responde en vivo a More Rial \ud83d\udc49 La vedette habl\u00f3 de la pol\u00e9mica por la supuesta acusaci\u00f3n de robo en los camarines de #LAM. \ud83d\udcac \u201cYo jam\u00e1s acus\u00e9 a [&hellip;]<\/p>\n","protected":false},"author":1,"featured_media":98323,"comment_status":"closed","ping_status":"closed","sticky":false,"template":"","format":"standard","meta":{"_seopress_robots_primary_cat":"","_seopress_titles_title":"","_seopress_titles_desc":"","_seopress_robots_index":"","footnotes":""},"categories":[2],"tags":[37251,37252,37253,37254],"class_list":{"0":"post-98321","1":"post","2":"type-post","3":"status-publish","4":"format-standard","5":"has-post-thumbnail","7":"category-tv","8":"tag-monica-farro-more-rial","9":"tag-monica-farro-morena-rial","10":"tag-morena-rial-lam","11":"tag-robo-en-los-camarines-de-lam"},"_links":{"self":[{"href":"https:\/\/www.cordobatimes.com\/showup\/wp-json\/wp\/v2\/posts\/98321","targetHints":{"allow":["GET"]}}],"collection":[{"href":"https:\/\/www.cordobatimes.com\/showup\/wp-json\/wp\/v2\/posts"}],"about":[{"href":"https:\/\/www.cordobatimes.com\/showup\/wp-json\/wp\/v2\/types\/post"}],"author":[{"embeddable":true,"href":"https:\/\/www.cordobatimes.com\/showup\/wp-json\/wp\/v2\/users\/1"}],"replies":[{"embeddable":true,"href":"https:\/\/www.cordobatimes.com\/showup\/wp-json\/wp\/v2\/comments?post=98321"}],"version-history":[{"count":0,"href":"https:\/\/www.cordobatimes.com\/showup\/wp-json\/wp\/v2\/posts\/98321\/revisions"}],"wp:featuredmedia":[{"embeddable":true,"href":"https:\/\/www.cordobatimes.com\/showup\/wp-json\/wp\/v2\/media\/98323"}],"wp:attachment":[{"href":"https:\/\/www.cordobatimes.com\/showup\/wp-json\/wp\/v2\/media?parent=98321"}],"wp:term":[{"taxonomy":"category","embeddable":true,"href":"https:\/\/www.cordobatimes.com\/showup\/wp-json\/wp\/v2\/categories?post=98321"},{"taxonomy":"post_tag","embeddable":true,"href":"https:\/\/www.cordobatimes.com\/showup\/wp-json\/wp\/v2\/tags?post=98321"}],"curies":[{"name":"wp","href":"https:\/\/api.w.org\/{rel}","templated":true}]}}