{"id":98293,"date":"2023-06-12T13:14:03","date_gmt":"2023-06-12T16:14:03","guid":{"rendered":"https:\/\/www.cordobatimes.com\/showup\/?p=98293"},"modified":"2023-06-12T13:14:03","modified_gmt":"2023-06-12T16:14:03","slug":"quien-es-quien-en-la-serie-diciembre-2001","status":"publish","type":"post","link":"https:\/\/www.cordobatimes.com\/showup\/cine-y-series\/2023\/06\/12\/quien-es-quien-en-la-serie-diciembre-2001\/","title":{"rendered":"Qui\u00e9n es qui\u00e9n en la serie Diciembre 2001"},"content":{"rendered":"<h3><strong>El logrado parecido entre los actores de la serie y los pol\u00edticos que interpretan.<\/strong><\/h3>\n<p class=\"paragraph\" data-mrf-recirculation=\"Links inline\">La crisis argentina llega a su cl\u00edmax el 19 de diciembre de 2001. \u201cLa suerte del Gobierno est\u00e1 echada\u201d, se repiten las voces de la gente en las calles. El presidente\u00a0<b>Fernando de la R\u00faa<\/b>\u00a0ya no cuenta con el respaldo ni de sus partidarios \u2013que encontraron un lenguaje com\u00fan con la oposici\u00f3n\u2013 y queda aislado. Hay informaci\u00f3n cruzada y un debilitamiento cada vez mayor en todas las \u00e1reas. La gente en la calle, independientemente de su clase social, tiene mucho que pedir, y el Presidente recurre a lo que cree que lo salvar\u00e1 de la ola de manifestaciones y saqueos en todo el pa\u00eds, aunque eso solo apagar\u00e1 el fuego con un poco m\u00e1s de gas: decreta el estado de sitio. Pero la respuesta social es letal, como pocas veces vista. Aquella noche parece que nunca terminar\u00eda, con filas y filas de gente acerc\u00e1ndose a todos los puntos neur\u00e1lgicos del pa\u00eds con un solo grito saliendo de sus gargantas: \u201c\u00a1Que se vayan todos!\u201d.<\/p>\n<p class=\"paragraph\" data-mrf-recirculation=\"Links inline\">As\u00ed comienza\u00a0<i>Diciembre 2001<\/i>\u00a0y as\u00ed transcurrieron los d\u00edas en la Argentina en ese per\u00edodo que quedara marcado en la historia. La serie que estren\u00f3\u00a0Star+\u00a0cuenta con\u00a0seis cap\u00edtulos de poco m\u00e1s de 40 minutos cada uno, basados en el libro\u00a0<i>El palacio y la calle<\/i>, de Miguel Bonasso. En la ficci\u00f3n se siguen los pasos de\u00a0Javier Cach, asesor de la Jefatura de Gabinete, cuyas convicciones y deseos deben dar lugar a los sinsabores permanentes a los que lo expone la pr\u00e1ctica de gobierno, y enfrentar una de las peores crisis econ\u00f3micas, pol\u00edticas y sociales que el pa\u00eds haya visto en su historia, con la renuncia de un Presidente de manera anticipada, la muerte de decenas de argentinos por la represi\u00f3n policial, una sociedad a la que le arrebataron sus ahorros, y la excepcionalidad hist\u00f3rica de \u201ccinco presidentes en una semana\u201d, que en realidad fueron 11 d\u00edas. As\u00ed, se van sucediendo figuras clave de la pol\u00edtica de esos d\u00edas en la pantalla, caracterizados por un elenco de primer\u00edsimos actores. Aqu\u00ed, uno por uno, qui\u00e9nes son los actores de la serie.<\/p>\n<h3 class=\"header d23-headline-class-h2\"><strong>Jean Pierre Noher como De la R\u00faa<\/strong><\/h3>\n<div class=\"visual__image\"><img loading=\"lazy\" decoding=\"async\" class=\"\" src=\"https:\/\/cloudfront-us-east-1.images.arcpublishing.com\/infobae\/CKTFXHTV2BHZPPKVDTTOM24XXE.jpg\" sizes=\"auto, (min-width: 800px) 50vw, 90vw\" srcset=\"https:\/\/www.infobae.com\/new-resizer\/GKKrTMz77r4Y24tSBeuH1aEwBX4=\/420x280\/filters:format(webp):quality(85)\/cloudfront-us-east-1.images.arcpublishing.com\/infobae\/CKTFXHTV2BHZPPKVDTTOM24XXE.jpg 420w,https:\/\/www.infobae.com\/new-resizer\/M6K3CYFNNR-dlDmTYcV_R86dxNs=\/768x512\/filters:format(webp):quality(85)\/cloudfront-us-east-1.images.arcpublishing.com\/infobae\/CKTFXHTV2BHZPPKVDTTOM24XXE.jpg 768w,https:\/\/www.infobae.com\/new-resizer\/KGOndGY6vi3reASPs_JElatMs0c=\/992x661\/filters:format(webp):quality(85)\/cloudfront-us-east-1.images.arcpublishing.com\/infobae\/CKTFXHTV2BHZPPKVDTTOM24XXE.jpg 992w,https:\/\/www.infobae.com\/new-resizer\/c46nbjjs7lEdMTu-7bSeVIoiY5Y=\/1200x800\/filters:format(webp):quality(85)\/cloudfront-us-east-1.images.arcpublishing.com\/infobae\/CKTFXHTV2BHZPPKVDTTOM24XXE.jpg 1200w,https:\/\/www.infobae.com\/new-resizer\/z24zpbee_Y6rxbbbntGysLsRF3g=\/1440x960\/filters:format(webp):quality(85)\/cloudfront-us-east-1.images.arcpublishing.com\/infobae\/CKTFXHTV2BHZPPKVDTTOM24XXE.jpg 1440w\" alt=\"Jean Pierre Noher en una escena de Diciembre 2001\" width=\"1920\" height=\"1282\" \/><\/div>\n<div class=\"inline ad-wrapper\">\n<div class=\"dfpAd ad-inline\">\n<div id=\"infobae\/teleshow\/nota\/inline\" class=\"infobae\/teleshow\/nota\/inline arcad\" data-google-query-id=\"CJ7il-2Mvv8CFUuXlQIdb4AGTw\">\n<div id=\"google_ads_iframe_\/1058609\/infobae\/teleshow\/nota\/inline_0__container__\"><\/div>\n<\/div>\n<\/div>\n<\/div>\n<p class=\"paragraph\" data-mrf-recirculation=\"Links inline\">\u201cTuve tres semanas para preparar el papel porque me sospecho, como muchas veces pasa, que el papel lo recib\u00eds de rebote, no es que era la primera opci\u00f3n. A veces pasa, es as\u00ed el trabajo. Pero me acuerdo que la primera vez que llegu\u00e9 a la productora estaban las fotos de todos los personajes y el lugar que dec\u00eda \u2018De la R\u00faa\u2019 estaba vac\u00edo. Se ve que ah\u00ed hab\u00eda alguien que no era yo, y me asust\u00f3 un poco pensar que no hab\u00eda sido la primera opci\u00f3n\u201d, explic\u00f3 Jean Pierre Noher en una charla exclusiva con Teleshow. \u201cLlo tom\u00e9 como un apasionado, porque me gusta mi trabajo, con los riesgos que implicaba. Tuve que estudiar mucho:\u00a0<b>eran las 24 horas pensando y so\u00f1ando como De La R\u00faa<\/b>\u201d.<\/p>\n<h3 class=\"header d23-headline-class-h2\"><strong>Manuel Callau, Ra\u00fal Alfons\u00edn<\/strong><\/h3>\n<div class=\"visual__image\"><img loading=\"lazy\" decoding=\"async\" class=\"\" src=\"https:\/\/cloudfront-us-east-1.images.arcpublishing.com\/infobae\/6KVCPZUHJZB53EFAVERRRPIPB4.jpg\" sizes=\"auto, (min-width: 800px) 50vw, 90vw\" srcset=\"https:\/\/www.infobae.com\/new-resizer\/U-xdD-eEBnLEmMS6MV7U_Ax7Z4g=\/420x280\/filters:format(webp):quality(85)\/cloudfront-us-east-1.images.arcpublishing.com\/infobae\/6KVCPZUHJZB53EFAVERRRPIPB4.jpg 420w,https:\/\/www.infobae.com\/new-resizer\/8hQsc5DKzZJRzhrToqw_ctEYcI8=\/768x512\/filters:format(webp):quality(85)\/cloudfront-us-east-1.images.arcpublishing.com\/infobae\/6KVCPZUHJZB53EFAVERRRPIPB4.jpg 768w,https:\/\/www.infobae.com\/new-resizer\/QyX2_G8PRJo_6NMCKB2SyeZm8FM=\/992x661\/filters:format(webp):quality(85)\/cloudfront-us-east-1.images.arcpublishing.com\/infobae\/6KVCPZUHJZB53EFAVERRRPIPB4.jpg 992w,https:\/\/www.infobae.com\/new-resizer\/svgvwiUyBHTYBf3RZl63iEJ-Skc=\/1200x800\/filters:format(webp):quality(85)\/cloudfront-us-east-1.images.arcpublishing.com\/infobae\/6KVCPZUHJZB53EFAVERRRPIPB4.jpg 1200w,https:\/\/www.infobae.com\/new-resizer\/_rCQ5knEQ8AORRkDqVAyjnMmw20=\/1440x960\/filters:format(webp):quality(85)\/cloudfront-us-east-1.images.arcpublishing.com\/infobae\/6KVCPZUHJZB53EFAVERRRPIPB4.jpg 1440w\" alt=\"Manuel Callau como Ra\u00fal Alfons\u00edn\" width=\"7360\" height=\"4912\" \/>El actor que recientemente presentara en teatro\u00a0<i>Milonga sin variaciones<\/i>, de\u00a0Vicente Muleiro, y una destacapresencia en cine y televisi\u00f3n en obras como El agujero en la pared, El arreglo, Asesinato en el Senado de la Naci\u00f3n, La noche de los l\u00e1pices, Los amores de Laurita, Extra\u00f1as salvajes, Grande pa!, Gasoleros, encarna al ex presidente Ra\u00fal Alfons\u00edn, quien en esos \u00e1lgidos d\u00edas de 2001 se desempe\u00f1aba como senador nacional.<\/div>\n<h3 class=\"header d23-headline-class-h2\"><strong>Luis Mach\u00edn es Domingo Cavallo<\/strong><\/h3>\n<div class=\"visual__image\"><img loading=\"lazy\" decoding=\"async\" class=\"\" src=\"https:\/\/cloudfront-us-east-1.images.arcpublishing.com\/infobae\/MJ4RYQEF4FDLTNNU4QASEKFK5M.jpg\" sizes=\"auto, (min-width: 800px) 50vw, 90vw\" srcset=\"https:\/\/www.infobae.com\/new-resizer\/_WMH8-xKzKHZGS5G4mBRqzYVTGM=\/420x280\/filters:format(webp):quality(85)\/cloudfront-us-east-1.images.arcpublishing.com\/infobae\/MJ4RYQEF4FDLTNNU4QASEKFK5M.jpg 420w,https:\/\/www.infobae.com\/new-resizer\/pAIDTQVk-ZWW_8pZtvioTlX-ZNc=\/768x512\/filters:format(webp):quality(85)\/cloudfront-us-east-1.images.arcpublishing.com\/infobae\/MJ4RYQEF4FDLTNNU4QASEKFK5M.jpg 768w,https:\/\/www.infobae.com\/new-resizer\/qJKLQ-gM3Yqcqasq1lVNsI1CjpU=\/992x661\/filters:format(webp):quality(85)\/cloudfront-us-east-1.images.arcpublishing.com\/infobae\/MJ4RYQEF4FDLTNNU4QASEKFK5M.jpg 992w,https:\/\/www.infobae.com\/new-resizer\/yh8A38-6S9HTYwpBThyxxUNXu_Y=\/1200x800\/filters:format(webp):quality(85)\/cloudfront-us-east-1.images.arcpublishing.com\/infobae\/MJ4RYQEF4FDLTNNU4QASEKFK5M.jpg 1200w,https:\/\/www.infobae.com\/new-resizer\/u50TjndDzoM3gfkbHsygHmVHRnI=\/1440x960\/filters:format(webp):quality(85)\/cloudfront-us-east-1.images.arcpublishing.com\/infobae\/MJ4RYQEF4FDLTNNU4QASEKFK5M.jpg 1440w\" alt=\"Luis Mach\u00edn como Domingo Cavallo\" width=\"7360\" height=\"4912\" \/>Una de las primeras escenas de la ficci\u00f3n de Star+ en ser filmadas es la que muestra a Fernando de la R\u00faa y a Domingo Cavallo hablando a solas sobre lo que estaba ocurriendo. Segundos antes de empezar, Noher lo mira a Mach\u00edn sorprendido por su caracterizaci\u00f3n: \u201c\u00a1Sos Cavallo!\u201d, expres\u00f3 el actor, a lo que su interlocutor devuelve la gentileza con: \u201c\u00a1Sos De la R\u00faa!\u201d. \u201cNo, no, sos Cavallo\u201d, continuar\u00eda le primero. Domingo Cavallo asumir\u00eda como ministro de Econom\u00eda en marzo de 2001 luego de sus a\u00f1os en el gobierno de Carlos Menem entre 1989 y 1999.<\/div>\n<h3 class=\"header d23-headline-class-h2\"><strong>C\u00e9sar Troncoso interpreta a Duhalde<\/strong><\/h3>\n<div class=\"visual__image\"><img loading=\"lazy\" decoding=\"async\" class=\"\" src=\"https:\/\/cloudfront-us-east-1.images.arcpublishing.com\/infobae\/QV57LSJLEZBT5GURUVV6KV6MAU.jpg\" sizes=\"auto, (min-width: 800px) 50vw, 90vw\" srcset=\"https:\/\/www.infobae.com\/new-resizer\/BhSbciSNe2HTWjuxBOSXpYC89xQ=\/420x560\/filters:format(webp):quality(85)\/cloudfront-us-east-1.images.arcpublishing.com\/infobae\/QV57LSJLEZBT5GURUVV6KV6MAU.jpg 420w,https:\/\/www.infobae.com\/new-resizer\/eldGi74QKEPF7dmLt8rY48TIIZc=\/768x1024\/filters:format(webp):quality(85)\/cloudfront-us-east-1.images.arcpublishing.com\/infobae\/QV57LSJLEZBT5GURUVV6KV6MAU.jpg 768w,https:\/\/www.infobae.com\/new-resizer\/TYE0lb6YjK5WbQJMUFLNhzlRwX8=\/992x1323\/filters:format(webp):quality(85)\/cloudfront-us-east-1.images.arcpublishing.com\/infobae\/QV57LSJLEZBT5GURUVV6KV6MAU.jpg 992w,https:\/\/www.infobae.com\/new-resizer\/uCurWXBTaMGwPC_oPDjkmwOKN04=\/1200x1600\/filters:format(webp):quality(85)\/cloudfront-us-east-1.images.arcpublishing.com\/infobae\/QV57LSJLEZBT5GURUVV6KV6MAU.jpg 1200w\" alt=\"C\u00e9sar Troncoso como Eduardo Duhalde\" width=\"1080\" height=\"1350\" \/><\/div>\n<p class=\"paragraph\" data-mrf-recirculation=\"Links inline\">Protagonista destacado de la movida teatral joven uruguaya de los \u201890, el actor C\u00e9sar Troncoso es en la actualidad uno de los de mayor reconocimiento internacional, con m\u00e1s de 30 trabajos en la pantalla grande, adem\u00e1s de sus trabajos en teatro, televisi\u00f3n y distintas apariciones en plataformas de video. En la serie personifica a Eduardo Duhalde, quien en 2001 se encontraba ejerciendo como Senador nacional electo y virtual jefe de la oposici\u00f3n. Jur\u00f3 en la asamblea legislativa del 2 de enero de 2002 y asumi\u00f3 la presidencia de la naci\u00f3n hasta 2003.<\/p>\n<h3 class=\"header d23-headline-class-h2\"><strong>Alejandra Flechner como Chiche Duhalde<\/strong><\/h3>\n<div class=\"visual__image\"><img loading=\"lazy\" decoding=\"async\" class=\"\" src=\"https:\/\/cloudfront-us-east-1.images.arcpublishing.com\/infobae\/UPQOSGM5UNBGVH625VYP2ZM5HE.jpg\" sizes=\"auto, (min-width: 800px) 50vw, 90vw\" srcset=\"https:\/\/www.infobae.com\/new-resizer\/wZWUDCiqcKOh28ysWuZr2jk868Y=\/420x280\/filters:format(webp):quality(85)\/cloudfront-us-east-1.images.arcpublishing.com\/infobae\/UPQOSGM5UNBGVH625VYP2ZM5HE.jpg 420w,https:\/\/www.infobae.com\/new-resizer\/Qk2Mr_ok9q5YNLuPQUjnkVzMyPg=\/768x512\/filters:format(webp):quality(85)\/cloudfront-us-east-1.images.arcpublishing.com\/infobae\/UPQOSGM5UNBGVH625VYP2ZM5HE.jpg 768w,https:\/\/www.infobae.com\/new-resizer\/1et67ejiG9ej0r_IaSZiAUHDPTU=\/992x661\/filters:format(webp):quality(85)\/cloudfront-us-east-1.images.arcpublishing.com\/infobae\/UPQOSGM5UNBGVH625VYP2ZM5HE.jpg 992w,https:\/\/www.infobae.com\/new-resizer\/TBBM7xORC8_18_hMrytmKayK3mo=\/1200x800\/filters:format(webp):quality(85)\/cloudfront-us-east-1.images.arcpublishing.com\/infobae\/UPQOSGM5UNBGVH625VYP2ZM5HE.jpg 1200w,https:\/\/www.infobae.com\/new-resizer\/Ri-IuFIVrWXsqvlN9gBcGcATZoY=\/1440x960\/filters:format(webp):quality(85)\/cloudfront-us-east-1.images.arcpublishing.com\/infobae\/UPQOSGM5UNBGVH625VYP2ZM5HE.jpg 1440w\" alt=\"infobae\" width=\"7360\" height=\"4912\" \/><\/div>\n<p class=\"paragraph\" data-mrf-recirculation=\"Links inline\">Desde el a\u00f1o 1988, Alejandra Flechner estuvo ligada al mundo de la actuaci\u00f3n y particip\u00f3 en m\u00e1s de 23 pel\u00edculas y 42 telenovelas, adem\u00e1s de una destacada participaci\u00f3n en el teatro En su carrera fue galardonada con premios como el Mart\u00edn Fierro en 1997 y Estrella de Mar en 2001. En la reciente\u00a0<i>Argentina, 1985<\/i>\u00a0encarn\u00f3 a Silvia Strassera es la esposa del fiscal, un papel protag\u00f3nico en esa historia, en tanto que en esta oportunidad se pone en la piel de Hilda Beatriz Gonz\u00e1lez de Duhalde, conocida como Chiche, claro, la esposa de Eduardo.<\/p>\n<h3 class=\"header d23-headline-class-h2\"><strong>Ludovico Di Santo, Antonio de la R\u00faa<\/strong><\/h3>\n<div class=\"visual__image\"><img loading=\"lazy\" decoding=\"async\" class=\"\" src=\"https:\/\/cloudfront-us-east-1.images.arcpublishing.com\/infobae\/5O4WCCOU25HENEHD4VKWRVSJH4.jpg\" sizes=\"auto, (min-width: 800px) 50vw, 90vw\" srcset=\"https:\/\/www.infobae.com\/new-resizer\/UdgojrxUjwacKbZhewPM8xIejYk=\/420x280\/filters:format(webp):quality(85)\/cloudfront-us-east-1.images.arcpublishing.com\/infobae\/5O4WCCOU25HENEHD4VKWRVSJH4.jpg 420w,https:\/\/www.infobae.com\/new-resizer\/z_vitkl3Nm8b1Z_vsAYJvxhusy4=\/768x512\/filters:format(webp):quality(85)\/cloudfront-us-east-1.images.arcpublishing.com\/infobae\/5O4WCCOU25HENEHD4VKWRVSJH4.jpg 768w,https:\/\/www.infobae.com\/new-resizer\/_b9nRkMKtiQagUkinaJCHCU-mek=\/992x661\/filters:format(webp):quality(85)\/cloudfront-us-east-1.images.arcpublishing.com\/infobae\/5O4WCCOU25HENEHD4VKWRVSJH4.jpg 992w,https:\/\/www.infobae.com\/new-resizer\/ZstZ2PVwNF-yEXtxXM1roA7Kv30=\/1200x800\/filters:format(webp):quality(85)\/cloudfront-us-east-1.images.arcpublishing.com\/infobae\/5O4WCCOU25HENEHD4VKWRVSJH4.jpg 1200w,https:\/\/www.infobae.com\/new-resizer\/hZ51t6tmdngTc-ZismDkdkGyiPk=\/1440x960\/filters:format(webp):quality(85)\/cloudfront-us-east-1.images.arcpublishing.com\/infobae\/5O4WCCOU25HENEHD4VKWRVSJH4.jpg 1440w\" alt=\"infobae\" width=\"7360\" height=\"4912\" \/><\/div>\n<p class=\"paragraph\" data-mrf-recirculation=\"Links inline\">Con m\u00e1s de 20 a\u00f1os de carrera, Ludovico Di Santo pas\u00f3 por televisi\u00f3n, teatro y radio, desde la irrupci\u00f3n de Camilo en\u00a0<i>Rebelde Way<\/i>, o en la piel de Octavio en\u00a0<i>El Elegido<\/i>, donde incluso gan\u00f3 el Premio Tato a Mejor actor de Reparto, o en su papel de Jagger en\u00a0<i>Frecuencia 04<\/i>. Sus \u00faltimos trabajos destacados en la pantalla chica fueron en\u00a0<i>La Leona<\/i>,\u00a0<i>Cien d\u00edas para enamorarse<\/i>\u00a0y\u00a0<i>Separadas<\/i>. En la ficci\u00f3n Diciembre 2001 interpreta a Antonio, hijo del presidente Fernando de la R\u00faa, abogado y uno de los jefes de la campa\u00f1a presidencial de su padre.<\/p>\n<h3 class=\"header d23-headline-class-h2\"><strong>Fern\u00e1n Mir\u00e1s es Chacho \u00c1lvarez<\/strong><\/h3>\n<div class=\"visual__image\"><img loading=\"lazy\" decoding=\"async\" class=\"\" src=\"https:\/\/cloudfront-us-east-1.images.arcpublishing.com\/infobae\/KNXYUMTLYFFQBO4NFTLY24AFYI.jpg\" sizes=\"auto, (min-width: 800px) 50vw, 90vw\" srcset=\"https:\/\/www.infobae.com\/new-resizer\/9W2XdEH6kKAQojawJU6N7xbVhy0=\/420x280\/filters:format(webp):quality(85)\/cloudfront-us-east-1.images.arcpublishing.com\/infobae\/KNXYUMTLYFFQBO4NFTLY24AFYI.jpg 420w,https:\/\/www.infobae.com\/new-resizer\/jKtLdsUCSb3u6pcb8PsA4ZEHcdY=\/768x512\/filters:format(webp):quality(85)\/cloudfront-us-east-1.images.arcpublishing.com\/infobae\/KNXYUMTLYFFQBO4NFTLY24AFYI.jpg 768w,https:\/\/www.infobae.com\/new-resizer\/5hqXwCW1SrefZ5MSSOpiSuZ6VFc=\/992x661\/filters:format(webp):quality(85)\/cloudfront-us-east-1.images.arcpublishing.com\/infobae\/KNXYUMTLYFFQBO4NFTLY24AFYI.jpg 992w,https:\/\/www.infobae.com\/new-resizer\/QQfmOGhPgPa7iMbsyNtJ0yIXTRU=\/1200x800\/filters:format(webp):quality(85)\/cloudfront-us-east-1.images.arcpublishing.com\/infobae\/KNXYUMTLYFFQBO4NFTLY24AFYI.jpg 1200w,https:\/\/www.infobae.com\/new-resizer\/rLvtIW_dC2tZpT7gPkR-jCzuXuo=\/1440x960\/filters:format(webp):quality(85)\/cloudfront-us-east-1.images.arcpublishing.com\/infobae\/KNXYUMTLYFFQBO4NFTLY24AFYI.jpg 1440w\" alt=\"infobae\" width=\"7360\" height=\"4912\" \/><\/div>\n<p class=\"paragraph\" data-mrf-recirculation=\"Links inline\">Este 2023 encuentra a Fern\u00e1n Mir\u00e1s en plena edici\u00f3n de\u00a0<i>Casi muerta<\/i>, su segunda pel\u00edcula como realizador. Sobre esos d\u00edas de 2001, Jean Pierre Noher recordar\u00eda: \u201cSi bien De la R\u00faa hab\u00eda sido un pol\u00edtico muy importante, que hab\u00eda sido jefe de Gobierno de la Ciudad de Buenos Aires y ten\u00eda cierta experiencia como hombre de Gobierno, se encontr\u00f3 con una realidad que lo sobrepas\u00f3, de la cual no se pudo hacer cargo. Confi\u00f3 en gente quiz\u00e1s equivocada. Pero esto ven\u00eda de antes, de 1995, del Efecto Tequila, despu\u00e9s cuando el peronismo intent\u00f3 negociar con la Alianza, el Banco Provincia, todo lo que ya sabemos o nos acordamos algunos del mont\u00f3n de coas, del uno a uno, que nos gust\u00f3 a todos, pero sab\u00edamos que era una irrealidad, sab\u00edamos que iba a explotar. En esta historia hay villanos, hay responsables de los 39 muertos y de las \u00f3rdenes de represi\u00f3n.\u00a0Tengo una mirada piadosa de De la R\u00faa, pero es que tambi\u00e9n la Alianza nos dio muchas esperanzas. Estaba Chacho \u00c1lvarez, que un d\u00eda renunci\u00f3 por las Banelco\u201d.<\/p>\n","protected":false},"excerpt":{"rendered":"<p>El logrado parecido entre los actores de la serie y los pol\u00edticos que interpretan. La crisis argentina llega a su cl\u00edmax el 19 de diciembre de 2001. \u201cLa suerte del Gobierno est\u00e1 echada\u201d, se repiten las voces de la gente en las calles. El presidente\u00a0Fernando de la R\u00faa\u00a0ya no cuenta con el respaldo ni de [&hellip;]<\/p>\n","protected":false},"author":1,"featured_media":98294,"comment_status":"closed","ping_status":"closed","sticky":false,"template":"","format":"standard","meta":{"_seopress_robots_primary_cat":"","_seopress_titles_title":"","_seopress_titles_desc":"","_seopress_robots_index":"","footnotes":""},"categories":[3],"tags":[37233,37234,33732,33731],"class_list":{"0":"post-98293","1":"post","2":"type-post","3":"status-publish","4":"format-standard","5":"has-post-thumbnail","7":"category-cine-y-series","8":"tag-actores-que-interpretan-la-serie-diciembre-de-2001","9":"tag-crisis-del-2001","10":"tag-serie-de-la-crisis-del-2001","11":"tag-serie-diciembre-2001"},"_links":{"self":[{"href":"https:\/\/www.cordobatimes.com\/showup\/wp-json\/wp\/v2\/posts\/98293","targetHints":{"allow":["GET"]}}],"collection":[{"href":"https:\/\/www.cordobatimes.com\/showup\/wp-json\/wp\/v2\/posts"}],"about":[{"href":"https:\/\/www.cordobatimes.com\/showup\/wp-json\/wp\/v2\/types\/post"}],"author":[{"embeddable":true,"href":"https:\/\/www.cordobatimes.com\/showup\/wp-json\/wp\/v2\/users\/1"}],"replies":[{"embeddable":true,"href":"https:\/\/www.cordobatimes.com\/showup\/wp-json\/wp\/v2\/comments?post=98293"}],"version-history":[{"count":0,"href":"https:\/\/www.cordobatimes.com\/showup\/wp-json\/wp\/v2\/posts\/98293\/revisions"}],"wp:featuredmedia":[{"embeddable":true,"href":"https:\/\/www.cordobatimes.com\/showup\/wp-json\/wp\/v2\/media\/98294"}],"wp:attachment":[{"href":"https:\/\/www.cordobatimes.com\/showup\/wp-json\/wp\/v2\/media?parent=98293"}],"wp:term":[{"taxonomy":"category","embeddable":true,"href":"https:\/\/www.cordobatimes.com\/showup\/wp-json\/wp\/v2\/categories?post=98293"},{"taxonomy":"post_tag","embeddable":true,"href":"https:\/\/www.cordobatimes.com\/showup\/wp-json\/wp\/v2\/tags?post=98293"}],"curies":[{"name":"wp","href":"https:\/\/api.w.org\/{rel}","templated":true}]}}