{"id":98200,"date":"2023-06-10T10:18:14","date_gmt":"2023-06-10T13:18:14","guid":{"rendered":"https:\/\/www.cordobatimes.com\/showup\/?p=98200"},"modified":"2023-06-10T10:18:14","modified_gmt":"2023-06-10T13:18:14","slug":"que-figura-conducira-la-proxima-edicion-de-los-premios-martin-fierro","status":"publish","type":"post","link":"https:\/\/www.cordobatimes.com\/showup\/tv\/2023\/06\/10\/que-figura-conducira-la-proxima-edicion-de-los-premios-martin-fierro\/","title":{"rendered":"Qu\u00e9 figura conducir\u00e1 la pr\u00f3xima edici\u00f3n de los premios Mart\u00edn Fierro"},"content":{"rendered":"<h3><strong>La periodista Laura Ubfal cont\u00f3 que Telefe, se\u00f1al que transmitir\u00e1 la gala, ya se decidi\u00f3 qui\u00e9n estar\u00e1 a cargo de la fiesta de la televisi\u00f3n.<\/strong><\/h3>\n<p>Despu\u00e9s de semanas de especulaciones, se revel\u00f3 qui\u00e9n conducir\u00e1 la pr\u00f3xima entrega de los premios\u00a0Mart\u00edn Fierro\u00a0de la televisi\u00f3n argentina. La 51\u00b0 edici\u00f3n de los galardones organizados por la Asociaci\u00f3n de Periodistas de la Televisi\u00f3n y la Radiofon\u00eda Argentinas (APTRA) ser\u00e1 transmitida por Telefe y la se\u00f1al ya decidi\u00f3 por la figura que estar\u00e1 a cargo de la gran fiesta.<\/p>\n<p>Aunque en un primer momento se habl\u00f3 de la posibilidad de que este rol lo asuma\u00a0Alejandro\u00a0Marley\u00a0Wiebe\u00a0e incluso\u00a0Susana Gim\u00e9nez, el elegido es\u00a0Santiago del Moro. Seg\u00fan revel\u00f3 Laura Ubfal en su sitio web, el bastonero de la \u00faltima edici\u00f3n argentina de\u00a0Gran Hermano\u00a0(Telefe) est\u00e1 al frente de la gran ceremonia de la televisi\u00f3n, que se corona con el\u00a0Mart\u00edn Fierro de Oro.<\/p>\n<p>Tambi\u00e9n trascendi\u00f3 que Del Moro har\u00e1 la conducci\u00f3n de manera solitaria, aunque a la vez en\u00a0Intrusos\u00a0(Am\u00e9rica) Ubfal cont\u00f3 que Susana ser\u00e1 parte de la apertura y por supuesto, como es habitual, habr\u00e1 otras figuras del medio encargadas de entregar estatuillas de las distintas categor\u00edas.<\/p>\n<p class=\"paragraph\" data-mrf-recirculation=\"Links inline\">Tambi\u00e9n trascendi\u00f3 que Del Moro har\u00e1 la conducci\u00f3n de manera solitaria, aunque a la vez en\u00a0<i>Intrusos\u00a0<\/i>(Am\u00e9rica) Ubfal cont\u00f3 que Susana ser\u00e1 parte de la apertura y por supuesto, como es habitual, habr\u00e1 otras figuras del medio encargadas de entregar estatuillas de las distintas categor\u00edas.<\/p>\n<div class=\"visual__image\"><img loading=\"lazy\" decoding=\"async\" class=\"\" src=\"https:\/\/cloudfront-us-east-1.images.arcpublishing.com\/infobae\/WD4PNS32XZHV7H6URCO24CCMEM.jpg\" sizes=\"auto, (min-width: 800px) 50vw, 90vw\" srcset=\"https:\/\/www.infobae.com\/new-resizer\/3drgxKrajwyV-3LshFdM16Ws2e4=\/420x420\/filters:format(webp):quality(85)\/cloudfront-us-east-1.images.arcpublishing.com\/infobae\/WD4PNS32XZHV7H6URCO24CCMEM.jpg 420w,https:\/\/www.infobae.com\/new-resizer\/GfPlygXkuHTXfb1Qs_-84KO8Rpk=\/768x768\/filters:format(webp):quality(85)\/cloudfront-us-east-1.images.arcpublishing.com\/infobae\/WD4PNS32XZHV7H6URCO24CCMEM.jpg 768w,https:\/\/www.infobae.com\/new-resizer\/nEEW-w0VyMOizHewqCIyNZM1zJU=\/992x992\/filters:format(webp):quality(85)\/cloudfront-us-east-1.images.arcpublishing.com\/infobae\/WD4PNS32XZHV7H6URCO24CCMEM.jpg 992w,https:\/\/www.infobae.com\/new-resizer\/YTiVgIu82WHBd7c7_Pu2w2p38Ww=\/1200x1200\/filters:format(webp):quality(85)\/cloudfront-us-east-1.images.arcpublishing.com\/infobae\/WD4PNS32XZHV7H6URCO24CCMEM.jpg 1200w,https:\/\/www.infobae.com\/new-resizer\/cVKAtW_LbfYkhl0JpgypT3qOokI=\/1440x1440\/filters:format(webp):quality(85)\/cloudfront-us-east-1.images.arcpublishing.com\/infobae\/WD4PNS32XZHV7H6URCO24CCMEM.jpg 1440w\" alt=\"Santiago del Moro conducir\u00e1 los premios Mart\u00edn Fierro\" width=\"1920\" height=\"2084\" \/><\/div>\n","protected":false},"excerpt":{"rendered":"<p>La periodista Laura Ubfal cont\u00f3 que Telefe, se\u00f1al que transmitir\u00e1 la gala, ya se decidi\u00f3 qui\u00e9n estar\u00e1 a cargo de la fiesta de la televisi\u00f3n. Despu\u00e9s de semanas de especulaciones, se revel\u00f3 qui\u00e9n conducir\u00e1 la pr\u00f3xima entrega de los premios\u00a0Mart\u00edn Fierro\u00a0de la televisi\u00f3n argentina. La 51\u00b0 edici\u00f3n de los galardones organizados por la Asociaci\u00f3n de [&hellip;]<\/p>\n","protected":false},"author":1,"featured_media":98201,"comment_status":"closed","ping_status":"closed","sticky":false,"template":"","format":"standard","meta":{"_seopress_robots_primary_cat":"","_seopress_titles_title":"","_seopress_titles_desc":"","_seopress_robots_index":"","footnotes":""},"categories":[2],"tags":[852,37208,37209],"class_list":{"0":"post-98200","1":"post","2":"type-post","3":"status-publish","4":"format-standard","5":"has-post-thumbnail","7":"category-tv","8":"tag-premios-martin-fierro","9":"tag-premios-martin-fierro-conductor","10":"tag-premios-martin-fierro-santiago-del-moro"},"_links":{"self":[{"href":"https:\/\/www.cordobatimes.com\/showup\/wp-json\/wp\/v2\/posts\/98200","targetHints":{"allow":["GET"]}}],"collection":[{"href":"https:\/\/www.cordobatimes.com\/showup\/wp-json\/wp\/v2\/posts"}],"about":[{"href":"https:\/\/www.cordobatimes.com\/showup\/wp-json\/wp\/v2\/types\/post"}],"author":[{"embeddable":true,"href":"https:\/\/www.cordobatimes.com\/showup\/wp-json\/wp\/v2\/users\/1"}],"replies":[{"embeddable":true,"href":"https:\/\/www.cordobatimes.com\/showup\/wp-json\/wp\/v2\/comments?post=98200"}],"version-history":[{"count":0,"href":"https:\/\/www.cordobatimes.com\/showup\/wp-json\/wp\/v2\/posts\/98200\/revisions"}],"wp:featuredmedia":[{"embeddable":true,"href":"https:\/\/www.cordobatimes.com\/showup\/wp-json\/wp\/v2\/media\/98201"}],"wp:attachment":[{"href":"https:\/\/www.cordobatimes.com\/showup\/wp-json\/wp\/v2\/media?parent=98200"}],"wp:term":[{"taxonomy":"category","embeddable":true,"href":"https:\/\/www.cordobatimes.com\/showup\/wp-json\/wp\/v2\/categories?post=98200"},{"taxonomy":"post_tag","embeddable":true,"href":"https:\/\/www.cordobatimes.com\/showup\/wp-json\/wp\/v2\/tags?post=98200"}],"curies":[{"name":"wp","href":"https:\/\/api.w.org\/{rel}","templated":true}]}}