{"id":98187,"date":"2023-06-09T20:54:32","date_gmt":"2023-06-09T23:54:32","guid":{"rendered":"https:\/\/www.cordobatimes.com\/showup\/?p=98187"},"modified":"2023-06-09T20:54:32","modified_gmt":"2023-06-09T23:54:32","slug":"more-rial-le-iniciara-acciones-legales-a-jorge-lanata","status":"publish","type":"post","link":"https:\/\/www.cordobatimes.com\/showup\/famosos\/2023\/06\/09\/more-rial-le-iniciara-acciones-legales-a-jorge-lanata\/","title":{"rendered":"More Rial le iniciar\u00e1 acciones legales a Jorge Lanata"},"content":{"rendered":"<h3><strong>La hija de\u00a0Jorge Rial\u00a0arremeti\u00f3 contra el presentador de \u00abPPT\u00bb luego de que este opine\u00a0respecto al esc\u00e1ndalo entre la influencer y su pap\u00e1.<\/strong><\/h3>\n<p>El esc\u00e1ndalo que gener\u00f3 Morena Rial, luego de expresar\u00a0pol\u00e9micas declaraciones contra su padre,\u00a0Jorge Rial,\u00a0no para. Ahora a qui\u00e9n eligi\u00f3 defenestrar\u00a0fue a\u00a0Jorge Lanata\u00a0por unas duras declaraciones que verti\u00f3 sobre su accionar hacia el conductor.\u00a0Sin pelos en la lengua, la hija de Silvia D\u00b4Auro destroz\u00f3 al conductor de\u00a0\u00abPeriodismo Para Todos\u00bb.<\/p>\n<p>Durante una entrevista para\u00a0\u00abSocios del espect\u00e1culo\u00bb, el cronista le cont\u00f3 a\u00a0More\u00a0las contundentes declaraciones que realiz\u00f3 el periodista en su programa radial \u00abLanata sin filtro\u00bb:\u00a0\u00abLo de Morena es extorsivo\u00a0y est\u00e1 mal que el periodismo le d\u00e9\u00a0lugar.\u00a0No ten\u00e9s por qu\u00e9 contarle eso a millones de personas.\u00a0Realmente,\u00a0me parece que es abusivo, que est\u00e1 mal'\u00bb.<\/p>\n<p>Al escuchar que Lanata se puso del\u00a0lugar de Jorge Rial, la madre de\u00a0Francesco\u00a0lo atac\u00f3:\u00a0\u00ab\u00bfExtorsivo qui\u00e9n?,\u00a0\u00bfAhora defiende a mi pap\u00e1?, \u00bfNo se hab\u00edan peleado?, \u00bfQu\u00e9 se estar\u00edan pasando, un sobre de plata, para defenderse entre ellos?\u00bb.\u00a0Dio a entender que entre ambos se compran para justificarse p\u00fablicamente, pero los dichos\u00a0no quedaron\u00a0ah\u00ed.<\/p>\n<p>\u00abJorgito, mi amor.\u00a0Estuviste a punto de morirte, vos tambi\u00e9n. Fijate un poquito en tu vida, yo no tengo por qu\u00e9 extorsionar a nadie. La verdad es la verdad, le moleste a quien le moleste. Si te molesta, no mir\u00e9s el programa y apag\u00e1 la tele\u00bb, expres\u00f3\u00a0More\u00a0totalmente enojada contra el afamado periodista.<\/p>\n<p><img alt=\"\" loading=\"lazy\" decoding=\"async\" class=\"alignnone wp-image-98189 size-full\" src=\"https:\/\/www.cordobatimes.com\/showup\/wp-content\/uploads\/2023\/06\/moreerial_3121637539219877755.jpg\" alt=\"\" width=\"720\" height=\"1280\" srcset=\"https:\/\/www.cordobatimes.com\/showup\/wp-content\/uploads\/2023\/06\/moreerial_3121637539219877755.jpg 720w, https:\/\/www.cordobatimes.com\/showup\/wp-content\/uploads\/2023\/06\/moreerial_3121637539219877755-236x420.jpg 236w, https:\/\/www.cordobatimes.com\/showup\/wp-content\/uploads\/2023\/06\/moreerial_3121637539219877755-576x1024.jpg 576w, https:\/\/www.cordobatimes.com\/showup\/wp-content\/uploads\/2023\/06\/moreerial_3121637539219877755-696x1237.jpg 696w\" sizes=\"auto, (max-width: 720px) 100vw, 720px\" \/><\/p>\n","protected":false},"excerpt":{"rendered":"<p>La hija de\u00a0Jorge Rial\u00a0arremeti\u00f3 contra el presentador de \u00abPPT\u00bb luego de que este opine\u00a0respecto al esc\u00e1ndalo entre la influencer y su pap\u00e1. El esc\u00e1ndalo que gener\u00f3 Morena Rial, luego de expresar\u00a0pol\u00e9micas declaraciones contra su padre,\u00a0Jorge Rial,\u00a0no para. Ahora a qui\u00e9n eligi\u00f3 defenestrar\u00a0fue a\u00a0Jorge Lanata\u00a0por unas duras declaraciones que verti\u00f3 sobre su accionar hacia el conductor.\u00a0Sin [&hellip;]<\/p>\n","protected":false},"author":1,"featured_media":98188,"comment_status":"closed","ping_status":"closed","sticky":false,"template":"","format":"standard","meta":{"_seopress_robots_primary_cat":"","_seopress_titles_title":"","_seopress_titles_desc":"","_seopress_robots_index":"","footnotes":""},"categories":[4],"tags":[37202,37201],"class_list":{"0":"post-98187","1":"post","2":"type-post","3":"status-publish","4":"format-standard","5":"has-post-thumbnail","7":"category-famosos","8":"tag-more-rial-acciones-legales-jorge-lanata","9":"tag-more-rial-jorge-lanata"},"_links":{"self":[{"href":"https:\/\/www.cordobatimes.com\/showup\/wp-json\/wp\/v2\/posts\/98187","targetHints":{"allow":["GET"]}}],"collection":[{"href":"https:\/\/www.cordobatimes.com\/showup\/wp-json\/wp\/v2\/posts"}],"about":[{"href":"https:\/\/www.cordobatimes.com\/showup\/wp-json\/wp\/v2\/types\/post"}],"author":[{"embeddable":true,"href":"https:\/\/www.cordobatimes.com\/showup\/wp-json\/wp\/v2\/users\/1"}],"replies":[{"embeddable":true,"href":"https:\/\/www.cordobatimes.com\/showup\/wp-json\/wp\/v2\/comments?post=98187"}],"version-history":[{"count":0,"href":"https:\/\/www.cordobatimes.com\/showup\/wp-json\/wp\/v2\/posts\/98187\/revisions"}],"wp:featuredmedia":[{"embeddable":true,"href":"https:\/\/www.cordobatimes.com\/showup\/wp-json\/wp\/v2\/media\/98188"}],"wp:attachment":[{"href":"https:\/\/www.cordobatimes.com\/showup\/wp-json\/wp\/v2\/media?parent=98187"}],"wp:term":[{"taxonomy":"category","embeddable":true,"href":"https:\/\/www.cordobatimes.com\/showup\/wp-json\/wp\/v2\/categories?post=98187"},{"taxonomy":"post_tag","embeddable":true,"href":"https:\/\/www.cordobatimes.com\/showup\/wp-json\/wp\/v2\/tags?post=98187"}],"curies":[{"name":"wp","href":"https:\/\/api.w.org\/{rel}","templated":true}]}}