{"id":98028,"date":"2023-06-05T11:47:42","date_gmt":"2023-06-05T14:47:42","guid":{"rendered":"https:\/\/www.cordobatimes.com\/showup\/?p=98028"},"modified":"2023-06-05T11:47:42","modified_gmt":"2023-06-05T14:47:42","slug":"juli-poggio-habla-de-coty-en-la-obra-de-pablo-agustin","status":"publish","type":"post","link":"https:\/\/www.cordobatimes.com\/showup\/internet\/2023\/06\/05\/juli-poggio-habla-de-coty-en-la-obra-de-pablo-agustin\/","title":{"rendered":"Juli Poggio habla de Coty en la obra de Pablo Agustin"},"content":{"rendered":"<h3><strong>La ex GH hablo nuevamente de su ex compa\u00f1era Coty Romero y explic\u00f3 el porque de su nula relaci\u00f3n<\/strong><\/h3>\n<div style=\"width: 202px;\" class=\"wp-video\"><video class=\"wp-video-shortcode\" id=\"video-98028-1\" width=\"202\" height=\"360\" preload=\"metadata\" controls=\"controls\"><source type=\"video\/mp4\" src=\"https:\/\/www.cordobatimes.com\/showup\/wp-content\/uploads\/2023\/06\/Juli-Poggio-habla-de-Coti-en-la-obra-de-Pablo-Agusti.mp4?_=1\" \/><a href=\"https:\/\/www.cordobatimes.com\/showup\/wp-content\/uploads\/2023\/06\/Juli-Poggio-habla-de-Coti-en-la-obra-de-Pablo-Agusti.mp4\">https:\/\/www.cordobatimes.com\/showup\/wp-content\/uploads\/2023\/06\/Juli-Poggio-habla-de-Coti-en-la-obra-de-Pablo-Agusti.mp4<\/a><\/video><\/div>\n","protected":false},"excerpt":{"rendered":"<p>La ex GH hablo nuevamente de su ex compa\u00f1era Coty Romero y explic\u00f3 el porque de su nula relaci\u00f3n<\/p>\n","protected":false},"author":1,"featured_media":98030,"comment_status":"closed","ping_status":"closed","sticky":false,"template":"","format":"standard","meta":{"_seopress_robots_primary_cat":"","_seopress_titles_title":"","_seopress_titles_desc":"","_seopress_robots_index":"","footnotes":""},"categories":[22956],"tags":[37122,37121,37123,37124],"class_list":{"0":"post-98028","1":"post","2":"type-post","3":"status-publish","4":"format-standard","5":"has-post-thumbnail","7":"category-internet","8":"tag-juli-poggio-en-la-obra-de-pablo-agustin","9":"tag-juli-poggio-habla-de-coty","10":"tag-juli-y-coty-gran-hermano","11":"tag-julieta-poggio-coty-romero-gran-hermano"},"_links":{"self":[{"href":"https:\/\/www.cordobatimes.com\/showup\/wp-json\/wp\/v2\/posts\/98028","targetHints":{"allow":["GET"]}}],"collection":[{"href":"https:\/\/www.cordobatimes.com\/showup\/wp-json\/wp\/v2\/posts"}],"about":[{"href":"https:\/\/www.cordobatimes.com\/showup\/wp-json\/wp\/v2\/types\/post"}],"author":[{"embeddable":true,"href":"https:\/\/www.cordobatimes.com\/showup\/wp-json\/wp\/v2\/users\/1"}],"replies":[{"embeddable":true,"href":"https:\/\/www.cordobatimes.com\/showup\/wp-json\/wp\/v2\/comments?post=98028"}],"version-history":[{"count":0,"href":"https:\/\/www.cordobatimes.com\/showup\/wp-json\/wp\/v2\/posts\/98028\/revisions"}],"wp:featuredmedia":[{"embeddable":true,"href":"https:\/\/www.cordobatimes.com\/showup\/wp-json\/wp\/v2\/media\/98030"}],"wp:attachment":[{"href":"https:\/\/www.cordobatimes.com\/showup\/wp-json\/wp\/v2\/media?parent=98028"}],"wp:term":[{"taxonomy":"category","embeddable":true,"href":"https:\/\/www.cordobatimes.com\/showup\/wp-json\/wp\/v2\/categories?post=98028"},{"taxonomy":"post_tag","embeddable":true,"href":"https:\/\/www.cordobatimes.com\/showup\/wp-json\/wp\/v2\/tags?post=98028"}],"curies":[{"name":"wp","href":"https:\/\/api.w.org\/{rel}","templated":true}]}}