{"id":97910,"date":"2023-05-25T12:56:43","date_gmt":"2023-05-25T15:56:43","guid":{"rendered":"https:\/\/www.cordobatimes.com\/showup\/?p=97910"},"modified":"2023-05-25T12:56:43","modified_gmt":"2023-05-25T15:56:43","slug":"china-suarez-revelo-un-adelanto-de-su-nueva-cancion-desaniversario","status":"publish","type":"post","link":"https:\/\/www.cordobatimes.com\/showup\/musica\/2023\/05\/25\/china-suarez-revelo-un-adelanto-de-su-nueva-cancion-desaniversario\/","title":{"rendered":"China Su\u00e1rez revel\u00f3 un adelanto de su nueva canci\u00f3n \u00abDesaniversario\u00bb"},"content":{"rendered":"<h3><strong>La actriz comparti\u00f3 una parte de su nueva canci\u00f3n junto a Estani.<\/strong><\/h3>\n<p>La China Su\u00e1rez gener\u00f3 gran sorpresa entre sus seguidores por un misterioso mensaje que comparti\u00f3 en sus redes sociales este jueves.<\/p>\n<p>La actriz de 31 a\u00f1os subi\u00f3 a su cuenta de Instagram una placa blanca con la fecha 24\/05 y un mensaje en negro. \u00abDesaniversario\u00bb.<\/p>\n<p><img alt=\"\" loading=\"lazy\" decoding=\"async\" class=\"alignnone wp-image-97912 size-full\" src=\"https:\/\/www.cordobatimes.com\/showup\/wp-content\/uploads\/2023\/05\/Photo-by-China-Suarez-on-May-24-2023.-May-be-an-illustration-of-pie-calendar-and-text-that-says-Desa-niversar-Desaniversario-\u03c3\u03b1-rio-241-24_05-05.jpg\" alt=\"\" width=\"1280\" height=\"1280\" srcset=\"https:\/\/www.cordobatimes.com\/showup\/wp-content\/uploads\/2023\/05\/Photo-by-China-Suarez-on-May-24-2023.-May-be-an-illustration-of-pie-calendar-and-text-that-says-Desa-niversar-Desaniversario-\u03c3\u03b1-rio-241-24_05-05.jpg 1280w, https:\/\/www.cordobatimes.com\/showup\/wp-content\/uploads\/2023\/05\/Photo-by-China-Suarez-on-May-24-2023.-May-be-an-illustration-of-pie-calendar-and-text-that-says-Desa-niversar-Desaniversario-\u03c3\u03b1-rio-241-24_05-05-420x420.jpg 420w, https:\/\/www.cordobatimes.com\/showup\/wp-content\/uploads\/2023\/05\/Photo-by-China-Suarez-on-May-24-2023.-May-be-an-illustration-of-pie-calendar-and-text-that-says-Desa-niversar-Desaniversario-\u03c3\u03b1-rio-241-24_05-05-1024x1024.jpg 1024w, https:\/\/www.cordobatimes.com\/showup\/wp-content\/uploads\/2023\/05\/Photo-by-China-Suarez-on-May-24-2023.-May-be-an-illustration-of-pie-calendar-and-text-that-says-Desa-niversar-Desaniversario-\u03c3\u03b1-rio-241-24_05-05-768x768.jpg 768w, https:\/\/www.cordobatimes.com\/showup\/wp-content\/uploads\/2023\/05\/Photo-by-China-Suarez-on-May-24-2023.-May-be-an-illustration-of-pie-calendar-and-text-that-says-Desa-niversar-Desaniversario-\u03c3\u03b1-rio-241-24_05-05-696x696.jpg 696w, https:\/\/www.cordobatimes.com\/showup\/wp-content\/uploads\/2023\/05\/Photo-by-China-Suarez-on-May-24-2023.-May-be-an-illustration-of-pie-calendar-and-text-that-says-Desa-niversar-Desaniversario-\u03c3\u03b1-rio-241-24_05-05-1068x1068.jpg 1068w\" sizes=\"auto, (max-width: 1280px) 100vw, 1280px\" \/><\/p>\n<p>M\u00e1s adelante, la China Su\u00e1rez revel\u00f3 el motivo de este enigm\u00e1tico post que se refer\u00eda a su nuevo tema musical junto al trapero, Estani.<\/p>\n<p>\u00abImagin\u00e9 despertarme con vos y darte los buenos d\u00edas, quiz\u00e1s eso solo estaba en mi mente, quiz\u00e1s fue una utop\u00eda\u00bb, dice parte del estribillo de este feat.\u00a0\u00abYo\u00a0te di todo de m\u00ed pero a cambio solamente recib\u00ed este desaniversario\u00bb\u00a0contin\u00faa el video en el que aparecen im\u00e1genes de diferentes situaciones de la\u00a0China Su\u00e1rez\u00a0en la que estaba sola.<\/p>\n<div style=\"width: 696px;\" class=\"wp-video\"><video class=\"wp-video-shortcode\" id=\"video-97910-1\" width=\"696\" height=\"1237\" preload=\"metadata\" controls=\"controls\"><source type=\"video\/mp4\" src=\"https:\/\/www.cordobatimes.com\/showup\/wp-content\/uploads\/2023\/05\/Video-by-sangrejaponesa.mp4?_=1\" \/><a href=\"https:\/\/www.cordobatimes.com\/showup\/wp-content\/uploads\/2023\/05\/Video-by-sangrejaponesa.mp4\">https:\/\/www.cordobatimes.com\/showup\/wp-content\/uploads\/2023\/05\/Video-by-sangrejaponesa.mp4<\/a><\/video><\/div>\n","protected":false},"excerpt":{"rendered":"<p>La actriz comparti\u00f3 una parte de su nueva canci\u00f3n junto a Estani. La China Su\u00e1rez gener\u00f3 gran sorpresa entre sus seguidores por un misterioso mensaje que comparti\u00f3 en sus redes sociales este jueves. La actriz de 31 a\u00f1os subi\u00f3 a su cuenta de Instagram una placa blanca con la fecha 24\/05 y un mensaje en [&hellip;]<\/p>\n","protected":false},"author":1,"featured_media":97911,"comment_status":"closed","ping_status":"closed","sticky":false,"template":"","format":"standard","meta":{"_seopress_robots_primary_cat":"","_seopress_titles_title":"","_seopress_titles_desc":"","_seopress_robots_index":"","footnotes":""},"categories":[5],"tags":[37054,37053,37055],"class_list":{"0":"post-97910","1":"post","2":"type-post","3":"status-publish","4":"format-standard","5":"has-post-thumbnail","7":"category-musica","8":"tag-china-suarez-canciones","9":"tag-china-suarez-cantante","10":"tag-china-suarez-desaniversario"},"_links":{"self":[{"href":"https:\/\/www.cordobatimes.com\/showup\/wp-json\/wp\/v2\/posts\/97910","targetHints":{"allow":["GET"]}}],"collection":[{"href":"https:\/\/www.cordobatimes.com\/showup\/wp-json\/wp\/v2\/posts"}],"about":[{"href":"https:\/\/www.cordobatimes.com\/showup\/wp-json\/wp\/v2\/types\/post"}],"author":[{"embeddable":true,"href":"https:\/\/www.cordobatimes.com\/showup\/wp-json\/wp\/v2\/users\/1"}],"replies":[{"embeddable":true,"href":"https:\/\/www.cordobatimes.com\/showup\/wp-json\/wp\/v2\/comments?post=97910"}],"version-history":[{"count":0,"href":"https:\/\/www.cordobatimes.com\/showup\/wp-json\/wp\/v2\/posts\/97910\/revisions"}],"wp:featuredmedia":[{"embeddable":true,"href":"https:\/\/www.cordobatimes.com\/showup\/wp-json\/wp\/v2\/media\/97911"}],"wp:attachment":[{"href":"https:\/\/www.cordobatimes.com\/showup\/wp-json\/wp\/v2\/media?parent=97910"}],"wp:term":[{"taxonomy":"category","embeddable":true,"href":"https:\/\/www.cordobatimes.com\/showup\/wp-json\/wp\/v2\/categories?post=97910"},{"taxonomy":"post_tag","embeddable":true,"href":"https:\/\/www.cordobatimes.com\/showup\/wp-json\/wp\/v2\/tags?post=97910"}],"curies":[{"name":"wp","href":"https:\/\/api.w.org\/{rel}","templated":true}]}}