{"id":97907,"date":"2023-05-25T10:50:41","date_gmt":"2023-05-25T13:50:41","guid":{"rendered":"https:\/\/www.cordobatimes.com\/showup\/?p=97907"},"modified":"2023-05-25T10:50:41","modified_gmt":"2023-05-25T13:50:41","slug":"caso-marcelo-corazza-tras-la-pericia-al-celular-el-fiscal-pidio-una-ampliacion-formal-de-la-investigacion","status":"publish","type":"post","link":"https:\/\/www.cordobatimes.com\/showup\/famosos\/2023\/05\/25\/caso-marcelo-corazza-tras-la-pericia-al-celular-el-fiscal-pidio-una-ampliacion-formal-de-la-investigacion\/","title":{"rendered":"Caso Marcelo Corazza: Tras la pericia al celular, el fiscal pidi\u00f3 una ampliaci\u00f3n formal de la investigaci\u00f3n"},"content":{"rendered":"<h3><strong>Hallaron chats, fotos y videos comprometedores en el tel\u00e9fono del ex Gran Hermano. La pr\u00f3xima semana la C\u00e1mara deber\u00e1 decidir si el productor vuelve a la c\u00e1rcel o contin\u00faa el proceso en libertad.<\/strong><\/h3>\n<p>Marcelo Corazza\u00a0est\u00e1 procesado por\u00a0corrupci\u00f3n de menores\u00a0y, si bien tiene dictada una\u00a0falta de m\u00e9rito\u00a0como integrante de una asociaci\u00f3n il\u00edcita dedicada a\u00a0abusar chicos,\u00a0se espera que en los pr\u00f3ximos d\u00edas se expida la\u00a0C\u00e1mara de Apelaciones\u00a0sobre su futuro: es que el fiscal\u00a0Patricio Lugones\u00a0apel\u00f3 la liberaci\u00f3n. En paralelo, al despacho del funcionario judicial lleg\u00f3 la pericia al celular del ex\u00a0Gran Hermano\u00a0y, en base al material encontrado, solicit\u00f3 formalmente que\u00a0se ampl\u00ede la investigaci\u00f3n.<\/p>\n<p>Son horas cruciales para el productor del TV. La pr\u00f3xima semana podr\u00eda recibir la decisi\u00f3n de los jueces del tribunal superior, quienes deber\u00e1n decir\u00a0si mantienen la falta de m\u00e9rito para Corzza\u00a0y, sobre todo, si el ex ganador de\u00a0Gran Hermano\u00a0vuelve a prisi\u00f3n o sigue en libertad.<\/p>\n<p>Pero mientras eso sucede, la decisi\u00f3n de las \u00faltimas horas del fiscal\u00a0Lugones\u00a0de ampliar la investigaci\u00f3n es un duro rev\u00e9s. El requerimiento ocurri\u00f3 el 18 de mayo pasado, luego de que se hiciera de la pericia al tel\u00e9fono del productor.<\/p>\n<p>Te puede interesar:\u00a0Por qu\u00e9 la Justicia rechaz\u00f3 la prescripci\u00f3n de la causa por corrupci\u00f3n de menores contra Marcelo Corazza<\/p>\n<p>\u00bfQu\u00e9 hab\u00eda en el celular de Corazza? En principio,\u00a0chats, fotos y videos\u00a0que ser\u00edan comprometedores. Seg\u00fan las fuentes consultadas, el funcionario judicial necesita dilucidar si los involucrados en esas conversaciones eran mayores o menores al momento de intercambio: espec\u00edficamente, son dos y las charlas que ten\u00edan eran de\u00a0alto contenido sexual.<\/p>\n<p>Pero hay m\u00e1s. Tambi\u00e9n busca determinar el fiscal si el material audiovisual que recibi\u00f3 ex\u00a0Gran Hermano\u00a0fue a cambio de\u00a0dinero, en base a lo que difundi\u00f3 este mi\u00e9rcoles\u00a0Telenoche.<\/p>\n<p>La causa que lleva adelante el juez\u00a0Javier S\u00e1nchez Sarmiento\u00a0-quien ya rechaz\u00f3 el pedido de la defensa del productor para que la causa sea cerrada por\u00a0prescripci\u00f3n-\u00a0llev\u00f3 a que\u00a0Corazza\u00a0fuera detenido junto a otras tres personas (Francisco Angelotti, Andr\u00e9s Charpenet e Ignacio Mermet) el\u00a022 de marzo\u00a0pasado, acusado de formar parte de una banda que\u00a0captaba menores de entre 10 y 18 a\u00f1os\u00a0para luego obligarlos a tener sexo con adultos.<\/p>\n<p>Puntualmente, al ex ganador de Gran Hermano se le imput\u00f3 un hecho de 2001 ocurrido dentro de su auto en Costanera Sur.<\/p>\n<p>La v\u00edctima, que por ese entonces ten\u00eda unos 12 a\u00f1os, cont\u00f3 que el ex ganador de GH lo subi\u00f3 a su veh\u00edculo,\u00a0lo llev\u00f3 a Costanera Sur y se exhibi\u00f3 obscenamente frente a \u00e9l. Tambi\u00e9n hubo otro joven de la misma edad, que presenci\u00f3 la previa al hecho, y se\u00f1al\u00f3 a Corazza.<\/p>\n<p>Algunas semanas despu\u00e9s de la detenci\u00f3n, el juez decidi\u00f3\u00a0liberarlo\u00a0por considerar que no hab\u00eda riesgos procesales. Adem\u00e1s,\u00a0le dicto la falta de m\u00e9rito\u00a0como integrante de la banda, pero lo proces\u00f3 por el aberrante hecho de 2001.<\/p>\n<p>Luego de esto, los defensores de Corazza,\u00a0Gustavo Adolfo Posleman y Horacio Ra\u00fal Semin, presentaron el pedido de prescripci\u00f3n. Otro de los imputados,\u00a0Mermet, solicit\u00f3 lo mismo. El primero en rechazar esa petici\u00f3n y la falta de m\u00e9rito fue el fiscal\u00a0Patricio Lugones.<\/p>\n<p>El magistrado, por su parte, rechaz\u00f3 la solicitud de prescripci\u00f3n. \u201cNo puede afirmarse de ninguna manera que los hechos que involucran a las infancias no tengan hoy relevancia en la sociedad, que demanda una respuesta de justicia por parte de los \u00f3rganos del Estado. La conducta de los aqu\u00ed damnificados de acudir a las autoridades para dar noticia de los il\u00edcitos\u00a0echa por tierra esta teor\u00eda\u201d, rez\u00f3 el juez en su decisi\u00f3n.<\/p>\n","protected":false},"excerpt":{"rendered":"<p>Hallaron chats, fotos y videos comprometedores en el tel\u00e9fono del ex Gran Hermano. La pr\u00f3xima semana la C\u00e1mara deber\u00e1 decidir si el productor vuelve a la c\u00e1rcel o contin\u00faa el proceso en libertad. Marcelo Corazza\u00a0est\u00e1 procesado por\u00a0corrupci\u00f3n de menores\u00a0y, si bien tiene dictada una\u00a0falta de m\u00e9rito\u00a0como integrante de una asociaci\u00f3n il\u00edcita dedicada a\u00a0abusar chicos,\u00a0se espera [&hellip;]<\/p>\n","protected":false},"author":1,"featured_media":97908,"comment_status":"closed","ping_status":"closed","sticky":false,"template":"","format":"standard","meta":{"_seopress_robots_primary_cat":"","_seopress_titles_title":"","_seopress_titles_desc":"","_seopress_robots_index":"","footnotes":""},"categories":[4],"tags":[36600,37051,37052,36568],"class_list":{"0":"post-97907","1":"post","2":"type-post","3":"status-publish","4":"format-standard","5":"has-post-thumbnail","7":"category-famosos","8":"tag-caso-marcelo-corazza","9":"tag-marcelo-corazza","10":"tag-marcelo-corazza-ampliacion-formal-de-la-investigacion","11":"tag-marcelo-corazza-corrupcion-de-menores"},"_links":{"self":[{"href":"https:\/\/www.cordobatimes.com\/showup\/wp-json\/wp\/v2\/posts\/97907","targetHints":{"allow":["GET"]}}],"collection":[{"href":"https:\/\/www.cordobatimes.com\/showup\/wp-json\/wp\/v2\/posts"}],"about":[{"href":"https:\/\/www.cordobatimes.com\/showup\/wp-json\/wp\/v2\/types\/post"}],"author":[{"embeddable":true,"href":"https:\/\/www.cordobatimes.com\/showup\/wp-json\/wp\/v2\/users\/1"}],"replies":[{"embeddable":true,"href":"https:\/\/www.cordobatimes.com\/showup\/wp-json\/wp\/v2\/comments?post=97907"}],"version-history":[{"count":0,"href":"https:\/\/www.cordobatimes.com\/showup\/wp-json\/wp\/v2\/posts\/97907\/revisions"}],"wp:featuredmedia":[{"embeddable":true,"href":"https:\/\/www.cordobatimes.com\/showup\/wp-json\/wp\/v2\/media\/97908"}],"wp:attachment":[{"href":"https:\/\/www.cordobatimes.com\/showup\/wp-json\/wp\/v2\/media?parent=97907"}],"wp:term":[{"taxonomy":"category","embeddable":true,"href":"https:\/\/www.cordobatimes.com\/showup\/wp-json\/wp\/v2\/categories?post=97907"},{"taxonomy":"post_tag","embeddable":true,"href":"https:\/\/www.cordobatimes.com\/showup\/wp-json\/wp\/v2\/tags?post=97907"}],"curies":[{"name":"wp","href":"https:\/\/api.w.org\/{rel}","templated":true}]}}