{"id":97896,"date":"2023-05-22T20:28:44","date_gmt":"2023-05-22T23:28:44","guid":{"rendered":"https:\/\/www.cordobatimes.com\/showup\/?p=97896"},"modified":"2023-05-22T20:28:44","modified_gmt":"2023-05-22T23:28:44","slug":"premios-condor-de-plata-2023-todos-los-nominados-y-donde-ver-la-ceremonia","status":"publish","type":"post","link":"https:\/\/www.cordobatimes.com\/showup\/cine-y-series\/2023\/05\/22\/premios-condor-de-plata-2023-todos-los-nominados-y-donde-ver-la-ceremonia\/","title":{"rendered":"Premios C\u00f3ndor de Plata 2023: todos los nominados y d\u00f3nde ver la ceremonia"},"content":{"rendered":"<h3><strong>La gala, que premia lo mejor del cine nacional, se llevar\u00e1 a cabo esta noche en el Centro Cultural 25 de mayo. Argentina, 1985 es la gran favorita<\/strong><\/h3>\n<p class=\"paragraph\" data-mrf-recirculation=\"Links inline\">Esta noche\u00a0<b>se llevar\u00e1 a cabo la 71\u00aa entrega de los Premios C\u00f3ndor de Plata.\u00a0<\/b>La gala, que premia lo mejor del cine nacional ya sea estrenado en cines o a trav\u00e9s de las diversas plataformas disponibles, se desarrollar\u00e1<b>\u00a0<\/b>en el Centro Cultural 25 de mayo\u00a0<b>a partir de las 22 horas.\u00a0El evento podr\u00e1 verse por la Televisi\u00f3n P\u00fablica<\/b>, con conducci\u00f3n de\u00a0<b>Gabriel Radice\u00a0<\/b>y contar\u00e1 con un espect\u00e1culo musical a cargo de\u00a0<b>Carlos Casella<\/b>, quien interpretar\u00e1 las cinco canciones nominadas.<\/p>\n<p class=\"paragraph\" data-mrf-recirculation=\"Links inline\">Para esta entrega se evaluaron un total de 233 pel\u00edculas argentinas estrenadas entre el 1 de enero y el 31 de diciembre de 2022, tanto en salas de cine f\u00edsicas como a trav\u00e9s de las diferentes plataformas de streaming p\u00fablicas y privadas. Y si bien hay muchas cintas nominadas, tambi\u00e9n hay una favorita.<\/p>\n<div class=\"inline ad-wrapper\">\n<div class=\"dfpAd ad-inline\">\n<div id=\"infobae\/teleshow\/nota\/inline\" class=\"infobae\/teleshow\/nota\/inline arcad\" data-google-query-id=\"CPnM4O2Hiv8CFb48uQYd3TMIFQ\">\n<div id=\"google_ads_iframe_\/1058609\/infobae\/teleshow\/nota\/inline_0__container__\"><iframe id=\"google_ads_iframe_\/1058609\/infobae\/teleshow\/nota\/inline_0\" tabindex=\"0\" title=\"3rd party ad content\" role=\"region\" name=\"google_ads_iframe_\/1058609\/infobae\/teleshow\/nota\/inline_0\" width=\"1\" height=\"1\" frameborder=\"0\" marginwidth=\"0\" marginheight=\"0\" scrolling=\"no\" aria-label=\"Advertisement\" data-load-complete=\"true\" data-google-container-id=\"2\" data-mce-fragment=\"1\"><\/iframe><\/div>\n<\/div>\n<\/div>\n<\/div>\n<p class=\"paragraph\" data-mrf-recirculation=\"Links inline\"><i><b>Argentina, 1985<\/b><\/i>\u00a0de\u00a0<b>Santiago Mitre<\/b>\u00a0es la pel\u00edcula con m\u00e1s nominaciones, 20 en total y le siguen<i>\u00a0<\/i><i><b>El suplente\u00a0<\/b><\/i>de<b>\u00a0Diego Lerman<\/b>\u00a0con 15;<i>\u00a0<\/i><i><b>El gerente<\/b><\/i><b>\u00a0<\/b>de\u00a0<b>Ariel Winograd\u00a0<\/b>con 12,\u00a0<i><b>Jes\u00fas L\u00f3pez<\/b><\/i><b>\u00a0<\/b>de\u00a0<b>Maximiliano Schonfeld<\/b>\u00a0con 11; y<i>\u00a0<\/i><i><b>Sublime<\/b><\/i>\u00a0de\u00a0<b>Mariano Biasin<\/b>\u00a0y\u00a0<i><b>Un crimen argentino<\/b><\/i>\u00a0de\u00a0<b>Lucas Combina<\/b>\u00a0con 10 cada una.<\/p>\n<div class=\"visual__image\"><img loading=\"lazy\" decoding=\"async\" class=\"\" src=\"https:\/\/cloudfront-us-east-1.images.arcpublishing.com\/infobae\/OLPAP5MME7W6F3TB3HWKUSCUJU.jpg\" sizes=\"auto, (min-width: 800px) 50vw, 90vw\" srcset=\"https:\/\/www.infobae.com\/new-resizer\/ODPKPEiMf6SQCWaoT0KDHuCwZxo=\/420x280\/filters:format(webp):quality(85)\/cloudfront-us-east-1.images.arcpublishing.com\/infobae\/OLPAP5MME7W6F3TB3HWKUSCUJU.jpg 420w,https:\/\/www.infobae.com\/new-resizer\/jp0A0huR-SOMgvc1KDNmjUDlUY8=\/768x512\/filters:format(webp):quality(85)\/cloudfront-us-east-1.images.arcpublishing.com\/infobae\/OLPAP5MME7W6F3TB3HWKUSCUJU.jpg 768w,https:\/\/www.infobae.com\/new-resizer\/Ym22UwPyXwgDNyogjcYCkdi8jPg=\/992x661\/filters:format(webp):quality(85)\/cloudfront-us-east-1.images.arcpublishing.com\/infobae\/OLPAP5MME7W6F3TB3HWKUSCUJU.jpg 992w,https:\/\/www.infobae.com\/new-resizer\/HTwqSRxTimOc0REJ60fzPixEqZQ=\/1200x800\/filters:format(webp):quality(85)\/cloudfront-us-east-1.images.arcpublishing.com\/infobae\/OLPAP5MME7W6F3TB3HWKUSCUJU.jpg 1200w,https:\/\/www.infobae.com\/new-resizer\/vXiGjn9rnkc9mOX4msOr-zJVqSQ=\/1440x960\/filters:format(webp):quality(85)\/cloudfront-us-east-1.images.arcpublishing.com\/infobae\/OLPAP5MME7W6F3TB3HWKUSCUJU.jpg 1440w\" alt=\"Argentina, 1985 de Santiago Mitre es la pel\u00edcula con m\u00e1s nominaciones (Foto AP\/Chris Pizzello, archivo)\" width=\"3000\" height=\"2082\" \/><\/div>\n<p class=\"paragraph\" data-mrf-recirculation=\"Links inline\">Mientras que<b>\u00a0<\/b><i><b>El coso<\/b><\/i><i>\u00a0<\/i>de\u00a0<b>N\u00e9stor Frenkel<\/b><i>,\u00a0<\/i><i><b>El fot\u00f3grafo y el cartero<\/b><\/i><b>:\u00a0<\/b><i><b>El crimen de Cabezas<\/b><\/i>\u00a0de\u00a0<b>Alejandro Hartmann<\/b>,\u00a0<i><b>El fulgor<\/b><\/i>\u00a0de<b>\u00a0Mart\u00edn Farina<\/b>,\u00a0<i><b>Herbaria<\/b><\/i>\u00a0de<b>\u00a0Leandro Listorti<\/b>,\u00a0<i><b>Mar\u00eda Luisa Bemberg: El eco de mi voz\u00a0<\/b><\/i>de\u00a0<b>Alejandro Maci\u00a0<\/b>y\u00a0<i><b>Telma, el cine y el soldado<\/b><\/i><b>\u00a0<\/b>de\u00a0<b>Brenda Taubin\u00a0<\/b>se miden por el C\u00f3ndor de Plata al mejor largo documental.<\/p>\n<p class=\"paragraph\" data-mrf-recirculation=\"Links inline\">Durante la ceremonia tambi\u00e9n se entregar\u00e1 el\u00a0<b>Premio del P\u00fablico BA Audiovisual, una estatuilla de reconocimiento votada por los vecinos de todo el pa\u00eds<\/b>, donde se distinguir\u00e1 la mejor pel\u00edcula entre aquellas que recibieron m\u00e1s nominaciones. Adem\u00e1s, entre quienes participen en la elecci\u00f3n y residan en la Ciudad Aut\u00f3noma de Buenos Aires, se sortear\u00e1n 15 pares de entradas para asistir a la ceremonia. Las candidatas al Premio del P\u00fablico BA Audiovisual son:\u00a0<i>Argentina, 1985,<\/i>\u00a0<i>El gerente<\/i>,\u00a0<i>El suplente<\/i>,\u00a0<i>Jes\u00fas L\u00f3pez<\/i>,\u00a0<i>Sublime<\/i>\u00a0y\u00a0<i>Un crimen argentino<\/i>. La votaci\u00f3n se realiz\u00f3 a trav\u00e9s de un formulario online.<\/p>\n<p class=\"paragraph\" data-mrf-recirculation=\"Links inline\">Tambi\u00e9n, por segundo a\u00f1o consecutivo, se entregar\u00e1 el\u00a0<b>Premio Mar\u00eda Luisa Bemberg<\/b>\u00a0a una mujer destacada dentro de la industria audiovisual, el\u00a0<b>Premio Leonardo Favio\u00a0<\/b>a una personalidad masculina relevante y el\u00a0<b>Premio Salvador Sammaritano\u00a0<\/b>a un cr\u00edtico de cine que no forme parte de ACCA. Los ganadores se revelar\u00e1n durante la ceremonia.<\/p>\n<div class=\"visual__image\"><img loading=\"lazy\" decoding=\"async\" class=\"\" src=\"https:\/\/cloudfront-us-east-1.images.arcpublishing.com\/infobae\/BRRWYWXPWRGL7E7D4GYVSX7MBA.jpg\" sizes=\"auto, (min-width: 800px) 50vw, 90vw\" srcset=\"https:\/\/www.infobae.com\/new-resizer\/Wdds-hgE4jGnasnPB7jwv1UH9zk=\/420x236\/filters:format(webp):quality(85)\/cloudfront-us-east-1.images.arcpublishing.com\/infobae\/BRRWYWXPWRGL7E7D4GYVSX7MBA.jpg 420w,https:\/\/www.infobae.com\/new-resizer\/rrl8Jfcrw4Q9kGE-aYuNSlmkCrw=\/768x432\/filters:format(webp):quality(85)\/cloudfront-us-east-1.images.arcpublishing.com\/infobae\/BRRWYWXPWRGL7E7D4GYVSX7MBA.jpg 768w,https:\/\/www.infobae.com\/new-resizer\/zwZtfRIBB3edwApEEqgb0VGbdyA=\/992x558\/filters:format(webp):quality(85)\/cloudfront-us-east-1.images.arcpublishing.com\/infobae\/BRRWYWXPWRGL7E7D4GYVSX7MBA.jpg 992w,https:\/\/www.infobae.com\/new-resizer\/Zj6acFlua1yN4vFKpGeudVToi94=\/1200x675\/filters:format(webp):quality(85)\/cloudfront-us-east-1.images.arcpublishing.com\/infobae\/BRRWYWXPWRGL7E7D4GYVSX7MBA.jpg 1200w,https:\/\/www.infobae.com\/new-resizer\/7OXoP2wgpMGqSTbL-lbwGqfZQSE=\/1440x810\/filters:format(webp):quality(85)\/cloudfront-us-east-1.images.arcpublishing.com\/infobae\/BRRWYWXPWRGL7E7D4GYVSX7MBA.jpg 1440w\" alt=\"Un crimen argentino, otra de las pel\u00edculas nominadas \" width=\"1920\" height=\"1080\" \/><\/div>\n<p class=\"paragraph\" data-mrf-recirculation=\"Links inline\"><b>Todos los nominados:<\/b><\/p>\n<p class=\"paragraph\" data-mrf-recirculation=\"Links inline\"><b>&#8211; Pel\u00edcula de Ficci\u00f3n<\/b><\/p>\n<p class=\"paragraph\" data-mrf-recirculation=\"Links inline\"><i>Argentina, 1985<\/i>, de Santiago Mitre<\/p>\n<p class=\"paragraph\" data-mrf-recirculation=\"Links inline\"><i>El monte<\/i>, de Sebasti\u00e1n Caulier<\/p>\n<p class=\"paragraph\" data-mrf-recirculation=\"Links inline\"><i>El suplente<\/i>, de Diego Lerman<\/p>\n<p class=\"paragraph\" data-mrf-recirculation=\"Links inline\"><i>Jes\u00fas L\u00f3pez<\/i>, de Maximiliano Schonfeld<\/p>\n<p class=\"paragraph\" data-mrf-recirculation=\"Links inline\"><i>Sublime<\/i>, de Mariano Biasin<\/p>\n<p class=\"paragraph\" data-mrf-recirculation=\"Links inline\"><b>&#8211; Pel\u00edcula Documental<\/b><\/p>\n<p class=\"paragraph\" data-mrf-recirculation=\"Links inline\"><i>El coso<\/i>, de N\u00e9stor Frenkel<\/p>\n<p class=\"paragraph\" data-mrf-recirculation=\"Links inline\"><i>El fot\u00f3grafo y el cartero: El crimen de Cabezas<\/i>, de Alejandro Hartmann<\/p>\n<p class=\"paragraph\" data-mrf-recirculation=\"Links inline\"><i>El fulgor<\/i>, de Mart\u00edn Farina<\/p>\n<p class=\"paragraph\" data-mrf-recirculation=\"Links inline\"><i>Herbaria<\/i>, de Leandro Listorti<\/p>\n<p class=\"paragraph\" data-mrf-recirculation=\"Links inline\"><i>Mar\u00eda Luisa Bemberg: El eco de mi voz<\/i>, de Alejandro Maci<\/p>\n<p class=\"paragraph\" data-mrf-recirculation=\"Links inline\"><i>Telma, el cine y el soldado<\/i>, de Brenda Taubin<\/p>\n<p class=\"paragraph\" data-mrf-recirculation=\"Links inline\"><b>&#8211; \u00d3pera Prima<\/b><\/p>\n<p class=\"paragraph\" data-mrf-recirculation=\"Links inline\"><i>Bah\u00eda Blanca<\/i>, de Rodrigo Caprotti<\/p>\n<p class=\"paragraph\" data-mrf-recirculation=\"Links inline\"><i>Matar a la bestia<\/i>, de Agustina San Mart\u00edn<\/p>\n<p class=\"paragraph\" data-mrf-recirculation=\"Links inline\"><i>Sublime<\/i>, de Mariano Biasin<\/p>\n<p class=\"paragraph\" data-mrf-recirculation=\"Links inline\"><i>Telma, el cine y el soldado<\/i>, de Brenda Taubin<\/p>\n<p class=\"paragraph\" data-mrf-recirculation=\"Links inline\"><i>Un crimen argentino<\/i>, de Lucas Combina<\/p>\n<p class=\"paragraph\" data-mrf-recirculation=\"Links inline\"><i>Una escuela en Cerro Hueso<\/i>, de Betania Cappato<\/p>\n<p class=\"paragraph\" data-mrf-recirculation=\"Links inline\"><b>&#8211; Pel\u00edcula en Coproducci\u00f3n con Argentina<\/b><\/p>\n<p class=\"paragraph\" data-mrf-recirculation=\"Links inline\"><i>Azor<\/i>, de Andrea Fontana (Suiza)<\/p>\n<p class=\"paragraph\" data-mrf-recirculation=\"Links inline\"><i>Eami<\/i>, de Paz Encina (Paraguay)<\/p>\n<p class=\"paragraph\" data-mrf-recirculation=\"Links inline\"><i>El empleado y el patr\u00f3n<\/i>, de Manuel Nieto Zas (Uruguay)<\/p>\n<p class=\"paragraph\" data-mrf-recirculation=\"Links inline\"><i>La ca\u00edda<\/i>, de Luc\u00eda Puenzo (M\u00e9xico)<\/p>\n<p class=\"paragraph\" data-mrf-recirculation=\"Links inline\"><i>Peque\u00f1a flor<\/i>, de Santiago Mitre (Francia)<\/p>\n<p class=\"paragraph\" data-mrf-recirculation=\"Links inline\"><b>&#8211; Cortometraje de ficci\u00f3n o documental<\/b><\/p>\n<p class=\"paragraph\" data-mrf-recirculation=\"Links inline\"><i>Despu\u00e9s de Cat\u00e1n<\/i>, de V\u00edctor Cruz<\/p>\n<p class=\"paragraph\" data-mrf-recirculation=\"Links inline\"><i>El nacimiento de una mano,\u00a0<\/i>de Lucila Podest\u00e1<\/p>\n<p class=\"paragraph\" data-mrf-recirculation=\"Links inline\"><i>Ida<\/i>, de Ignacio Ragone<\/p>\n<p class=\"paragraph\" data-mrf-recirculation=\"Links inline\"><i>Las ara\u00f1as,<\/i>\u00a0de Sol Giancaspro<\/p>\n<p class=\"paragraph\" data-mrf-recirculation=\"Links inline\"><i>Tres cinematecas,<\/i>\u00a0de Nicol\u00e1s Su\u00e1rez<\/p>\n<p class=\"paragraph\" data-mrf-recirculation=\"Links inline\"><i>Una habitaci\u00f3n simple,<\/i>\u00a0de Nicol\u00e1s Dolensky<\/p>\n<p class=\"paragraph\" data-mrf-recirculation=\"Links inline\"><b>&#8211; Cortometraje de animaci\u00f3n<\/b><\/p>\n<p class=\"paragraph\" data-mrf-recirculation=\"Links inline\"><i>Carlos Monta\u00f1a<\/i>, de Ita Romero<\/p>\n<p class=\"paragraph\" data-mrf-recirculation=\"Links inline\"><i>Carne de Dios,<\/i>\u00a0de Patricio Plaza<\/p>\n<p class=\"paragraph\" data-mrf-recirculation=\"Links inline\"><i>El \u00e1rbol ya est\u00e1 plantado,<\/i>\u00a0de Irene Blei<\/p>\n<p class=\"paragraph\" data-mrf-recirculation=\"Links inline\"><i>La calesita,<\/i>\u00a0de Augusto Schillaci<\/p>\n<p class=\"paragraph\" data-mrf-recirculation=\"Links inline\"><i>Loop,<\/i>\u00a0de Pablo Polledri<\/p>\n<p class=\"paragraph\" data-mrf-recirculation=\"Links inline\"><i>Pasajero<\/i>, de Juan Pablo Zaramella<\/p>\n<p class=\"paragraph\" data-mrf-recirculation=\"Links inline\"><b>&#8211; Premio del P\u00fablico BA Audiovisual<\/b><\/p>\n<p class=\"paragraph\" data-mrf-recirculation=\"Links inline\"><i>Argentina, 1985<\/i>, de Santiago Mitre<\/p>\n<p class=\"paragraph\" data-mrf-recirculation=\"Links inline\"><i>El gerente,<\/i>\u00a0de Ariel Winograd<\/p>\n<p class=\"paragraph\" data-mrf-recirculation=\"Links inline\"><i>El suplente,<\/i>\u00a0de Diego Lerman<\/p>\n<p class=\"paragraph\" data-mrf-recirculation=\"Links inline\"><i>Jes\u00fas L\u00f3pez,<\/i>\u00a0de Maximiliano Schonfeld<\/p>\n<p class=\"paragraph\" data-mrf-recirculation=\"Links inline\"><i>Sublime,<\/i>\u00a0de Mariano Biasin<\/p>\n<p class=\"paragraph\" data-mrf-recirculation=\"Links inline\"><i>Un crimen argentino,<\/i>\u00a0de Lucas Combina<\/p>\n<div class=\"visual__image\"><img loading=\"lazy\" decoding=\"async\" class=\"\" src=\"https:\/\/cloudfront-us-east-1.images.arcpublishing.com\/infobae\/JF7PIPE2VFC55IGYBYFEL6SOJ4.jpeg\" sizes=\"auto, (min-width: 800px) 50vw, 90vw\" srcset=\"https:\/\/www.infobae.com\/new-resizer\/LwFYo7hEbXt8exsxRX7hzSkJpB8=\/420x236\/filters:format(webp):quality(85)\/cloudfront-us-east-1.images.arcpublishing.com\/infobae\/JF7PIPE2VFC55IGYBYFEL6SOJ4.jpeg 420w,https:\/\/www.infobae.com\/new-resizer\/ohreT6-eXCaDVh59UBFv0oFojZk=\/768x432\/filters:format(webp):quality(85)\/cloudfront-us-east-1.images.arcpublishing.com\/infobae\/JF7PIPE2VFC55IGYBYFEL6SOJ4.jpeg 768w,https:\/\/www.infobae.com\/new-resizer\/3acqQAOq5nnNhVdHmRkm2yXpa2g=\/992x558\/filters:format(webp):quality(85)\/cloudfront-us-east-1.images.arcpublishing.com\/infobae\/JF7PIPE2VFC55IGYBYFEL6SOJ4.jpeg 992w,https:\/\/www.infobae.com\/new-resizer\/eULgH2iBxUNeUmeyLBQRK3e8mdI=\/1200x675\/filters:format(webp):quality(85)\/cloudfront-us-east-1.images.arcpublishing.com\/infobae\/JF7PIPE2VFC55IGYBYFEL6SOJ4.jpeg 1200w,https:\/\/www.infobae.com\/new-resizer\/m1TpgNoGU7te3xHRVZpdKlzVx58=\/1440x810\/filters:format(webp):quality(85)\/cloudfront-us-east-1.images.arcpublishing.com\/infobae\/JF7PIPE2VFC55IGYBYFEL6SOJ4.jpeg 1440w\" alt=\"El Gerente, protagonizada por Leonardo Sbaraglia \" width=\"1280\" height=\"716\" \/><\/div>\n<p class=\"paragraph\" data-mrf-recirculation=\"Links inline\"><b>&#8211; Direcci\u00f3n<\/b><\/p>\n<p class=\"paragraph\" data-mrf-recirculation=\"Links inline\">Sebasti\u00e1n Caulier por\u00a0<i>El monte<\/i><\/p>\n<p class=\"paragraph\" data-mrf-recirculation=\"Links inline\">Diego Lerman por\u00a0<i>El suplente<\/i><\/p>\n<p class=\"paragraph\" data-mrf-recirculation=\"Links inline\">Leandro Listorti por\u00a0<i>Herbaria<\/i><\/p>\n<p class=\"paragraph\" data-mrf-recirculation=\"Links inline\">Santiago Mitre por\u00a0<i>Argentina, 1985<\/i><\/p>\n<p class=\"paragraph\" data-mrf-recirculation=\"Links inline\">Maximiliano Schonfeld por\u00a0<i>Jes\u00fas L\u00f3pez<\/i><\/p>\n<p class=\"paragraph\" data-mrf-recirculation=\"Links inline\">Ariel Winograd por\u00a0<i>El gerente<\/i><\/p>\n<p class=\"paragraph\" data-mrf-recirculation=\"Links inline\"><b>&#8211; Actriz Protag\u00f3nica<\/b><\/p>\n<p class=\"paragraph\" data-mrf-recirculation=\"Links inline\">Sof\u00eda Gala Castiglione por\u00a0<i>Cad\u00e1ver exquisito<\/i><\/p>\n<p class=\"paragraph\" data-mrf-recirculation=\"Links inline\">Pilar Gamboa por\u00a0<i>30 noches con mi ex<\/i><\/p>\n<p class=\"paragraph\" data-mrf-recirculation=\"Links inline\">Maril\u00fa Marini por\u00a0<i>Cuando la miro<\/i><\/p>\n<p class=\"paragraph\" data-mrf-recirculation=\"Links inline\">Mercedes Mor\u00e1n por\u00a0<i>Las Rojas<\/i><\/p>\n<p class=\"paragraph\" data-mrf-recirculation=\"Links inline\">Natalia Oreiro por\u00a0<i>Las Rojas<\/i><\/p>\n<p class=\"paragraph\" data-mrf-recirculation=\"Links inline\">Eleonora Wexler por\u00a0<i>Algo incorrecto<\/i><\/p>\n<p class=\"paragraph\" data-mrf-recirculation=\"Links inline\"><b>&#8211; Actor Protag\u00f3nico<\/b><\/p>\n<p class=\"paragraph\" data-mrf-recirculation=\"Links inline\">Ricardo Dar\u00edn por\u00a0<i>Argentina, 1985<\/i><\/p>\n<p class=\"paragraph\" data-mrf-recirculation=\"Links inline\">Gustavo Garz\u00f3n por\u00a0<i>El monte<\/i><\/p>\n<p class=\"paragraph\" data-mrf-recirculation=\"Links inline\">Peter Lanzani por\u00a0<i>Argentina, 1985<\/i><\/p>\n<p class=\"paragraph\" data-mrf-recirculation=\"Links inline\">Luis Mach\u00edn por\u00a0<i>Siete perros<\/i><\/p>\n<p class=\"paragraph\" data-mrf-recirculation=\"Links inline\">Juan Minuj\u00edn por\u00a0<i>El suplente<\/i><\/p>\n<p class=\"paragraph\" data-mrf-recirculation=\"Links inline\">Leonardo Sbaraglia por\u00a0<i>El gerente<\/i><\/p>\n<p class=\"paragraph\" data-mrf-recirculation=\"Links inline\"><b>&#8211; Actriz de Reparto<\/b><\/p>\n<p class=\"paragraph\" data-mrf-recirculation=\"Links inline\">Marina Bellati por\u00a0<i>El gerente<\/i><\/p>\n<p class=\"paragraph\" data-mrf-recirculation=\"Links inline\">Rita Cortese por\u00a0<i>Un crimen argentino<\/i><\/p>\n<p class=\"paragraph\" data-mrf-recirculation=\"Links inline\">Alejandra Flechner por\u00a0<i>Argentina, 1985<\/i><\/p>\n<p class=\"paragraph\" data-mrf-recirculation=\"Links inline\">Laura Paredes por\u00a0<i>Argentina, 1985<\/i><\/p>\n<p class=\"paragraph\" data-mrf-recirculation=\"Links inline\">Carla Peterson por<i>\u00a0El gerente<\/i><\/p>\n<p class=\"paragraph\" data-mrf-recirculation=\"Links inline\"><b>&#8211; Actor de Reparto<\/b><\/p>\n<p class=\"paragraph\" data-mrf-recirculation=\"Links inline\">Norman Briski por<i>\u00a0Argentina, 1985<\/i><\/p>\n<p class=\"paragraph\" data-mrf-recirculation=\"Links inline\">Alfredo Castro por<i>\u00a0El suplente<\/i><\/p>\n<p class=\"paragraph\" data-mrf-recirculation=\"Links inline\">Dar\u00edo Grandinetti por\u00a0<i>Un crimen argentino<\/i><\/p>\n<p class=\"paragraph\" data-mrf-recirculation=\"Links inline\">Carlos Portaluppi por\u00a0<i>Argentina, 1985<\/i><\/p>\n<p class=\"paragraph\" data-mrf-recirculation=\"Links inline\">Alan Sabbagh por\u00a0<i>El sistema K.E.O.P.S<\/i><\/p>\n<p class=\"paragraph\" data-mrf-recirculation=\"Links inline\">Diego Vel\u00e1zquez por\u00a0<i>Las Rojas<\/i><\/p>\n<p class=\"paragraph\" data-mrf-recirculation=\"Links inline\"><b>&#8211; Revelaci\u00f3n Femenina<\/b><\/p>\n<p class=\"paragraph\" data-mrf-recirculation=\"Links inline\">Nina Dziembrowski por\u00a0<i>Camila saldr\u00e1 esta noche<\/i><\/p>\n<p class=\"paragraph\" data-mrf-recirculation=\"Links inline\">Clara Kovacic por\u00a0<i>El desarmadero<\/i><\/p>\n<p class=\"paragraph\" data-mrf-recirculation=\"Links inline\">Renata Lerman por\u00a0<i>El suplente<\/i><\/p>\n<p class=\"paragraph\" data-mrf-recirculation=\"Links inline\">Charo L\u00f3pez por\u00a0<i>Hoy se arregla el mundo<\/i><\/p>\n<p class=\"paragraph\" data-mrf-recirculation=\"Links inline\">Gina Mastronicola por\u00a0<i>Argentina, 1985<\/i><\/p>\n<p class=\"paragraph\" data-mrf-recirculation=\"Links inline\"><b>&#8211; Revelaci\u00f3n Masculina<\/b><\/p>\n<p class=\"paragraph\" data-mrf-recirculation=\"Links inline\">Santiago Armas Estevarena por\u00a0<i>Argentina, 1985<\/i><\/p>\n<p class=\"paragraph\" data-mrf-recirculation=\"Links inline\">Lucas Arr\u00faa por\u00a0<i>El suplente<\/i><\/p>\n<p class=\"paragraph\" data-mrf-recirculation=\"Links inline\">Teo Inama Chiabrando por\u00a0<i>Sublime<\/i><\/p>\n<p class=\"paragraph\" data-mrf-recirculation=\"Links inline\">Mart\u00edn Miller por\u00a0<i>Sublime<\/i><\/p>\n<p class=\"paragraph\" data-mrf-recirculation=\"Links inline\">Braian Montiel por\u00a0<i>El suplente<\/i><\/p>\n<p class=\"paragraph\" data-mrf-recirculation=\"Links inline\">Joaqu\u00edn Spahn por\u00a0<i>Jes\u00fas L\u00f3pez<\/i><\/p>\n<p class=\"paragraph\" data-mrf-recirculation=\"Links inline\"><b>&#8211; Guion Original<\/b><\/p>\n<p class=\"paragraph\" data-mrf-recirculation=\"Links inline\">Mariano Biasin por\u00a0<i>Sublime<\/i><\/p>\n<p class=\"paragraph\" data-mrf-recirculation=\"Links inline\">Sebasti\u00e1n Caulier por\u00a0<i>El monte<\/i><\/p>\n<p class=\"paragraph\" data-mrf-recirculation=\"Links inline\">Luciana De Mello, Diego Lerman y Mar\u00eda Meira por\u00a0<i>El suplente<\/i><\/p>\n<p class=\"paragraph\" data-mrf-recirculation=\"Links inline\">Santiago Mitre y Mariano Llin\u00e1s por\u00a0<i>Argentina, 1985<\/i><\/p>\n<p class=\"paragraph\" data-mrf-recirculation=\"Links inline\">Agustina San Mart\u00edn por\u00a0<i>Matar a la bestia<\/i><\/p>\n<p class=\"paragraph\" data-mrf-recirculation=\"Links inline\">Maximiliano Schonfeld y Selva Almada por\u00a0<i>Jes\u00fas L\u00f3pez<\/i><\/p>\n<p class=\"paragraph\" data-mrf-recirculation=\"Links inline\"><b>&#8211; Guion Adaptado<\/b><\/p>\n<p class=\"paragraph\" data-mrf-recirculation=\"Links inline\">Nicol\u00e1s Allegro, B\u00e1rbara Scotto, Rodrigo Caprotti por\u00a0<i>Bah\u00eda Blanca<\/i>, basado en la novela hom\u00f3nima de Mart\u00edn Kohan<\/p>\n<p class=\"paragraph\" data-mrf-recirculation=\"Links inline\">Jorge Bechara, Mat\u00edas Bertilotti y Sebasti\u00e1n Pivotto por\u00a0<i>Un crimen argentino<\/i>, basado en la novela hom\u00f3nima de Reynaldo Sietecase<\/p>\n<p class=\"paragraph\" data-mrf-recirculation=\"Links inline\">Patricio Vega por\u00a0<i>El gerente<\/i>, basado en libro\u00a0<i>El gerente de Noblex,<\/i>\u00a0de Romina Zollo y Mar\u00eda Jos\u00e9 Acosta<\/p>\n<p class=\"paragraph\" data-mrf-recirculation=\"Links inline\"><b>&#8211; Direcci\u00f3n de Fotograf\u00eda<\/b><\/p>\n<p class=\"paragraph\" data-mrf-recirculation=\"Links inline\">Ramiro Civita por<i>\u00a0Las Rojas<\/i><\/p>\n<p class=\"paragraph\" data-mrf-recirculation=\"Links inline\">V\u00edctor Gonz\u00e1lez por\u00a0<i>Un crimen argentino<\/i><\/p>\n<p class=\"paragraph\" data-mrf-recirculation=\"Links inline\">Javier Juli\u00e1 por\u00a0<i>Argentina, 1985<\/i><\/p>\n<p class=\"paragraph\" data-mrf-recirculation=\"Links inline\">Federico Lastra por\u00a0<i>Jes\u00fas L\u00f3pez<\/i><\/p>\n<p class=\"paragraph\" data-mrf-recirculation=\"Links inline\">Wojciech Staron por\u00a0<i>El suplente<\/i><\/p>\n<p class=\"paragraph\" data-mrf-recirculation=\"Links inline\"><b>&#8211; Direcci\u00f3n de montaje<\/b><\/p>\n<p class=\"paragraph\" data-mrf-recirculation=\"Links inline\">Pablo Barbieri por\u00a0<i>El gerente<\/i><\/p>\n<p class=\"paragraph\" data-mrf-recirculation=\"Links inline\">Alejandro Brodersohn por\u00a0<i>El suplente<\/i><\/p>\n<p class=\"paragraph\" data-mrf-recirculation=\"Links inline\">Andr\u00e9s Pepe Estrada por\u00a0<i>Argentina, 1985<\/i><\/p>\n<p class=\"paragraph\" data-mrf-recirculation=\"Links inline\">Leandro Listorti por\u00a0<i>Herbaria<\/i><\/p>\n<p class=\"paragraph\" data-mrf-recirculation=\"Links inline\">Ana Rem\u00f3n por\u00a0<i>Jes\u00fas L\u00f3pez<\/i><\/p>\n<p class=\"paragraph\" data-mrf-recirculation=\"Links inline\"><b>&#8211; Direcci\u00f3n de casting<\/b><\/p>\n<p class=\"paragraph\" data-mrf-recirculation=\"Links inline\">Mar\u00eda Laura Berch por\u00a0<i>El suplente<\/i><\/p>\n<p class=\"paragraph\" data-mrf-recirculation=\"Links inline\">Mar\u00eda Laura Berch por\u00a0<i>Sublime<\/i><\/p>\n<p class=\"paragraph\" data-mrf-recirculation=\"Links inline\">Ver\u00f3nica Bruno y Florencia Limonoff por\u00a0<i>El gerente<\/i><\/p>\n<p class=\"paragraph\" data-mrf-recirculation=\"Links inline\">Mariana Mitre por\u00a0<i>Argentina, 1985<\/i><\/p>\n<p class=\"paragraph\" data-mrf-recirculation=\"Links inline\">Ver\u00f3nica Souto por\u00a0<i>Jes\u00fas L\u00f3pez<\/i><\/p>\n<p class=\"paragraph\" data-mrf-recirculation=\"Links inline\"><b>&#8211; Dise\u00f1o de sonido<\/b><\/p>\n<p class=\"paragraph\" data-mrf-recirculation=\"Links inline\">Lena Esquenazi por\u00a0<i>El suplente<\/i><\/p>\n<p class=\"paragraph\" data-mrf-recirculation=\"Links inline\">Santiago Fumagalli por\u00a0<i>Argentina, 1985<\/i><\/p>\n<p class=\"paragraph\" data-mrf-recirculation=\"Links inline\">Gaspar Scheuer por\u00a0<i>Sublime<\/i><\/p>\n<p class=\"paragraph\" data-mrf-recirculation=\"Links inline\">Javier Stavropulos por\u00a0<i>Un crimen argentino<\/i><\/p>\n<p class=\"paragraph\" data-mrf-recirculation=\"Links inline\">Sof\u00eda Straface por\u00a0<i>Jes\u00fas L\u00f3pez<\/i><\/p>\n<p class=\"paragraph\" data-mrf-recirculation=\"Links inline\"><b>&#8211; M\u00fasica Original<\/b><\/p>\n<p class=\"paragraph\" data-mrf-recirculation=\"Links inline\">Emilio Cervini por\u00a0<i>Sublime<\/i><\/p>\n<p class=\"paragraph\" data-mrf-recirculation=\"Links inline\">Lucio Godoy por\u00a0<i>El gerente<\/i><\/p>\n<p class=\"paragraph\" data-mrf-recirculation=\"Links inline\">Jackson Souvenirs por\u00a0<i>Jes\u00fas L\u00f3pez<\/i><\/p>\n<p class=\"paragraph\" data-mrf-recirculation=\"Links inline\">Pedro Osuna por\u00a0<i>Argentina, 1985<\/i><\/p>\n<p class=\"paragraph\" data-mrf-recirculation=\"Links inline\">Jos\u00e9 Villalobos por<i>\u00a0El suplente<\/i><\/p>\n<p class=\"paragraph\" data-mrf-recirculation=\"Links inline\"><b>&#8211; Canci\u00f3n Original<\/b><\/p>\n<p class=\"paragraph\" data-mrf-recirculation=\"Links inline\">\u201cAbuela\u201d de Cristian Arriaga para\u00a0<i>Abuelas, una pel\u00edcula sobre (y con) Abuelas de Plaza de Mayo<\/i><\/p>\n<p class=\"paragraph\" data-mrf-recirculation=\"Links inline\">\u201cYa n\u00f6 quiero\u201d de Fabiana Cantilo y Marisa Mere para\u00a0<i>Existir<\/i><\/p>\n<p class=\"paragraph\" data-mrf-recirculation=\"Links inline\">\u201cLuz\u201d de Emilio Cervini para\u00a0<i>Sublime<\/i><\/p>\n<p class=\"paragraph\" data-mrf-recirculation=\"Links inline\">\u201cX-puesta\u201d de Hilda Lizarazu y Federico Melioli para\u00a0<i>Expuesta<\/i><\/p>\n<p class=\"paragraph\" data-mrf-recirculation=\"Links inline\">\u201cUn instante irreversible\u201d de Elena Roger y Santiago Walsh para\u00a0<i>El para\u00edso<\/i><\/p>\n<p class=\"paragraph\" data-mrf-recirculation=\"Links inline\"><b>&#8211; Dise\u00f1o de Vestuario<\/b><\/p>\n<p class=\"paragraph\" data-mrf-recirculation=\"Links inline\">Connie Balduzzi y Laura Perales por\u00a0<i>Un crimen argentino<\/i><\/p>\n<p class=\"paragraph\" data-mrf-recirculation=\"Links inline\">Virna Cortinovis por\u00a0<i>El gerente<\/i><\/p>\n<p class=\"paragraph\" data-mrf-recirculation=\"Links inline\">Fabi\u00e1n Luca por\u00a0<i>Fanny Camina<\/i><\/p>\n<p class=\"paragraph\" data-mrf-recirculation=\"Links inline\">Mar\u00eda Teresa Riveras por\u00a0<i>Matadero<\/i><\/p>\n<p class=\"paragraph\" data-mrf-recirculation=\"Links inline\">M\u00f3nica Toschi por\u00a0<i>Argentina, 1985<\/i><\/p>\n<p class=\"paragraph\" data-mrf-recirculation=\"Links inline\"><b>&#8211; Direcci\u00f3n de Arte<\/b><\/p>\n<p class=\"paragraph\" data-mrf-recirculation=\"Links inline\">Alfredo Arias y Nicola Costantino por\u00a0<i>Fanny camina<\/i><\/p>\n<p class=\"paragraph\" data-mrf-recirculation=\"Links inline\">Marcelo Chaves por\u00a0<i>El suplente<\/i><\/p>\n<p class=\"paragraph\" data-mrf-recirculation=\"Links inline\">Romina del Prete por\u00a0<i>El gerente<\/i><\/p>\n<p class=\"paragraph\" data-mrf-recirculation=\"Links inline\">Catalina Oliva por\u00a0<i>Un crimen argentino<\/i><\/p>\n<p class=\"paragraph\" data-mrf-recirculation=\"Links inline\">Agust\u00edn Ravotti por\u00a0<i>Jes\u00fas L\u00f3pez<\/i><\/p>\n<p class=\"paragraph\" data-mrf-recirculation=\"Links inline\">Micaela Saiegh por\u00a0<i>Argentina, 1985<\/i><\/p>\n<p class=\"paragraph\" data-mrf-recirculation=\"Links inline\"><b>&#8211; Maquillaje y Peluquer\u00eda<\/b><\/p>\n<p class=\"paragraph\" data-mrf-recirculation=\"Links inline\">Melina Araya y Sebasti\u00e1n Molchasky por\u00a0<i>Sangre Vurdalak<\/i><\/p>\n<p class=\"paragraph\" data-mrf-recirculation=\"Links inline\">Dino Balanzino y Angela Garacija por\u00a0<i>Argentina, 1985<\/i><\/p>\n<p class=\"paragraph\" data-mrf-recirculation=\"Links inline\">Emmanuel Mi\u00f1o por\u00a0<i>El gerente<\/i><\/p>\n<p class=\"paragraph\" data-mrf-recirculation=\"Links inline\">Coni Pasqualicchio y Sebasti\u00e1n Correa por\u00a0<i>Fanny camina<\/i><\/p>\n<p class=\"paragraph\" data-mrf-recirculation=\"Links inline\">Magdalena Puibusqu\u00e9 por\u00a0<i>Un crimen argentino<\/i><\/p>\n","protected":false},"excerpt":{"rendered":"<p>La gala, que premia lo mejor del cine nacional, se llevar\u00e1 a cabo esta noche en el Centro Cultural 25 de mayo. Argentina, 1985 es la gran favorita Esta noche\u00a0se llevar\u00e1 a cabo la 71\u00aa entrega de los Premios C\u00f3ndor de Plata.\u00a0La gala, que premia lo mejor del cine nacional ya sea estrenado en cines [&hellip;]<\/p>\n","protected":false},"author":1,"featured_media":97897,"comment_status":"closed","ping_status":"closed","sticky":false,"template":"","format":"standard","meta":{"_seopress_robots_primary_cat":"","_seopress_titles_title":"","_seopress_titles_desc":"","_seopress_robots_index":"","footnotes":""},"categories":[3],"tags":[37045,37044],"class_list":{"0":"post-97896","1":"post","2":"type-post","3":"status-publish","4":"format-standard","5":"has-post-thumbnail","7":"category-cine-y-series","8":"tag-nominados-de-los-premios-condor-de-plata-2023","9":"tag-premios-condor-de-plata-2023"},"_links":{"self":[{"href":"https:\/\/www.cordobatimes.com\/showup\/wp-json\/wp\/v2\/posts\/97896","targetHints":{"allow":["GET"]}}],"collection":[{"href":"https:\/\/www.cordobatimes.com\/showup\/wp-json\/wp\/v2\/posts"}],"about":[{"href":"https:\/\/www.cordobatimes.com\/showup\/wp-json\/wp\/v2\/types\/post"}],"author":[{"embeddable":true,"href":"https:\/\/www.cordobatimes.com\/showup\/wp-json\/wp\/v2\/users\/1"}],"replies":[{"embeddable":true,"href":"https:\/\/www.cordobatimes.com\/showup\/wp-json\/wp\/v2\/comments?post=97896"}],"version-history":[{"count":0,"href":"https:\/\/www.cordobatimes.com\/showup\/wp-json\/wp\/v2\/posts\/97896\/revisions"}],"wp:featuredmedia":[{"embeddable":true,"href":"https:\/\/www.cordobatimes.com\/showup\/wp-json\/wp\/v2\/media\/97897"}],"wp:attachment":[{"href":"https:\/\/www.cordobatimes.com\/showup\/wp-json\/wp\/v2\/media?parent=97896"}],"wp:term":[{"taxonomy":"category","embeddable":true,"href":"https:\/\/www.cordobatimes.com\/showup\/wp-json\/wp\/v2\/categories?post=97896"},{"taxonomy":"post_tag","embeddable":true,"href":"https:\/\/www.cordobatimes.com\/showup\/wp-json\/wp\/v2\/tags?post=97896"}],"curies":[{"name":"wp","href":"https:\/\/api.w.org\/{rel}","templated":true}]}}