{"id":97883,"date":"2023-05-22T11:38:41","date_gmt":"2023-05-22T14:38:41","guid":{"rendered":"https:\/\/www.cordobatimes.com\/showup\/?p=97883"},"modified":"2023-05-22T11:38:41","modified_gmt":"2023-05-22T14:38:41","slug":"nacho-castanares-de-gran-hermano-compartio-un-emotivo-mensaje-a-un-ano-de-la-muerte-de-su-madre","status":"publish","type":"post","link":"https:\/\/www.cordobatimes.com\/showup\/influencers\/2023\/05\/22\/nacho-castanares-de-gran-hermano-compartio-un-emotivo-mensaje-a-un-ano-de-la-muerte-de-su-madre\/","title":{"rendered":"Nacho Casta\u00f1ares de Gran Hermano comparti\u00f3 un emotivo mensaje a un a\u00f1o de la muerte de su madre"},"content":{"rendered":"<h3><strong>El exparticipante del reality le dedic\u00f3 unas tiernas palabras a su mam\u00e1 Mariana cuando se cumpli\u00f3 un a\u00f1o de su fallecimiento y le agradeci\u00f3 a sus seguidores por el cari\u00f1o recibido.<\/strong><\/h3>\n<p class=\"paragraph\" data-mrf-recirculation=\"Links inline\"><b>Nacho Casta\u00f1ares\u00a0<\/b>record\u00f3 a su mam\u00e1 en las redes sociales a un a\u00f1o de su fallecimiento. El finalista de Gran Hermano 2022 comparti\u00f3 el posteo que hizo el a\u00f1o pasado con fotos vintage de \u00e9l y Mariana juntos y un emotivo mensaje para homenajearla. \u201cAdem\u00e1s de ser la persona m\u00e1s buena que jam\u00e1s conoc\u00ed, fuiste la persona que a mi me ense\u00f1\u00f3 todo y me acompa\u00f1\u00f3 en cada cosa que quise hacer, siempre con una sonrisa y con esa mirada que te caracterizaba\u201d, escribi\u00f3 el influencer en la publicaci\u00f3n que replic\u00f3 en sus historias de Instagram.<\/p>\n<p class=\"paragraph\" data-mrf-recirculation=\"Links inline\">Y luego expres\u00f3:<b>\u00a0\u201cSiempre vas a ser la mujer que m\u00e1s voy a ama<\/b>r y a la mujer a la cual le voy a dedicar todo lo bueno que me pase de ac\u00e1 en adelante, porque si no fuera por vos, yo no ser\u00eda como soy. Te amo para siempre M\u00e1, que descanses siempre\u201d.<\/p>\n<div class=\"inline ad-wrapper\">\n<div class=\"dfpAd ad-inline\">\n<div id=\"infobae\/teleshow\/nota\/inline\" class=\"infobae\/teleshow\/nota\/inline arcad\" data-google-query-id=\"CNWJl6mPif8CFWY0uQYdf_oBNA\">\n<div id=\"google_ads_iframe_\/1058609\/infobae\/teleshow\/nota\/inline_0__container__\"><iframe id=\"google_ads_iframe_\/1058609\/infobae\/teleshow\/nota\/inline_0\" tabindex=\"0\" title=\"3rd party ad content\" role=\"region\" name=\"google_ads_iframe_\/1058609\/infobae\/teleshow\/nota\/inline_0\" width=\"1\" height=\"1\" frameborder=\"0\" marginwidth=\"0\" marginheight=\"0\" scrolling=\"no\" aria-label=\"Advertisement\" data-load-complete=\"true\" data-google-container-id=\"5\" data-mce-fragment=\"1\"><\/iframe><\/div>\n<\/div>\n<\/div>\n<\/div>\n<p class=\"paragraph\" data-mrf-recirculation=\"Links inline\">Debido a los cientos de mensajes de apoyo que recibi\u00f3, Nacho le agradeci\u00f3 a sus seguidores por el cari\u00f1o. \u201cTe mando un abrazo inmenso y ella est\u00e1 orgullosa de vos eso seguro\u201d, escribi\u00f3 una usuaria, mientras que otra coment\u00f3: \u201cQue millones de mariposas te acompa\u00f1en siempre Nachito\u201d.<\/p>\n<div class=\"visual__image\"><img loading=\"lazy\" decoding=\"async\" class=\"\" src=\"https:\/\/cloudfront-us-east-1.images.arcpublishing.com\/infobae\/55FLG3ABVZG7BFDUMPX7XHQ6PI.jpg\" sizes=\"auto, (min-width: 800px) 50vw, 90vw\" srcset=\"https:\/\/www.infobae.com\/new-resizer\/Xl4puVI84--lIXSmVSTWZEgUMck=\/420x747\/filters:format(webp):quality(85)\/cloudfront-us-east-1.images.arcpublishing.com\/infobae\/55FLG3ABVZG7BFDUMPX7XHQ6PI.jpg 420w,https:\/\/www.infobae.com\/new-resizer\/Keq634gY7PiR-06_qhzAsmk04gc=\/768x1365\/filters:format(webp):quality(85)\/cloudfront-us-east-1.images.arcpublishing.com\/infobae\/55FLG3ABVZG7BFDUMPX7XHQ6PI.jpg 768w,https:\/\/www.infobae.com\/new-resizer\/gyRzeoA-t4KLqdyILUMxNc_g-oY=\/992x1764\/filters:format(webp):quality(85)\/cloudfront-us-east-1.images.arcpublishing.com\/infobae\/55FLG3ABVZG7BFDUMPX7XHQ6PI.jpg 992w,https:\/\/www.infobae.com\/new-resizer\/nq6vmDy3Y7r77yceevt64IBneO8=\/1200x2133\/filters:format(webp):quality(85)\/cloudfront-us-east-1.images.arcpublishing.com\/infobae\/55FLG3ABVZG7BFDUMPX7XHQ6PI.jpg 1200w\" alt=\"La publicaci\u00f3n de Nacho Casta\u00f1ares de Gran Hermano\" width=\"1920\" height=\"3331\" \/><\/div>\n<div><img alt=\"\" loading=\"lazy\" decoding=\"async\" class=\"alignnone wp-image-97885 size-full\" src=\"https:\/\/www.cordobatimes.com\/showup\/wp-content\/uploads\/2023\/05\/Pantallazo-22-05-2023-11.28.45.jpg\" alt=\"\" width=\"1401\" height=\"619\" srcset=\"https:\/\/www.cordobatimes.com\/showup\/wp-content\/uploads\/2023\/05\/Pantallazo-22-05-2023-11.28.45.jpg 1401w, https:\/\/www.cordobatimes.com\/showup\/wp-content\/uploads\/2023\/05\/Pantallazo-22-05-2023-11.28.45-750x331.jpg 750w, https:\/\/www.cordobatimes.com\/showup\/wp-content\/uploads\/2023\/05\/Pantallazo-22-05-2023-11.28.45-1024x452.jpg 1024w, https:\/\/www.cordobatimes.com\/showup\/wp-content\/uploads\/2023\/05\/Pantallazo-22-05-2023-11.28.45-760x336.jpg 760w, https:\/\/www.cordobatimes.com\/showup\/wp-content\/uploads\/2023\/05\/Pantallazo-22-05-2023-11.28.45-768x339.jpg 768w, https:\/\/www.cordobatimes.com\/showup\/wp-content\/uploads\/2023\/05\/Pantallazo-22-05-2023-11.28.45-696x308.jpg 696w, https:\/\/www.cordobatimes.com\/showup\/wp-content\/uploads\/2023\/05\/Pantallazo-22-05-2023-11.28.45-1068x472.jpg 1068w, https:\/\/www.cordobatimes.com\/showup\/wp-content\/uploads\/2023\/05\/Pantallazo-22-05-2023-11.28.45-951x420.jpg 951w\" sizes=\"auto, (max-width: 1401px) 100vw, 1401px\" \/><\/div>\n","protected":false},"excerpt":{"rendered":"<p>El exparticipante del reality le dedic\u00f3 unas tiernas palabras a su mam\u00e1 Mariana cuando se cumpli\u00f3 un a\u00f1o de su fallecimiento y le agradeci\u00f3 a sus seguidores por el cari\u00f1o recibido. Nacho Casta\u00f1ares\u00a0record\u00f3 a su mam\u00e1 en las redes sociales a un a\u00f1o de su fallecimiento. El finalista de Gran Hermano 2022 comparti\u00f3 el posteo [&hellip;]<\/p>\n","protected":false},"author":1,"featured_media":97884,"comment_status":"closed","ping_status":"closed","sticky":false,"template":"","format":"standard","meta":{"_seopress_robots_primary_cat":"","_seopress_titles_title":"","_seopress_titles_desc":"","_seopress_robots_index":"","footnotes":""},"categories":[23136],"tags":[37035,37034],"class_list":{"0":"post-97883","1":"post","2":"type-post","3":"status-publish","4":"format-standard","5":"has-post-thumbnail","7":"category-influencers","8":"tag-madre-de-nacho-castanares","9":"tag-nacho-castanares-de-gran-hermano"},"_links":{"self":[{"href":"https:\/\/www.cordobatimes.com\/showup\/wp-json\/wp\/v2\/posts\/97883","targetHints":{"allow":["GET"]}}],"collection":[{"href":"https:\/\/www.cordobatimes.com\/showup\/wp-json\/wp\/v2\/posts"}],"about":[{"href":"https:\/\/www.cordobatimes.com\/showup\/wp-json\/wp\/v2\/types\/post"}],"author":[{"embeddable":true,"href":"https:\/\/www.cordobatimes.com\/showup\/wp-json\/wp\/v2\/users\/1"}],"replies":[{"embeddable":true,"href":"https:\/\/www.cordobatimes.com\/showup\/wp-json\/wp\/v2\/comments?post=97883"}],"version-history":[{"count":0,"href":"https:\/\/www.cordobatimes.com\/showup\/wp-json\/wp\/v2\/posts\/97883\/revisions"}],"wp:featuredmedia":[{"embeddable":true,"href":"https:\/\/www.cordobatimes.com\/showup\/wp-json\/wp\/v2\/media\/97884"}],"wp:attachment":[{"href":"https:\/\/www.cordobatimes.com\/showup\/wp-json\/wp\/v2\/media?parent=97883"}],"wp:term":[{"taxonomy":"category","embeddable":true,"href":"https:\/\/www.cordobatimes.com\/showup\/wp-json\/wp\/v2\/categories?post=97883"},{"taxonomy":"post_tag","embeddable":true,"href":"https:\/\/www.cordobatimes.com\/showup\/wp-json\/wp\/v2\/tags?post=97883"}],"curies":[{"name":"wp","href":"https:\/\/api.w.org\/{rel}","templated":true}]}}