{"id":97874,"date":"2023-05-19T21:07:19","date_gmt":"2023-05-20T00:07:19","guid":{"rendered":"https:\/\/www.cordobatimes.com\/showup\/?p=97874"},"modified":"2023-05-19T21:07:19","modified_gmt":"2023-05-20T00:07:19","slug":"maria-becerra-presenta-te-cura-su-tema-parte-del-soundtrack-de-rapidos-y-furiosos-x","status":"publish","type":"post","link":"https:\/\/www.cordobatimes.com\/showup\/musica\/2023\/05\/19\/maria-becerra-presenta-te-cura-su-tema-parte-del-soundtrack-de-rapidos-y-furiosos-x\/","title":{"rendered":"Mar\u00eda Becerra presenta \u00abTe cura\u00bb, su tema parte del soundtrack de \u00abR\u00e1pidos y Furiosos X\u00bb"},"content":{"rendered":"<h3><strong>El tema, que lleg\u00f3 a plataformas digitales y cuyo clip desembarco\u00a0 este viernes en YouTube, le posibilit\u00f3 a la artista el encuentro con las estrellas de la saga.<\/strong><\/h3>\n<p>Mar\u00eda Becerra, una de las artistas argentinas de mayor proyecci\u00f3n internacional de los \u00faltimos a\u00f1os, presenta este viernes\u00a0<strong>\u00abTe cura\u00bb<\/strong>, parte del soundtrack de\u00a0<strong>\u00abR\u00e1pidos y furiosos X\u00bb<\/strong>, la d\u00e9cima entrega de la franquicia de acci\u00f3n protagonizada por Vin Diesel y Michelle Rodr\u00edguez, con quienes socializ\u00f3 en un encuentro promocional de la pel\u00edcula junto a colegas como J Balvin y la cantante brasile\u00f1a Ludmilla.<\/p>\n<p><iframe loading=\"lazy\" title=\"YouTube video player\" src=\"https:\/\/www.youtube.com\/embed\/4cXhWNHOC9w\" width=\"560\" height=\"315\" frameborder=\"0\" allowfullscreen=\"allowfullscreen\"><\/iframe><\/p>\n","protected":false},"excerpt":{"rendered":"<p>El tema, que lleg\u00f3 a plataformas digitales y cuyo clip desembarco\u00a0 este viernes en YouTube, le posibilit\u00f3 a la artista el encuentro con las estrellas de la saga. Mar\u00eda Becerra, una de las artistas argentinas de mayor proyecci\u00f3n internacional de los \u00faltimos a\u00f1os, presenta este viernes\u00a0\u00abTe cura\u00bb, parte del soundtrack de\u00a0\u00abR\u00e1pidos y furiosos X\u00bb, la [&hellip;]<\/p>\n","protected":false},"author":1,"featured_media":97875,"comment_status":"closed","ping_status":"closed","sticky":false,"template":"","format":"standard","meta":{"_seopress_robots_primary_cat":"","_seopress_titles_title":"","_seopress_titles_desc":"","_seopress_robots_index":"","footnotes":""},"categories":[5],"tags":[37027,37026,37025],"class_list":{"0":"post-97874","1":"post","2":"type-post","3":"status-publish","4":"format-standard","5":"has-post-thumbnail","7":"category-musica","8":"tag-maria-becerra-rapidos-y-furiosos-x","9":"tag-te-cura-maria-becerra","10":"tag-te-cura-rapidos-y-furiosos-x"},"_links":{"self":[{"href":"https:\/\/www.cordobatimes.com\/showup\/wp-json\/wp\/v2\/posts\/97874","targetHints":{"allow":["GET"]}}],"collection":[{"href":"https:\/\/www.cordobatimes.com\/showup\/wp-json\/wp\/v2\/posts"}],"about":[{"href":"https:\/\/www.cordobatimes.com\/showup\/wp-json\/wp\/v2\/types\/post"}],"author":[{"embeddable":true,"href":"https:\/\/www.cordobatimes.com\/showup\/wp-json\/wp\/v2\/users\/1"}],"replies":[{"embeddable":true,"href":"https:\/\/www.cordobatimes.com\/showup\/wp-json\/wp\/v2\/comments?post=97874"}],"version-history":[{"count":0,"href":"https:\/\/www.cordobatimes.com\/showup\/wp-json\/wp\/v2\/posts\/97874\/revisions"}],"wp:featuredmedia":[{"embeddable":true,"href":"https:\/\/www.cordobatimes.com\/showup\/wp-json\/wp\/v2\/media\/97875"}],"wp:attachment":[{"href":"https:\/\/www.cordobatimes.com\/showup\/wp-json\/wp\/v2\/media?parent=97874"}],"wp:term":[{"taxonomy":"category","embeddable":true,"href":"https:\/\/www.cordobatimes.com\/showup\/wp-json\/wp\/v2\/categories?post=97874"},{"taxonomy":"post_tag","embeddable":true,"href":"https:\/\/www.cordobatimes.com\/showup\/wp-json\/wp\/v2\/tags?post=97874"}],"curies":[{"name":"wp","href":"https:\/\/api.w.org\/{rel}","templated":true}]}}