{"id":97847,"date":"2023-05-13T19:28:50","date_gmt":"2023-05-13T22:28:50","guid":{"rendered":"https:\/\/www.cordobatimes.com\/showup\/?p=97847"},"modified":"2023-05-13T19:28:50","modified_gmt":"2023-05-13T22:28:50","slug":"confirman-la-secuela-de-un-viernes-de-locos-con-el-regreso-de-lindsay-lohan-y-jamie-lee-curtis","status":"publish","type":"post","link":"https:\/\/www.cordobatimes.com\/showup\/cine-y-series\/2023\/05\/13\/confirman-la-secuela-de-un-viernes-de-locos-con-el-regreso-de-lindsay-lohan-y-jamie-lee-curtis\/","title":{"rendered":"Confirman la secuela de Un viernes de locos con el regreso de Lindsay Lohan y Jamie Lee Curtis"},"content":{"rendered":"<h3><strong>La famosa pel\u00edcula de Disney estar\u00eda de regreso con una segunda parte.<\/strong><\/h3>\n<p>A 20 a\u00f1os del estreno de la famosa producci\u00f3n de Disney <b>Un viernes de locos<\/b>, se ha confirmado que la productora est\u00e1 en negociaciones para que ambas actrices,\u00a0<b>Lindsay Lohan<\/b><b>\u00a0y\u00a0<\/b><b>Jamie Lee Curtis<\/b>, vuelvan a interpretar los roles de madre e hija en una secuela de la historia. Adem\u00e1s, se ha revelado que el guion de esta nueva producci\u00f3n ya estar\u00eda en proceso de desarrollo.<\/p>\n<p>En la primera parte de la historia, que fue dirigida por Mark Waters, conocido por pel\u00edculas como\u00a0He\u2019s All That,\u00a0Las cr\u00f3nicas de Spiderwick\u00a0y\u00a0Chicas Pesadas, las actrices actuaron como madre e hija que\u00a0intercambian sus almas y despiertan con cuerpos intercambiados, todo esto un viernes y as\u00ed d\u00e1ndole sentido al t\u00edtulo.<\/p>\n<p>Con el pasar de los a\u00f1os, la pel\u00edcula se convirti\u00f3 en un \u00edcono de las producciones juveniles de principios de siglo, gracias a su sencillez y a las actuaciones de las protagonistas y marcando un importante momento en la carrera de Lindsay Lohan, al igual que lo fueron\u00a0Juego de gemelas\u00a0y\u00a0Chicas Pesadas.<\/p>\n<p>Por el momento, no se han revelado m\u00e1s noticias sobre la posible incorporaci\u00f3n de otros actores o actrices a la secuela, ni detalles sobre la trama. Sin embargo, el hecho de contar con las dos protagonistas originales asegura que la secuela estar\u00e1 llena de emoci\u00f3n y cari\u00f1o.<\/p>\n","protected":false},"excerpt":{"rendered":"<p>La famosa pel\u00edcula de Disney estar\u00eda de regreso con una segunda parte. A 20 a\u00f1os del estreno de la famosa producci\u00f3n de Disney Un viernes de locos, se ha confirmado que la productora est\u00e1 en negociaciones para que ambas actrices,\u00a0Lindsay Lohan\u00a0y\u00a0Jamie Lee Curtis, vuelvan a interpretar los roles de madre e hija en una secuela [&hellip;]<\/p>\n","protected":false},"author":1,"featured_media":97848,"comment_status":"closed","ping_status":"closed","sticky":false,"template":"","format":"standard","meta":{"_seopress_robots_primary_cat":"","_seopress_titles_title":"","_seopress_titles_desc":"","_seopress_robots_index":"","footnotes":""},"categories":[3],"tags":[21800,37009,21797],"class_list":{"0":"post-97847","1":"post","2":"type-post","3":"status-publish","4":"format-standard","5":"has-post-thumbnail","7":"category-cine-y-series","8":"tag-lindsay-lohan-y-jamie-lee-curtis","9":"tag-secuela-de-un-viernes-de-locos","10":"tag-un-viernes-de-locos-2"},"_links":{"self":[{"href":"https:\/\/www.cordobatimes.com\/showup\/wp-json\/wp\/v2\/posts\/97847","targetHints":{"allow":["GET"]}}],"collection":[{"href":"https:\/\/www.cordobatimes.com\/showup\/wp-json\/wp\/v2\/posts"}],"about":[{"href":"https:\/\/www.cordobatimes.com\/showup\/wp-json\/wp\/v2\/types\/post"}],"author":[{"embeddable":true,"href":"https:\/\/www.cordobatimes.com\/showup\/wp-json\/wp\/v2\/users\/1"}],"replies":[{"embeddable":true,"href":"https:\/\/www.cordobatimes.com\/showup\/wp-json\/wp\/v2\/comments?post=97847"}],"version-history":[{"count":0,"href":"https:\/\/www.cordobatimes.com\/showup\/wp-json\/wp\/v2\/posts\/97847\/revisions"}],"wp:featuredmedia":[{"embeddable":true,"href":"https:\/\/www.cordobatimes.com\/showup\/wp-json\/wp\/v2\/media\/97848"}],"wp:attachment":[{"href":"https:\/\/www.cordobatimes.com\/showup\/wp-json\/wp\/v2\/media?parent=97847"}],"wp:term":[{"taxonomy":"category","embeddable":true,"href":"https:\/\/www.cordobatimes.com\/showup\/wp-json\/wp\/v2\/categories?post=97847"},{"taxonomy":"post_tag","embeddable":true,"href":"https:\/\/www.cordobatimes.com\/showup\/wp-json\/wp\/v2\/tags?post=97847"}],"curies":[{"name":"wp","href":"https:\/\/api.w.org\/{rel}","templated":true}]}}