{"id":97844,"date":"2023-05-11T20:05:54","date_gmt":"2023-05-11T23:05:54","guid":{"rendered":"https:\/\/www.cordobatimes.com\/showup\/?p=97844"},"modified":"2023-05-11T20:05:54","modified_gmt":"2023-05-11T23:05:54","slug":"anunciaron-a-los-protagonistas-de-la-miniserie-sobre-la-vida-de-carlos-menem","status":"publish","type":"post","link":"https:\/\/www.cordobatimes.com\/showup\/cine-y-series\/2023\/05\/11\/anunciaron-a-los-protagonistas-de-la-miniserie-sobre-la-vida-de-carlos-menem\/","title":{"rendered":"Anunciaron a los protagonistas de la miniserie sobre la vida de Carlos Menem"},"content":{"rendered":"<h3><strong>S\u00edganme! es el t\u00edtulo del audiovisual que contar\u00e1 la vida del exmandatario. Estar\u00e1 centrado en sus a\u00f1os en la presidencia y reflejar\u00e1 cuestiones pol\u00edticas y personales.<\/strong><\/h3>\n<p>Cada vez son m\u00e1s las productoras que buscan adaptar a ficci\u00f3n las vidas reales de diferentes personalidades, ya sea artistas, pol\u00edticos o deportistas. En este caso todo sigue en pie para la creaci\u00f3n de\u00a0S\u00edganme!,\u00a0la serie que se est\u00e1 trabajando desde 2020 para Amazon Prime Video\u00a0y que contar\u00e1 la vida del expresidente de la Argentina\u00a0Carlos Menem.\u00a0Seg\u00fan trascendi\u00f3 tendr\u00e1 ocho episodios dirigidos por\u00a0Ariel Winograd\u00a0y de a poco empiezan a surgir m\u00e1s detalles de la producci\u00f3n.<\/p>\n<p>Lo primero que se confirm\u00f3 hace dos a\u00f1os es el t\u00edtulo, S\u00edganme!. que hace referencia a una de las frases que el exmandatario usaba en la campa\u00f1a presidencial de 1989 (\u201cS\u00edganme, que no los voy a defraudar\u201d) y que qued\u00f3 como su latiguillo, su marca registrada.<\/p>\n<p>Con respecto a los personajes, trascendi\u00f3 que Leonardo Sbaraglia ser\u00eda el encargado de representar al exmandatario. Leticia Siciliani har\u00eda de Zulema Yoma y Juan Minuj\u00edn tambi\u00e9n formar\u00eda parte del proyecto, seg\u00fan confirm\u00f3 este mi\u00e9rcoles la periodista de espect\u00e1culos Laura Ubfal en Intrusos.<\/p>\n<p>Cabe destacar que si bien estos nombres a\u00fan no son oficiales, la productora a cargo de este audiovisual Kapow y Mulata Films, estar\u00eda muy interesada en ellos para recrear la vida de cada uno de los protagonistas de esta historia. El objetivo es que la serie se estrene durante el primer semestre de 2024.<\/p>\n<p>El ex mandatario naci\u00f3 el 2 de julio de 1930, en Anillaco, La Rioja. Fue gobernador de su provincia en los per\u00edodos 1973-1976 y 1983-1989. Este a\u00f1o lleg\u00f3 a la presidencia de la Naci\u00f3n, cargo en el que estuvo durante diez a\u00f1os. M\u00e1s all\u00e1 de los hechos pol\u00edticos, durante este periodo convivi\u00f3 con la tragedia de la muerte de su hijo\u00a0Carlitos, quien cay\u00f3 de un helic\u00f3ptero en 1995. La producci\u00f3n enfocar\u00eda el relato de la historia espec\u00edficamente durante sus a\u00f1os c\u00f3mo presidente.<\/p>\n<p>Carlos Menem estuvo al tanto de esta realizaci\u00f3n y la aprob\u00f3 antes de fallecer, ya que las tratativas iniciaron en 2020, de la mano del productor\u00a0Mariano Varela.\u00a0Luego fue su hija Zulemita quien como familiar directo comenz\u00f3 a tomar decisiones sobre esta serie algo que ahora habr\u00eda generado conflictos familiares seg\u00fan contaron en\u00a0Intrusos.<\/p>\n<p>\u201cLa serie cuenta con el cr\u00e9dito de Zulema Yoma y de Zulemita Menem, quienes firmaron por los derechos de imagen para la realizaci\u00f3n.\u00a0Carlos\u00a0Nair\u00a0-hijo de Menem con\u00a0Martha Meza-,\u00a0M\u00e1ximo\u00a0-hijo de Menem y\u00a0Cecilia Bolocco- y\u00a0Antonella\u00a0-hija de\u00a0Carlitos\u00a0Jr y Amalia Pinetta.- quedar\u00edan excluidos de las regal\u00edas de la ficci\u00f3n. Adem\u00e1s, Zulemita no le habr\u00eda consultado a ninguno de ellos sobre el proyecto\u201d, explic\u00f3 Laura en el programa de Am\u00e9rica.<\/p>\n<p>\u201cMe cuentan que est\u00e1 la posibilidad de hacer una segunda y una tercera temporada\u201d, coment\u00f3 Guido Z\u00e1ffora tambi\u00e9n panelista del ciclo tras escuchar a su compa\u00f1era y sigui\u00f3: \u201cHay que ver c\u00f3mo funciona la primera temporada pero la idea es que siguiera con las historias de\u00a0Carlitos Nair, M\u00e1ximo y Antonella\u201d.<\/p>\n<p>Para conocer m\u00e1s la interna familiar, desde el programa hicieron un m\u00f3vil con Antonella, la primera nieta de Carlos Sa\u00fal Menem. \u201cLo que me molesta es que me dejan de lado en todo lo que se trata de la exposici\u00f3n de mi abuelo, de mi pap\u00e1. Porque hay series de mi pap\u00e1 que se est\u00e1n haciendo que no me pidieron autorizaci\u00f3n a m\u00ed\u201d, comenz\u00f3 diciendo la joven y agreg\u00f3: \u201cS\u00e9 que est\u00e1n haciendo una serie sobre mi abuelo en la que no me pidieron autorizaci\u00f3n a m\u00ed, ni a Carlitos ni a M\u00e1ximo, que obviamente nosotros tenemos que autorizar para que salga y, sin embargo, la est\u00e1n haciendo sin autorizaci\u00f3n\u201d.<\/p>\n","protected":false},"excerpt":{"rendered":"<p>S\u00edganme! es el t\u00edtulo del audiovisual que contar\u00e1 la vida del exmandatario. Estar\u00e1 centrado en sus a\u00f1os en la presidencia y reflejar\u00e1 cuestiones pol\u00edticas y personales. Cada vez son m\u00e1s las productoras que buscan adaptar a ficci\u00f3n las vidas reales de diferentes personalidades, ya sea artistas, pol\u00edticos o deportistas. En este caso todo sigue en [&hellip;]<\/p>\n","protected":false},"author":1,"featured_media":97845,"comment_status":"closed","ping_status":"closed","sticky":false,"template":"","format":"standard","meta":{"_seopress_robots_primary_cat":"","_seopress_titles_title":"","_seopress_titles_desc":"","_seopress_robots_index":"","footnotes":""},"categories":[3],"tags":[37008,37007],"class_list":{"0":"post-97844","1":"post","2":"type-post","3":"status-publish","4":"format-standard","5":"has-post-thumbnail","7":"category-cine-y-series","8":"tag-miniserie-sobre-la-vida-de-carlos-menem","9":"tag-protagonistas-de-la-miniserie-sobre-la-vida-de-carlos-menem"},"_links":{"self":[{"href":"https:\/\/www.cordobatimes.com\/showup\/wp-json\/wp\/v2\/posts\/97844","targetHints":{"allow":["GET"]}}],"collection":[{"href":"https:\/\/www.cordobatimes.com\/showup\/wp-json\/wp\/v2\/posts"}],"about":[{"href":"https:\/\/www.cordobatimes.com\/showup\/wp-json\/wp\/v2\/types\/post"}],"author":[{"embeddable":true,"href":"https:\/\/www.cordobatimes.com\/showup\/wp-json\/wp\/v2\/users\/1"}],"replies":[{"embeddable":true,"href":"https:\/\/www.cordobatimes.com\/showup\/wp-json\/wp\/v2\/comments?post=97844"}],"version-history":[{"count":0,"href":"https:\/\/www.cordobatimes.com\/showup\/wp-json\/wp\/v2\/posts\/97844\/revisions"}],"wp:featuredmedia":[{"embeddable":true,"href":"https:\/\/www.cordobatimes.com\/showup\/wp-json\/wp\/v2\/media\/97845"}],"wp:attachment":[{"href":"https:\/\/www.cordobatimes.com\/showup\/wp-json\/wp\/v2\/media?parent=97844"}],"wp:term":[{"taxonomy":"category","embeddable":true,"href":"https:\/\/www.cordobatimes.com\/showup\/wp-json\/wp\/v2\/categories?post=97844"},{"taxonomy":"post_tag","embeddable":true,"href":"https:\/\/www.cordobatimes.com\/showup\/wp-json\/wp\/v2\/tags?post=97844"}],"curies":[{"name":"wp","href":"https:\/\/api.w.org\/{rel}","templated":true}]}}