{"id":97821,"date":"2023-05-08T19:36:13","date_gmt":"2023-05-08T22:36:13","guid":{"rendered":"https:\/\/www.cordobatimes.com\/showup\/?p=97821"},"modified":"2023-05-08T19:36:13","modified_gmt":"2023-05-08T22:36:13","slug":"jey-mammonlas-personas-que-hayan-mentido-tienen-que-responder","status":"publish","type":"post","link":"https:\/\/www.cordobatimes.com\/showup\/tv\/2023\/05\/08\/jey-mammonlas-personas-que-hayan-mentido-tienen-que-responder\/","title":{"rendered":"Jey Mammon:\u201cLas personas que hayan mentido tienen que responder\u201d"},"content":{"rendered":"<h3><strong>El conductor acusado de supuesto abuso sexual por Lucas Benvenuto en una causa que prescribi\u00f3, enfrent\u00f3 las c\u00e1maras de A la Tarde y anunci\u00f3 que ir\u00e1 a la Justicia.<\/strong><\/h3>\n<p>Desde que a mediados de marzo de este a\u00f1o sali\u00f3 a la luz la denuncia por supuesto abuso sexual que\u00a0Lucas Benvenuto\u00a0present\u00f3 contra\u00a0Jey Mamm\u00f3n\u00a0en diciembre del 2020, todo se derrumb\u00f3 para el conductor. La causa, en la que el joven aseguraba que el conductor de\u00a0La Pe\u00f1a de Morfi\u00a0se hab\u00eda aprovechado de sus situaci\u00f3n de vulnerabilidad cuando \u00e9l ten\u00eda apenas 14 a\u00f1os de edad, fue declarada prescripta por la Justicia. Sin embargo, el denunciante decidi\u00f3 darla a conocer en\u00a0A La Tarde, el programa que conduce\u00a0Karina Mazzocco\u00a0por Am\u00e9rica. Y, a partir de ese momento, Telefe tom\u00f3 la determinaci\u00f3n de correr al artista del programa musical creado por\u00a0Gerardo Rozin, d\u00f3nde fue reemplazado provisoriamente por\u00a0Georgina Barbarossa.<\/p>\n<p>As\u00ed las cosas, despu\u00e9s de varios d\u00edas de hermetismo, Jey dio algunas entrevistas puntuales para defenderse de la grave acusaci\u00f3n que pesaban en su contra y, despu\u00e9s, decidi\u00f3 hacer un viaje a Espa\u00f1a para tomar distancia del esc\u00e1ndalo. Pero, a su vuelta, dio a entender que podr\u00eda iniciar acciones legales contra Benvenuto por lo que considera una \u201cfalsa denuncia\u201d. Y, d\u00edas atr\u00e1s, su abogado\u00a0Fernando Burlando\u00a0asegur\u00f3 que tambi\u00e9n accionar\u00eda contra el canal que lo tiene contratado y que lo \u201ccancel\u00f3\u201d sin ninguna condena y contra los medios que lo difamaron, aunque seg\u00fan explic\u00f3 lo har\u00eda con el patrocinio de otro letrado.<\/p>\n<p>En ese contexto,\u00a0Mat\u00edas V\u00e1zquez\u00a0fue en busca de la palabra del conductor, a quien encontr\u00f3 cuando se dispon\u00eda a realizar una caminata por la zona de Palermo. \u201cHace rato que hago vida normal. No hay un nuevo Jey Mammon, soy el mismo de siempre\u201d, fue lo primero que dijo el m\u00fasico y humorista al ver al cronista. Y asegur\u00f3 estar con ganas de volver a la pantalla chica. \u201cSeguramente que vamos a volver. No s\u00e9 adonde, pero vamos a volver a la tele\u201d, se\u00f1al\u00f3.<\/p>\n<p>\u00bfSi estaba m\u00e1s s\u00f3lido que en \u00faltimas apariciones? \u201cSigo igual que siempre, sigo pensando lo mismo de siempre. No s\u00e9 cu\u00e1l es el cambio que se ve. Primero fue como una patada en la cabeza, te ten\u00e9s que levantar, eso puede ser lo que se vea. Pero sigo siendo el mismo porque los no hechos siguen siendo los no hechos, as\u00ed que no cambia nada\u201d, asegur\u00f3.<\/p>\n<p>Y luego agreg\u00f3: \u201cUno por ah\u00ed se siente m\u00e1s s\u00f3lido porque est\u00e1 de pie, nada m\u00e1s. Pero sigo siendo el mismo y las circunstancias siguen siendo las mismas\u201d. \u00bfSi sent\u00eda que muchas personas del medio lo hab\u00edan traicionado? \u201cNo tengo ganas de hablar pr\u00e1cticamente de nada. No soy muy de anticipar lo que va a pasar tampoco. No me gusta hacer shows, nunca me gust\u00f3 hacer circo\u201d, dijo.<\/p>\n<p>Espec\u00edficamente sobre las acciones legales que iniciar\u00e1, Mamm\u00f3n explic\u00f3: \u201cNunca me gust\u00f3 hacer circo de nada, entonces de las cosas serias menos. Tampoco me gusta anticipar lo que va a pasar, as\u00ed que bueno, cuando suceda lo que tenga que suceder me sentar\u00e9 a hablar de lo que est\u00e1 sucediendo. No me gusta decir: \u2018Va a pasar esto\u2019. Cuando pase, se enterar\u00e1n. Mientras tanto pueden hablar con los abogados y ellos le van a contar lo que sucede\u201d.<\/p>\n<p>No obstante, Jey dej\u00f3 en claro que va a demandar a Lucas y a algunos periodistas. \u201cTodas las personas que hayan mentido y se hayan subido o se hayan hecho due\u00f1as de una mentira, tienen que responder frente a esta mentira.\u00a0Esa solidez es porque yo me siento seguro. Pasa que cuando recib\u00eds el chutazo o el bombazo es muy dif\u00edcil, es muy duro. Sobre todo cuando se suben a esa mentira, entonces te sent\u00eds avasallado. Hay gente que se dedica a eso, que no soy yo, que est\u00e1n trabajando sobre eso y a ellos tienen que ir a preguntarles\u201d, asever\u00f3.<\/p>\n<p>Y sigui\u00f3: \u201cYo me dedico a vivir la vida como siempre, estoy en la vida, salgo a la vida, no estoy ni recluido ni escondido. Ni cuando me fui a Espa\u00f1a que dec\u00edan: \u201cHuy\u00f3 del pa\u00eds, escap\u00f3\u201d. Me fui de vacaciones y siempre sostuve lo que hice. Y siempre dije lo mismo. Cada uno que haga la lectura que le parezca de los hechos e, incluso, de los no hechos. Pero despu\u00e9s viene la parte judicial. Hay cosas que se dirimen en espacios que est\u00e1n hechos para eso. Esto se dirime en la Justicia\u201d.<\/p>\n<p>Finalmente, Mamm\u00f3n neg\u00f3 que haya un hostigamiento contra su persona por parte de la gente y, muy por el contrario, agradeci\u00f3 los mensajes de apoyo que le llegan a sus redes sociales. Luego concluy\u00f3: \u201cYo me dedico a hacer canciones, humor y a ser un artista. Entonces, en definitiva, todo lo que tenga que ver con lo legal h\u00e1blenlo con los abogados. Estamos frente a una falsa denuncia. Y quienes hayan mentido o se hayan subido a la mentira y se hayan hecho eco de la mentira y se hayan hecho due\u00f1os tambi\u00e9n de esa mentira, tendr\u00e1n que responder en el \u00e1mbito que corresponde y que no es la televisi\u00f3n, es la Justicia\u201d.<\/p>\n<p><iframe loading=\"lazy\" width=\"560\" height=\"315\" src=\"https:\/\/www.youtube.com\/embed\/3XrgDliFYx4\" title=\"YouTube video player\" frameborder=\"0\" allow=\"accelerometer; autoplay; clipboard-write; encrypted-media; gyroscope; picture-in-picture; web-share\" allowfullscreen><\/iframe><\/p>\n","protected":false},"excerpt":{"rendered":"<p>El conductor acusado de supuesto abuso sexual por Lucas Benvenuto en una causa que prescribi\u00f3, enfrent\u00f3 las c\u00e1maras de A la Tarde y anunci\u00f3 que ir\u00e1 a la Justicia. Desde que a mediados de marzo de este a\u00f1o sali\u00f3 a la luz la denuncia por supuesto abuso sexual que\u00a0Lucas Benvenuto\u00a0present\u00f3 contra\u00a0Jey Mamm\u00f3n\u00a0en diciembre del 2020, [&hellip;]<\/p>\n","protected":false},"author":1,"featured_media":97822,"comment_status":"closed","ping_status":"closed","sticky":false,"template":"","format":"standard","meta":{"_seopress_robots_primary_cat":"","_seopress_titles_title":"","_seopress_titles_desc":"","_seopress_robots_index":"","footnotes":""},"categories":[2],"tags":[36643,36641],"class_list":{"0":"post-97821","1":"post","2":"type-post","3":"status-publish","4":"format-standard","5":"has-post-thumbnail","7":"category-tv","8":"tag-caso-jey-mammon","9":"tag-jey-mammon-lucas-benvenutto"},"_links":{"self":[{"href":"https:\/\/www.cordobatimes.com\/showup\/wp-json\/wp\/v2\/posts\/97821","targetHints":{"allow":["GET"]}}],"collection":[{"href":"https:\/\/www.cordobatimes.com\/showup\/wp-json\/wp\/v2\/posts"}],"about":[{"href":"https:\/\/www.cordobatimes.com\/showup\/wp-json\/wp\/v2\/types\/post"}],"author":[{"embeddable":true,"href":"https:\/\/www.cordobatimes.com\/showup\/wp-json\/wp\/v2\/users\/1"}],"replies":[{"embeddable":true,"href":"https:\/\/www.cordobatimes.com\/showup\/wp-json\/wp\/v2\/comments?post=97821"}],"version-history":[{"count":0,"href":"https:\/\/www.cordobatimes.com\/showup\/wp-json\/wp\/v2\/posts\/97821\/revisions"}],"wp:featuredmedia":[{"embeddable":true,"href":"https:\/\/www.cordobatimes.com\/showup\/wp-json\/wp\/v2\/media\/97822"}],"wp:attachment":[{"href":"https:\/\/www.cordobatimes.com\/showup\/wp-json\/wp\/v2\/media?parent=97821"}],"wp:term":[{"taxonomy":"category","embeddable":true,"href":"https:\/\/www.cordobatimes.com\/showup\/wp-json\/wp\/v2\/categories?post=97821"},{"taxonomy":"post_tag","embeddable":true,"href":"https:\/\/www.cordobatimes.com\/showup\/wp-json\/wp\/v2\/tags?post=97821"}],"curies":[{"name":"wp","href":"https:\/\/api.w.org\/{rel}","templated":true}]}}