{"id":97818,"date":"2023-05-08T19:14:53","date_gmt":"2023-05-08T22:14:53","guid":{"rendered":"https:\/\/www.cordobatimes.com\/showup\/?p=97818"},"modified":"2023-05-08T19:14:53","modified_gmt":"2023-05-08T22:14:53","slug":"fear-the-walking-dead-se-acerca-el-final-del-exitoso-spin-off","status":"publish","type":"post","link":"https:\/\/www.cordobatimes.com\/showup\/cine-y-series\/2023\/05\/08\/fear-the-walking-dead-se-acerca-el-final-del-exitoso-spin-off\/","title":{"rendered":"\u201cFear the Walking Dead\u201d: se acerca el final del exitoso spin-off"},"content":{"rendered":"<h3><strong>El lunes 15 de mayo, se estrenan los primeros episodios de la octava y \u00faltima temporada de la serie precuela.<\/strong><\/h3>\n<p>Los fan\u00e1ticos de\u00a0Fear The Walking Dead\u00a0comenzar\u00e1n a despedirse de a poco a partir del lunes pr\u00f3ximo, cuando inicie la emisi\u00f3n de los cap\u00edtulos finales.\u00a0Esta \u00faltima entrega contar\u00e1 con 12 nuevos episodios, que se dividir\u00e1n en dos entregas durante el a\u00f1o. De esta manera, se ver\u00e1n los primeros seis cap\u00edtulos a partir del 15 de mayo y, luego, se anunciar\u00e1 la fecha de estreno de los restantes, que se estrenar\u00e1n en los finales de este a\u00f1o.<\/p>\n<p class=\"paragraph\" data-mrf-recirculation=\"Links inline\">La octava temporada comenzar\u00e1 siete a\u00f1os despu\u00e9s del final de la temporada siete, donde los planes de Morgan (Lennie James) y Madison (<b>Kim Dickens<\/b>) para rescatar a Mo (Zoey Merchant) de \u201cPadre\u201d no salieron seg\u00fan lo planeado. \u201cAhora, Morgan, Madison y el resto de las personas que trajeron a la isla viven bajo el gobierno c\u00ednico de PADRE. Con los personajes desmoralizados y abatidos, el objetivo de reavivar la creencia de todos en un mundo mejor recae en Mo, la persona que Morgan y Madison se propusieron rescatar en primer lugar y que ahora tiene ocho a\u00f1os\u201d, as\u00ed adelanta la sinopsis.<\/p>\n<div class=\"visual__image\"><img loading=\"lazy\" decoding=\"async\" class=\"\" src=\"https:\/\/cloudfront-us-east-1.images.arcpublishing.com\/infobae\/MUADFCH3JBATFC626OTJJRIIV4.jpg\" sizes=\"auto, (min-width: 800px) 50vw, 90vw\" srcset=\"https:\/\/www.infobae.com\/new-resizer\/UWfjOWDSqSrBdS05AWevMhX8tn8=\/420x280\/filters:format(webp):quality(85)\/cloudfront-us-east-1.images.arcpublishing.com\/infobae\/MUADFCH3JBATFC626OTJJRIIV4.jpg 420w,https:\/\/www.infobae.com\/new-resizer\/eJa2k6Kwz0D-WZUCeiRp2_n7F9c=\/768x512\/filters:format(webp):quality(85)\/cloudfront-us-east-1.images.arcpublishing.com\/infobae\/MUADFCH3JBATFC626OTJJRIIV4.jpg 768w,https:\/\/www.infobae.com\/new-resizer\/2TuuaZXebQ5mDyvXPIBv-YvidbA=\/992x661\/filters:format(webp):quality(85)\/cloudfront-us-east-1.images.arcpublishing.com\/infobae\/MUADFCH3JBATFC626OTJJRIIV4.jpg 992w,https:\/\/www.infobae.com\/new-resizer\/6A42zC43Kf2Id_-KGFhJ7YD22Oo=\/1200x800\/filters:format(webp):quality(85)\/cloudfront-us-east-1.images.arcpublishing.com\/infobae\/MUADFCH3JBATFC626OTJJRIIV4.jpg 1200w,https:\/\/www.infobae.com\/new-resizer\/ntiC0BegaG3u4t4VreNAKJ8dXUY=\/1440x960\/filters:format(webp):quality(85)\/cloudfront-us-east-1.images.arcpublishing.com\/infobae\/MUADFCH3JBATFC626OTJJRIIV4.jpg 1440w\" alt=\"Lennie James regresa en la octava de &quot;Fear de The Walking Dead&quot; y se despide definitivamente. (AMC)\" width=\"1920\" height=\"1280\" \/><\/div>\n<div class=\"inline ad-wrapper\">\n<div class=\"dfpAd ad-inline\">Por lo tanto, deber\u00e1 otorgar una explicaci\u00f3n l\u00f3gica acerca de c\u00f3mo sobrevivi\u00f3 Madison en un estadio lleno de zombis en la temporada 4 (a pesar de que este personaje ya reapareci\u00f3 en la s\u00e9ptima entrega). Para tranquilidad de sus seguidores, el universo de <i><b>The Walking Dead<\/b><\/i>\u00a0(serie que finaliz\u00f3 en 2022), tiene mucha tela para cortar ya que se fueron anunciando varios spin-off que se ver\u00e1n pr\u00f3ximamente.<\/div>\n<\/div>\n<div class=\"d23-recommended-card__info\"><span class=\"d23-recommended-card__info-interest-you\">Te puede interesar:<\/span><span class=\"d23-recommended-card__info-title\">Prime Video anuncia la fecha de estreno de \u201cBarrabrava\u201d, la esperada serie argentina<\/span><\/p>\n<div class=\"d23-recommended-card__info-button d23-recommended-card__info-button--teleshow\"><\/div>\n<\/div>\n<p class=\"paragraph\" data-mrf-recirculation=\"Links inline\"><i><b>The Walking Dead: Dead City,<\/b><\/i>\u00a0ser\u00eda, en principio, el primero en ver la luz. Esta historia estar\u00e1 ambientada en Nueva York y contar\u00e1 en su elenco principal con los personajes Negan (<b>Jeffrey Dean Morgan<\/b>) y Maggie (<b>Lauren Cohan<\/b>). Se lanzar\u00e1 en el mes de junio. Pero tambi\u00e9n est\u00e1 en pleno desarrollo dos ficciones derivadas. Una es sobre Daryl (<b>Norman Reedus<\/b>) en Par\u00eds, que llevar\u00e1 el t\u00edtulo de\u00a0<i><b>The Walking Dead: Daryl Dixon.<\/b><\/i><\/p>\n<div class=\"visual__image\"><img loading=\"lazy\" decoding=\"async\" class=\"\" src=\"https:\/\/cloudfront-us-east-1.images.arcpublishing.com\/infobae\/6X6HLMA6BRH7REOEV75R6KF3AM.jpg\" sizes=\"auto, (min-width: 800px) 50vw, 90vw\" srcset=\"https:\/\/www.infobae.com\/new-resizer\/XCRp-gUQ__WLBJNSJn6yIx5k--U=\/420x280\/filters:format(webp):quality(85)\/cloudfront-us-east-1.images.arcpublishing.com\/infobae\/6X6HLMA6BRH7REOEV75R6KF3AM.jpg 420w,https:\/\/www.infobae.com\/new-resizer\/v1KUnYvciorP6BWjVNR1do_IaTU=\/768x512\/filters:format(webp):quality(85)\/cloudfront-us-east-1.images.arcpublishing.com\/infobae\/6X6HLMA6BRH7REOEV75R6KF3AM.jpg 768w,https:\/\/www.infobae.com\/new-resizer\/fEMQjFvYwivjAqG8OPsBqi9YeQU=\/992x661\/filters:format(webp):quality(85)\/cloudfront-us-east-1.images.arcpublishing.com\/infobae\/6X6HLMA6BRH7REOEV75R6KF3AM.jpg 992w,https:\/\/www.infobae.com\/new-resizer\/G8E1yjx6i26koTIT_bJRNwpBHX8=\/1200x800\/filters:format(webp):quality(85)\/cloudfront-us-east-1.images.arcpublishing.com\/infobae\/6X6HLMA6BRH7REOEV75R6KF3AM.jpg 1200w,https:\/\/www.infobae.com\/new-resizer\/xyQQD8cgf0edceGJZYzPt8C6hgE=\/1440x960\/filters:format(webp):quality(85)\/cloudfront-us-east-1.images.arcpublishing.com\/infobae\/6X6HLMA6BRH7REOEV75R6KF3AM.jpg 1440w\" alt=\"Kim Dickens en la piel de Madison, personaje que apareci\u00f3 entre las temporadas uno y cuatro, pero volvi\u00f3 en la s\u00e9ptima entrega. (AMC)\" width=\"1920\" height=\"1280\" \/><\/div>\n<p class=\"paragraph\" data-mrf-recirculation=\"Links inline\">\u201cDaryl llega a la costa de Francia y lucha por reconstruir el c\u00f3mo lleg\u00f3 all\u00ed y por qu\u00e9. La serie sigue su viaje a trav\u00e9s de una Francia rota, pero resistente mientras espera encontrar el camino de regreso a casa. Sin embargo, a medida que hace el viaje, las conexiones que forma a lo largo del camino complican su plan final\u201d, resume la sinopsis de este\u00a0<i>spin-off<\/i>.<\/p>\n<p class=\"paragraph\" data-mrf-recirculation=\"Links inline\">Mientras que, una de las derivaciones m\u00e1s esperadas de este universo ser\u00e1 la ficci\u00f3n protagonizada por\u00a0<b>Andrew Lincoln<\/b>\u00a0y\u00a0<b>Danai Gurira<\/b>, como Rick y Michonne respectivamente, que contar\u00e1 con seis episodios. Aunque no se develaron muchos detalles, se supone que contar\u00e1 lo acontecido en el tiempo en que Rick fue capturado, todo lo que padeci\u00f3 all\u00ed y tambi\u00e9n esta odisea que llevar\u00eda a cabo Michonne para encontrarlo. \u201cRichonne\u00a0<i>spin-off<\/i>. 2023. La pre-producci\u00f3n est\u00e1 en pleno apogeo. \u00a1Lo estamos logrando!\u201d, as\u00ed lo anunciaba Gurira en sus redes sociales.<\/p>\n<div class=\"visual__image\"><img loading=\"lazy\" decoding=\"async\" class=\"\" src=\"https:\/\/cloudfront-us-east-1.images.arcpublishing.com\/infobae\/372TB6HNZFEORF2PWXLBNQENRU.jpg\" sizes=\"auto, (min-width: 800px) 50vw, 90vw\" srcset=\"https:\/\/www.infobae.com\/new-resizer\/xSMzVDJLcjsInJ9n9dBx6D2zYE8=\/420x236\/filters:format(webp):quality(85)\/cloudfront-us-east-1.images.arcpublishing.com\/infobae\/372TB6HNZFEORF2PWXLBNQENRU.jpg 420w,https:\/\/www.infobae.com\/new-resizer\/NRfMOqpDUsE9zwVHwLmr3s-oSn4=\/768x432\/filters:format(webp):quality(85)\/cloudfront-us-east-1.images.arcpublishing.com\/infobae\/372TB6HNZFEORF2PWXLBNQENRU.jpg 768w,https:\/\/www.infobae.com\/new-resizer\/3yZMgaF0s2pXR8eZjQZ-MHFUQcA=\/992x558\/filters:format(webp):quality(85)\/cloudfront-us-east-1.images.arcpublishing.com\/infobae\/372TB6HNZFEORF2PWXLBNQENRU.jpg 992w,https:\/\/www.infobae.com\/new-resizer\/YMEyX96N-saVAqdFgAz2mkEWcBM=\/1200x675\/filters:format(webp):quality(85)\/cloudfront-us-east-1.images.arcpublishing.com\/infobae\/372TB6HNZFEORF2PWXLBNQENRU.jpg 1200w,https:\/\/www.infobae.com\/new-resizer\/2AJSMSHlWABBpe1yYs1cipwk3P4=\/1440x810\/filters:format(webp):quality(85)\/cloudfront-us-east-1.images.arcpublishing.com\/infobae\/372TB6HNZFEORF2PWXLBNQENRU.jpg 1440w\" alt=\"La primera imagen de la producci\u00f3n sobre Rick y Michonne, dos de los protagonistas de &quot;The Walking Dead&quot;. (AMC)\" width=\"1920\" height=\"1080\" \/><\/div>\n<p class=\"paragraph\" data-mrf-recirculation=\"Links inline\">Puedes ver las temporadas anteriores de\u00a0<i><b>Fear the Walking Dead\u00a0<\/b><\/i>en Prime Video.<\/p>\n","protected":false},"excerpt":{"rendered":"<p>El lunes 15 de mayo, se estrenan los primeros episodios de la octava y \u00faltima temporada de la serie precuela. Los fan\u00e1ticos de\u00a0Fear The Walking Dead\u00a0comenzar\u00e1n a despedirse de a poco a partir del lunes pr\u00f3ximo, cuando inicie la emisi\u00f3n de los cap\u00edtulos finales.\u00a0Esta \u00faltima entrega contar\u00e1 con 12 nuevos episodios, que se dividir\u00e1n en [&hellip;]<\/p>\n","protected":false},"author":1,"featured_media":97819,"comment_status":"closed","ping_status":"closed","sticky":false,"template":"","format":"standard","meta":{"_seopress_robots_primary_cat":"","_seopress_titles_title":"","_seopress_titles_desc":"","_seopress_robots_index":"","footnotes":""},"categories":[3],"tags":[36996,19528],"class_list":{"0":"post-97818","1":"post","2":"type-post","3":"status-publish","4":"format-standard","5":"has-post-thumbnail","7":"category-cine-y-series","8":"tag-fear-the-walking-dead-spin-off","9":"tag-fear-the-walking-dead"},"_links":{"self":[{"href":"https:\/\/www.cordobatimes.com\/showup\/wp-json\/wp\/v2\/posts\/97818","targetHints":{"allow":["GET"]}}],"collection":[{"href":"https:\/\/www.cordobatimes.com\/showup\/wp-json\/wp\/v2\/posts"}],"about":[{"href":"https:\/\/www.cordobatimes.com\/showup\/wp-json\/wp\/v2\/types\/post"}],"author":[{"embeddable":true,"href":"https:\/\/www.cordobatimes.com\/showup\/wp-json\/wp\/v2\/users\/1"}],"replies":[{"embeddable":true,"href":"https:\/\/www.cordobatimes.com\/showup\/wp-json\/wp\/v2\/comments?post=97818"}],"version-history":[{"count":0,"href":"https:\/\/www.cordobatimes.com\/showup\/wp-json\/wp\/v2\/posts\/97818\/revisions"}],"wp:featuredmedia":[{"embeddable":true,"href":"https:\/\/www.cordobatimes.com\/showup\/wp-json\/wp\/v2\/media\/97819"}],"wp:attachment":[{"href":"https:\/\/www.cordobatimes.com\/showup\/wp-json\/wp\/v2\/media?parent=97818"}],"wp:term":[{"taxonomy":"category","embeddable":true,"href":"https:\/\/www.cordobatimes.com\/showup\/wp-json\/wp\/v2\/categories?post=97818"},{"taxonomy":"post_tag","embeddable":true,"href":"https:\/\/www.cordobatimes.com\/showup\/wp-json\/wp\/v2\/tags?post=97818"}],"curies":[{"name":"wp","href":"https:\/\/api.w.org\/{rel}","templated":true}]}}