{"id":97812,"date":"2023-05-08T18:36:10","date_gmt":"2023-05-08T21:36:10","guid":{"rendered":"https:\/\/www.cordobatimes.com\/showup\/?p=97812"},"modified":"2023-05-08T18:36:10","modified_gmt":"2023-05-08T21:36:10","slug":"la-influencer-del-video-intimo-con-tomas-holder-conto-que-descubrio-un-detalle-inesperado-en-la-grabacion","status":"publish","type":"post","link":"https:\/\/www.cordobatimes.com\/showup\/influencers\/2023\/05\/08\/la-influencer-del-video-intimo-con-tomas-holder-conto-que-descubrio-un-detalle-inesperado-en-la-grabacion\/","title":{"rendered":"La influencer del video \u00edntimo con Tom\u00e1s Holder cont\u00f3 que descubri\u00f3 un detalle inesperado en la grabaci\u00f3n"},"content":{"rendered":"<h3><strong>La joven popularmente conocida como Aguz Tana lo comparti\u00f3 en sus redes sociales.<\/strong><\/h3>\n<p>\u201cBuen d\u00eda. Pens\u00e9 que la tormenta ya se hab\u00eda ido, hasta que me lleg\u00f3 nueva info\u201d, escribi\u00f3 en su cuenta de Instagram\u00a0Agustina, la influencer que se grab\u00f3 teniendo relaciones sexuales con Tom\u00e1s Holder\u00a0y cuyo video se filtr\u00f3 la semana pasada.<\/p>\n<p>La joven popularmente conocida en las redes sociales como\u00a0La Tanita, cont\u00f3 que fue un usuario an\u00f3nimo fue quien le hizo notar un detalle sobre las im\u00e1genes difundidas. \u201cAnoche un seguidor me escribi\u00f3 y me puso:\u00a0\u2018Tana, \u00bfte diste cuenta de que en el video que se filtr\u00f3 habla una cordobesa?\u2019. Entr\u00e9, cheque\u00e9 el video y es verdad: al final del video se escucha a una mina con la tonada cordobesa\u201d, cont\u00f3 Agustina en su relato. Y agreg\u00f3: \u201c\u00bfY adivinen qui\u00e9n estuvo en C\u00f3rdoba hace unos pocos d\u00edas?\u201d. Cuando termin\u00f3 de hablar mir\u00f3 a c\u00e1mara y cerr\u00f3 los ojos en signo de lamento.<\/p>\n<p>Quien d\u00edas atr\u00e1s estuvo en la provincia mediterr\u00e1nea es el propio Holder, precisamente. Incluso algunos medios locales reflejaron este hecho: el joven rosarino fue a la cancha a ver un partido de\u00a0Belgrano, de buena campa\u00f1a en Primera Divisi\u00f3n. Agustina, sin embargo, no aclara si se refiere a esta visita.<\/p>\n<p>Ahora bien, la semana pasada -cuando el video \u00edntimo comenz\u00f3 a circular en las redes sociales- tanto La Tanita como el exparticipante de\u00a0Gran Hermano\u00a0aseguraron en los medios que ninguno de los dos hab\u00eda sido el responsable de su filtraci\u00f3n. En las im\u00e1genes difundidas, queda claro que alguien lo graba filmando la pantalla del celular en el que se reproduce el mencionado video; es entonces cuando se escucha la voz de una joven cordobesa.<\/p>\n<p>La sospecha de Agustina ser\u00eda esa: Holder permiti\u00f3 que alguien grabara el video \u00edntimo desde su propio celular, permitiendo su posterior divulgaci\u00f3n y, de ser as\u00ed, vulnerando su intimidad.<\/p>\n<p>\u201cEl video que se filtr\u00f3 es algo que pas\u00f3 hace dos meses y pico\u201d,\u00a0hab\u00eda dicho ella cuando se enter\u00f3 que apareci\u00f3 el video. Y sobre el v\u00ednculo con Holder, asegur\u00f3:\u00a0\u201cEs un amor, es un divino, creo que est\u00e1bamos para diferentes cosas y cada uno buscaba un rumbo diferente\u201d. Por su parte, aclar\u00f3 que actualmente est\u00e1 en pareja, aunque no quiso dar m\u00e1s precisiones sobre su relaci\u00f3n. Adem\u00e1s, sostuvo que ella no filtr\u00f3 el material: \u201cLo mandaron por WhatsApp modo bombita y alguien lo grab\u00f3 desde otro celular. Juro que yo no fui, a todo mi contenido le pongo marca de agua\u201d.<\/p>\n<div style=\"width: 640px;\" class=\"wp-video\"><video class=\"wp-video-shortcode\" id=\"video-97812-1\" width=\"640\" height=\"1138\" preload=\"metadata\" controls=\"controls\"><source type=\"video\/mp4\" src=\"https:\/\/www.cordobatimes.com\/showup\/wp-content\/uploads\/2023\/05\/WWE8AX9L-34105381.mp4?_=1\" \/><a href=\"https:\/\/www.cordobatimes.com\/showup\/wp-content\/uploads\/2023\/05\/WWE8AX9L-34105381.mp4\">https:\/\/www.cordobatimes.com\/showup\/wp-content\/uploads\/2023\/05\/WWE8AX9L-34105381.mp4<\/a><\/video><\/div>\n<p>Toma\u0301s Holder Hablo\u0301 Del Video Que Se Filtro\u0301<\/p>\n<p>0 seconds of 56 secondsVolume 73.6570184881037%<\/p>\n<p>&nbsp;<\/p>\n","protected":false},"excerpt":{"rendered":"<p>La joven popularmente conocida como Aguz Tana lo comparti\u00f3 en sus redes sociales. \u201cBuen d\u00eda. Pens\u00e9 que la tormenta ya se hab\u00eda ido, hasta que me lleg\u00f3 nueva info\u201d, escribi\u00f3 en su cuenta de Instagram\u00a0Agustina, la influencer que se grab\u00f3 teniendo relaciones sexuales con Tom\u00e1s Holder\u00a0y cuyo video se filtr\u00f3 la semana pasada. La joven [&hellip;]<\/p>\n","protected":false},"author":1,"featured_media":97788,"comment_status":"closed","ping_status":"closed","sticky":false,"template":"","format":"standard","meta":{"_seopress_robots_primary_cat":"","_seopress_titles_title":"","_seopress_titles_desc":"","_seopress_robots_index":"","footnotes":""},"categories":[23136],"tags":[36991,36984,36992,36976],"class_list":{"0":"post-97812","1":"post","2":"type-post","3":"status-publish","4":"format-standard","5":"has-post-thumbnail","7":"category-influencers","8":"tag-influencer-del-video-intimo-con-tomas-holder","9":"tag-tomas-holder","10":"tag-video-intimo-con-tomas-holder","11":"tag-video-intimo-tomas-holder"},"_links":{"self":[{"href":"https:\/\/www.cordobatimes.com\/showup\/wp-json\/wp\/v2\/posts\/97812","targetHints":{"allow":["GET"]}}],"collection":[{"href":"https:\/\/www.cordobatimes.com\/showup\/wp-json\/wp\/v2\/posts"}],"about":[{"href":"https:\/\/www.cordobatimes.com\/showup\/wp-json\/wp\/v2\/types\/post"}],"author":[{"embeddable":true,"href":"https:\/\/www.cordobatimes.com\/showup\/wp-json\/wp\/v2\/users\/1"}],"replies":[{"embeddable":true,"href":"https:\/\/www.cordobatimes.com\/showup\/wp-json\/wp\/v2\/comments?post=97812"}],"version-history":[{"count":0,"href":"https:\/\/www.cordobatimes.com\/showup\/wp-json\/wp\/v2\/posts\/97812\/revisions"}],"wp:featuredmedia":[{"embeddable":true,"href":"https:\/\/www.cordobatimes.com\/showup\/wp-json\/wp\/v2\/media\/97788"}],"wp:attachment":[{"href":"https:\/\/www.cordobatimes.com\/showup\/wp-json\/wp\/v2\/media?parent=97812"}],"wp:term":[{"taxonomy":"category","embeddable":true,"href":"https:\/\/www.cordobatimes.com\/showup\/wp-json\/wp\/v2\/categories?post=97812"},{"taxonomy":"post_tag","embeddable":true,"href":"https:\/\/www.cordobatimes.com\/showup\/wp-json\/wp\/v2\/tags?post=97812"}],"curies":[{"name":"wp","href":"https:\/\/api.w.org\/{rel}","templated":true}]}}