{"id":9776,"date":"2014-01-21T14:39:57","date_gmt":"2014-01-21T17:39:57","guid":{"rendered":"http:\/\/cordobatimes.com\/showup\/?p=9776"},"modified":"2019-12-05T20:24:01","modified_gmt":"2019-12-05T23:24:01","slug":"es-una-soreteada-lo-de-ale-sergi-esta-lucrando-conmigo","status":"publish","type":"post","link":"https:\/\/www.cordobatimes.com\/showup\/famosos\/2014\/01\/21\/es-una-soreteada-lo-de-ale-sergi-esta-lucrando-conmigo\/","title":{"rendered":"\u00abEs una soreteada lo de Ale Sergi, est\u00e1 lucrando conmigo\u00bb"},"content":{"rendered":"<h3 style=\"text-align: justify;\"><strong>Andrea Rinc\u00f3n visit\u00f3 el piso de Am por la pantalla de Telefe y dijo de todo. No te pierdas esta nota con las declaraciones de la morocha.<\/strong><\/h3>\n<p style=\"text-align: justify;\">\u00abEs una soreteada lo de Ale Sergi; est\u00e1 lucrando conmigo. Que vaya a promocionar \u00e9l su tema, no puede ser tan mala persona. A m\u00ed me pas\u00f3 algo muy jodido para que me haga algo as\u00ed\u00bb, dispar\u00f3 Rinc\u00f3n con respecto a la nueva canci\u00f3n difusi\u00f3n de Miranda! \u00a0\u00abExtra\u00f1o\u00bb en el que la morocha afirma que habla de ella.<\/p>\n<p>En una nota con la periodista Pia Shaw, Sergi asegur\u00f3: \u00a0\u00abLa canci\u00f3n la vengo trabajando hace m\u00e1s de un a\u00f1o. Me gusta que se identifiquen con las canciones y escribo sobre lo que me pasa. Entiendo que sienta identificaci\u00f3n y es bienvenida, no es mala onda la canci\u00f3n. Me alegro que ya est\u00e9 trabajando de vuelta\u00bb, explic\u00f3 el vocalista de Miranda!, \u00a0dejando bien claro que no se tratar\u00eda de Andrea.<\/p>\n<p style=\"text-align: justify;\">Lo cierto es que el tema difusi\u00f3n tiene una letra muy particular en el que se podr\u00eda identificar caracter\u00edsticas muy personales de Rinc\u00f3n.<\/p>\n<p style=\"text-align: justify;\">Te lo dejamos para que vos saques tus propias conclusiones.<\/p>\n<p><iframe loading=\"lazy\" src=\"\/\/www.youtube.com\/embed\/gWKKNnCc-hA\" width=\"560\" height=\"315\" frameborder=\"0\" allowfullscreen=\"allowfullscreen\"><\/iframe><\/p>\n","protected":false},"excerpt":{"rendered":"<p>Andrea Rinc\u00f3n visit\u00f3 el piso de Am por la pantalla de Telefe y dijo de todo. No te pierdas esta nota con las declaraciones de la morocha. \u00abEs una soreteada lo de Ale Sergi; est\u00e1 lucrando conmigo. Que vaya a promocionar \u00e9l su tema, no puede ser tan mala persona. A m\u00ed me pas\u00f3 algo [&hellip;]<\/p>\n","protected":false},"author":9,"featured_media":9783,"comment_status":"closed","ping_status":"closed","sticky":false,"template":"","format":"standard","meta":{"_seopress_robots_primary_cat":"","_seopress_titles_title":"","_seopress_titles_desc":"","_seopress_robots_index":"","footnotes":""},"categories":[4],"tags":[25326,25325,25327],"class_list":{"0":"post-9776","1":"post","2":"type-post","3":"status-publish","4":"format-standard","5":"has-post-thumbnail","7":"category-famosos","8":"tag-ale-sergi-le-escribio-una-cancion-a-andrea-rincon","9":"tag-andrea-rincon-y-ale-sergi","10":"tag-la-cancion-de-ale-sergi-para-andrea-rincon"},"_links":{"self":[{"href":"https:\/\/www.cordobatimes.com\/showup\/wp-json\/wp\/v2\/posts\/9776","targetHints":{"allow":["GET"]}}],"collection":[{"href":"https:\/\/www.cordobatimes.com\/showup\/wp-json\/wp\/v2\/posts"}],"about":[{"href":"https:\/\/www.cordobatimes.com\/showup\/wp-json\/wp\/v2\/types\/post"}],"author":[{"embeddable":true,"href":"https:\/\/www.cordobatimes.com\/showup\/wp-json\/wp\/v2\/users\/9"}],"replies":[{"embeddable":true,"href":"https:\/\/www.cordobatimes.com\/showup\/wp-json\/wp\/v2\/comments?post=9776"}],"version-history":[{"count":0,"href":"https:\/\/www.cordobatimes.com\/showup\/wp-json\/wp\/v2\/posts\/9776\/revisions"}],"wp:featuredmedia":[{"embeddable":true,"href":"https:\/\/www.cordobatimes.com\/showup\/wp-json\/wp\/v2\/media\/9783"}],"wp:attachment":[{"href":"https:\/\/www.cordobatimes.com\/showup\/wp-json\/wp\/v2\/media?parent=9776"}],"wp:term":[{"taxonomy":"category","embeddable":true,"href":"https:\/\/www.cordobatimes.com\/showup\/wp-json\/wp\/v2\/categories?post=9776"},{"taxonomy":"post_tag","embeddable":true,"href":"https:\/\/www.cordobatimes.com\/showup\/wp-json\/wp\/v2\/tags?post=9776"}],"curies":[{"name":"wp","href":"https:\/\/api.w.org\/{rel}","templated":true}]}}